{"id":2535,"date":"2011-06-13T18:06:14","date_gmt":"2011-06-13T21:06:14","guid":{"rendered":"http:\/\/ultimato.com.br\/sites\/blogdaultimato\/?p=2535"},"modified":"2011-06-13T18:07:39","modified_gmt":"2011-06-13T21:07:39","slug":"voce-sabe-por-que-ele-esta-preso","status":"publish","type":"post","link":"https:\/\/ultimato.com.br\/sites\/blogdaultimato\/2011\/06\/13\/voce-sabe-por-que-ele-esta-preso\/","title":{"rendered":"Voc\u00ea sabe por que ele est\u00e1 preso?"},"content":{"rendered":"<p>No pr\u00f3ximo domingo, 19 de junho, muitas igrejas no Brasil v\u00e3o dedicar aten\u00e7\u00e3o especial em suas ora\u00e7\u00f5es a irm\u00e3os distantes, que n\u00e3o usufruem de um direito b\u00e1sico:\u00a0 A LIBERBDADE. S\u00e3o mais de 100 milh\u00f5es de crist\u00e3os ao redor do mundo perseguidos por causa de sua f\u00e9. Trata-se do <a href=\"http:\/\/www.domingodaigrejaperseguida.org.br\/\" target=\"_blank\">Domingo da Igreja Perseguida<\/a>, organizado pela <a href=\"http:\/\/portasabertas.org.br\/\" target=\"_blank\">Miss\u00e3o Portas Abertas<\/a>, minist\u00e9rio dedicado ao trabalho em contextos hostis ao Evangelho.<!--more--><\/p>\n<p>Aqui na Ultimato, decidimos que um dia s\u00f3 \u00e9 muito pouco e, durante toda esta semana, vamos relembrar conte\u00fados, divulgar hist\u00f3rias e levantar contatos de pessoas e minist\u00e9rios envolvidos na intercess\u00e3o e no suporte de crist\u00e3os perseguidos. Se voc\u00ea quer falar conosco, utilize o e-mail <a href=\"ultimatoonline@ultimato.com.br\" target=\"_blank\">ultimatoonline@ultimato.com.br<\/a> ou poste nos nossos coment\u00e1rios.<\/p>\n<p>A primeira hist\u00f3ria que trazemos ao blog \u00e9 da irm\u00e3 Ana Paula Maciel, de Belo Horizonte.<\/p>\n<p><a href=\"http:\/\/ultimato.com.br\/sites\/blogdaultimato\/files\/2011\/06\/wallpaper1.jpg\" class=\"lightview\" data-lightview-group=\"group-2535\" data-lightview-options=\"skin: 'dark', controls: 'relative', padding: '10', shadow: { color: '#000000', opacity: 0.08, blur: 3 }\" data-lightview-title=\"wallpaper1\"><img loading=\"lazy\" decoding=\"async\" class=\"alignleft size-full wp-image-2536\" title=\"wallpaper1\" src=\"http:\/\/ultimato.com.br\/sites\/blogdaultimato\/files\/2011\/06\/wallpaper1.jpg\" alt=\"\" width=\"304\" height=\"232\" \/><\/a><\/p>\n<p><em>H\u00e1 cerca de cinco anos ganhei de minha irm\u00e3 Carla, da Igreja Sal da Terra de Uberl\u00e2ndia, um exemplar da revista produzida pela Miss\u00e3o Portas Abertas. Ali tive o primeiro contato com informa\u00e7\u00f5es a respeito de crist\u00e3os perseguidos, tais como testemunhos, pedidos de ora\u00e7\u00e3o e not\u00edcias sobre pa\u00edses onde h\u00e1 restri\u00e7\u00e3o religiosa. Como milhares de pessoas, eu n\u00e3o fazia id\u00e9ia de que esse tipo de coisa \u2013 discrimina\u00e7\u00e3o, pris\u00e3o e mesmo assassinatos \u2013 acontecia nos tempos atuais simplesmente pela escolha de seguir a Jesus Cristo.<\/em><\/p>\n<p><em> <\/em><\/p>\n<p><em> <\/em><\/p>\n<p><em> <\/em><\/p>\n<p><em>A partir desta \u00e9poca, assinei a revista e me tornei uma parceira. Divulgava e repassava minhas revistas para amigos e pessoas crist\u00e3s para que pudessem se envolver tamb\u00e9m, levando este conhecimento adiante. H\u00e1 alguns anos, me tornei correspondente local da Miss\u00e3o Portas Abertas. A tarefa, que eu j\u00e1 punha em pr\u00e1tica, era a de levar a conhecimento da igreja e dos crist\u00e3os que eu encontrasse por a\u00ed a realidade da persegui\u00e7\u00e3o religiosa.<\/em><\/p>\n<p><em> <\/em><\/p>\n<p><em> <\/em><\/p>\n<p><em> <\/em><\/p>\n<p><em>No cumprimento do meu desafio, passei por per\u00edodos de des\u00e2nimo e abatimento. S\u00e3o muitas as not\u00edcias de dor e desespero. Mas h\u00e1 tamb\u00e9m as not\u00edcias de vit\u00f3ria, que recompensam: irm\u00e3os sendo libertos da pris\u00e3o, presos levando muitos a Cristo, vi\u00favas conseguindo superar as dificuldades e aqueles que persistem amando Jesus apesar de tudo.<\/em><\/p>\n<p><em> <\/em><\/p>\n<p><em> <\/em><\/p>\n<p><em> <\/em><\/p>\n<p><em>A igreja perseguida \u00e9 um exemplo para n\u00f3s, que muitas vezes desanimamos por t\u00e3o pouco; que n\u00e3o lemos a B\u00edblia apesar de termos, muitas vezes, mais de um exemplar em casa; que n\u00e3o vamos ao culto por pregui\u00e7a ou cansa\u00e7o; que n\u00e3o louvamos a Deus audivelmente apesar de termos instrumentos e grupos estruturados; que n\u00e3o usufru\u00edmos de nossa <strong>liberdade<\/strong>.<\/em><\/p>\n<p><em> <\/em><\/p>\n<p><em> <\/em><\/p>\n<p><em> <\/em><\/p>\n<p><em>Minha ora\u00e7\u00e3o hoje \u00e9 que Deus incomode muito o meu e o seu cora\u00e7\u00e3o, para que n\u00e3o nos esque\u00e7amos dos irm\u00e3os da igreja perseguida e para que eles estejam sempre em nossas ora\u00e7\u00f5es.<\/em><\/p>\n","protected":false},"excerpt":{"rendered":"<p>No pr\u00f3ximo domingo, 19 de junho, muitas igrejas no Brasil v\u00e3o dedicar aten\u00e7\u00e3o especial em suas ora\u00e7\u00f5es a irm\u00e3os distantes, que n\u00e3o usufruem de um direito b\u00e1sico:\u00a0 A LIBERBDADE. S\u00e3o mais de 100 milh\u00f5es de crist\u00e3os ao redor do mundo perseguidos por causa de sua f\u00e9. Trata-se do Domingo da Igreja Perseguida, organizado pela Miss\u00e3o [&#8230;]<\/p>\n","protected":false},"author":21,"featured_media":0,"comment_status":"open","ping_status":"open","sticky":false,"template":"","format":"standard","meta":{"ngg_post_thumbnail":0,"footnotes":""},"categories":[6114],"tags":[],"class_list":["post-2535","post","type-post","status-publish","format-standard","hentry","category-ultimas-de-la"],"_links":{"self":[{"href":"https:\/\/ultimato.com.br\/sites\/blogdaultimato\/wp-json\/wp\/v2\/posts\/2535","targetHints":{"allow":["GET"]}}],"collection":[{"href":"https:\/\/ultimato.com.br\/sites\/blogdaultimato\/wp-json\/wp\/v2\/posts"}],"about":[{"href":"https:\/\/ultimato.com.br\/sites\/blogdaultimato\/wp-json\/wp\/v2\/types\/post"}],"author":[{"embeddable":true,"href":"https:\/\/ultimato.com.br\/sites\/blogdaultimato\/wp-json\/wp\/v2\/users\/21"}],"replies":[{"embeddable":true,"href":"https:\/\/ultimato.com.br\/sites\/blogdaultimato\/wp-json\/wp\/v2\/comments?post=2535"}],"version-history":[{"count":5,"href":"https:\/\/ultimato.com.br\/sites\/blogdaultimato\/wp-json\/wp\/v2\/posts\/2535\/revisions"}],"predecessor-version":[{"id":2540,"href":"https:\/\/ultimato.com.br\/sites\/blogdaultimato\/wp-json\/wp\/v2\/posts\/2535\/revisions\/2540"}],"wp:attachment":[{"href":"https:\/\/ultimato.com.br\/sites\/blogdaultimato\/wp-json\/wp\/v2\/media?parent=2535"}],"wp:term":[{"taxonomy":"category","embeddable":true,"href":"https:\/\/ultimato.com.br\/sites\/blogdaultimato\/wp-json\/wp\/v2\/categories?post=2535"},{"taxonomy":"post_tag","embeddable":true,"href":"https:\/\/ultimato.com.br\/sites\/blogdaultimato\/wp-json\/wp\/v2\/tags?post=2535"}],"curies":[{"name":"wp","href":"https:\/\/api.w.org\/{rel}","templated":true}]}}