{"id":2475,"date":"2011-05-20T11:12:39","date_gmt":"2011-05-20T14:12:39","guid":{"rendered":"http:\/\/ultimato.com.br\/sites\/blogdaultimato\/?p=2475"},"modified":"2011-05-20T11:21:57","modified_gmt":"2011-05-20T14:21:57","slug":"comissionados-a-perguntar-o-que-sera-deste-menino","status":"publish","type":"post","link":"https:\/\/ultimato.com.br\/sites\/blogdaultimato\/2011\/05\/20\/comissionados-a-perguntar-o-que-sera-deste-menino\/","title":{"rendered":"Comissionados a perguntar: O que ser\u00e1 deste menino?"},"content":{"rendered":"<p><em><a href=\"http:\/\/ultimato.com.br\/sites\/blogdaultimato\/files\/2011\/05\/20_05_blogult_oracao.jpg\" class=\"lightview\" data-lightview-group=\"group-2475\" data-lightview-options=\"skin: 'dark', controls: 'relative', padding: '10', shadow: { color: '#000000', opacity: 0.08, blur: 3 }\" data-lightview-title=\"20_05_blogult_oracao\"><img loading=\"lazy\" decoding=\"async\" class=\"alignleft size-medium wp-image-2478\" title=\"20_05_blogult_oracao\" src=\"http:\/\/ultimato.com.br\/sites\/blogdaultimato\/files\/2011\/05\/20_05_blogult_oracao-199x300.jpg\" alt=\"\" width=\"156\" height=\"233\" \/><\/a>Enviado por Kl\u00eania Fassoni<\/em><\/p>\n<p>N\u00e3o h\u00e1 m\u00e3e que n\u00e3o se tenha feito esta pergunta: \u201cO que ser\u00e1 desta menina, o que ser\u00e1 deste menino?\u201d. Nossas av\u00f3s se perguntaram isto. Nossas m\u00e3es e n\u00f3s tamb\u00e9m o fizemos, e nossos filhos far\u00e3o a mesma indaga\u00e7\u00e3o acerca de seus filhos. E \u2013 mesmo crescidos os filhos \u2013 as m\u00e3es continuar\u00e3o a fazer esta pergunta a respeito deles.<\/p>\n<p>A pergunta n\u00e3o tem nada a ver com \u201cinutilidade da inf\u00e2ncia\u201d. Esta pergunta \u00e9 feita com os olhos e m\u00e3os voltados para o agora. A m\u00e3e sabe que o filho ser\u00e1 no futuro uma continuidade do que ele \u00e9 hoje.<!--more--><\/p>\n<p>Talvez Deus tenha comissionado as m\u00e3es (e tamb\u00e9m os pais, os av\u00f3s e os tios&#8230;) para esta miss\u00e3o espec\u00edfica: perguntar \u201co que ser\u00e1 deste menino, desta menina?\u201d. A pergunta \u00e9 ret\u00f3rica. Na verdade ela \u00e9 muito mais uma torcida, uma express\u00e3o de expectativas.<\/p>\n<p>M\u00e3es e pais sabem que os filhos t\u00eam valor, e que nascem para ter um futuro. N\u00e3o se contentam que seus filhos e filhas sejam menos do que ao que vieram. N\u00e3o s\u00e3o fatalistas. E sabem que o \u201cmar n\u00e3o est\u00e1 pra peixe\u201d, est\u00e3o conscientes de que os filhos passar\u00e3o por dificuldades, de que o apoio dos pais por melhor que seja ainda \u00e9 falho, insuficiente, e que os filhos \u2013 como os pais \u2013 s\u00e3o seres divididos, com poder para amea\u00e7ar sua pr\u00f3pria dignidade.<\/p>\n<p>Mas n\u00e3o se trata de uma torcida, apenas. \u00c9 uma provis\u00e3o de cercas, incentivos, ensino, prote\u00e7\u00e3o, cuidados, promo\u00e7\u00e3o; um misto de preocupa\u00e7\u00f5es, entrega, luta, ang\u00fastia, alegria, al\u00edvio, e, para as m\u00e3es e pais crentes, acima de tudo intercess\u00e3o. Oramos por nossos filhos expressando as nossas mais santas e nobres expectativas, e contando que Deus vai gui\u00e1-los para que sejam de fato quem devem ser. Diante de Deus, nossos pedidos e anelos refletem o que Ele quer de n\u00f3s.<\/p>\n<p>No primeiro final de semana de junho (dias 3 a 5), teremos a oportunidade de exercer esta voca\u00e7\u00e3o orando por crian\u00e7as em situa\u00e7\u00e3o de risco. Muitas delas n\u00e3o t\u00eam quem por elas pergunte: \u201co que ser\u00e1 desta menina, o que ser\u00e1 deste menino?\u201d.<\/p>\n<p>Muita coisa pode acontecer se pais, m\u00e3es, jovens, crian\u00e7as, orarem por estes meninos e meninas como se fossem seus filhos ou irm\u00e3os. E Deus se agrada disto!<\/p>\n<p>Participe do <a href=\"http:\/\/maosdadas.org\/rede\/mmo\/\" target=\"_blank\">Mutir\u00e3o de Ora\u00e7\u00e3o<\/a>.\ufeff<\/p>\n","protected":false},"excerpt":{"rendered":"<p>Enviado por Kl\u00eania Fassoni<br \/>\nN\u00e3o h\u00e1 m\u00e3e que n\u00e3o se tenha feito esta pergunta: \u201cO que ser\u00e1 desta menina, o que ser\u00e1 deste menino?\u201d. Nossas av\u00f3s se perguntaram isto. Nossas m\u00e3es e n\u00f3s tamb\u00e9m o fizemos, e nossos filhos far\u00e3o a mesma indaga\u00e7\u00e3o acerca de seus filhos. E \u2013 mesmo crescidos os filhos \u2013 as m\u00e3es [&#8230;]<\/p>\n","protected":false},"author":21,"featured_media":0,"comment_status":"open","ping_status":"open","sticky":false,"template":"","format":"standard","meta":{"ngg_post_thumbnail":0,"footnotes":""},"categories":[5153],"tags":[],"class_list":["post-2475","post","type-post","status-publish","format-standard","hentry","category-prateleira"],"_links":{"self":[{"href":"https:\/\/ultimato.com.br\/sites\/blogdaultimato\/wp-json\/wp\/v2\/posts\/2475","targetHints":{"allow":["GET"]}}],"collection":[{"href":"https:\/\/ultimato.com.br\/sites\/blogdaultimato\/wp-json\/wp\/v2\/posts"}],"about":[{"href":"https:\/\/ultimato.com.br\/sites\/blogdaultimato\/wp-json\/wp\/v2\/types\/post"}],"author":[{"embeddable":true,"href":"https:\/\/ultimato.com.br\/sites\/blogdaultimato\/wp-json\/wp\/v2\/users\/21"}],"replies":[{"embeddable":true,"href":"https:\/\/ultimato.com.br\/sites\/blogdaultimato\/wp-json\/wp\/v2\/comments?post=2475"}],"version-history":[{"count":6,"href":"https:\/\/ultimato.com.br\/sites\/blogdaultimato\/wp-json\/wp\/v2\/posts\/2475\/revisions"}],"predecessor-version":[{"id":2482,"href":"https:\/\/ultimato.com.br\/sites\/blogdaultimato\/wp-json\/wp\/v2\/posts\/2475\/revisions\/2482"}],"wp:attachment":[{"href":"https:\/\/ultimato.com.br\/sites\/blogdaultimato\/wp-json\/wp\/v2\/media?parent=2475"}],"wp:term":[{"taxonomy":"category","embeddable":true,"href":"https:\/\/ultimato.com.br\/sites\/blogdaultimato\/wp-json\/wp\/v2\/categories?post=2475"},{"taxonomy":"post_tag","embeddable":true,"href":"https:\/\/ultimato.com.br\/sites\/blogdaultimato\/wp-json\/wp\/v2\/tags?post=2475"}],"curies":[{"name":"wp","href":"https:\/\/api.w.org\/{rel}","templated":true}]}}