{"id":2456,"date":"2011-05-11T17:06:52","date_gmt":"2011-05-11T20:06:52","guid":{"rendered":"http:\/\/ultimato.com.br\/sites\/blogdaultimato\/?p=2456"},"modified":"2011-08-22T12:45:19","modified_gmt":"2011-08-22T15:45:19","slug":"adivinhe-quem-veio-para-o-cafe","status":"publish","type":"post","link":"https:\/\/ultimato.com.br\/sites\/blogdaultimato\/2011\/05\/11\/adivinhe-quem-veio-para-o-cafe\/","title":{"rendered":"Adivinhe quem veio para o caf\u00e9?"},"content":{"rendered":"<p><em><a href=\"http:\/\/ultimato.com.br\/sites\/blogdaultimato\/files\/2011\/05\/11_05_blogult1.jpg\" class=\"lightview\" data-lightview-group=\"group-2456\" data-lightview-options=\"skin: 'dark', controls: 'relative', padding: '10', shadow: { color: '#000000', opacity: 0.08, blur: 3 }\" data-lightview-title=\"11_05_blogult\"><img loading=\"lazy\" decoding=\"async\" class=\"alignright size-medium wp-image-2463\" title=\"11_05_blogult\" src=\"http:\/\/ultimato.com.br\/sites\/blogdaultimato\/files\/2011\/05\/11_05_blogult1-233x300.jpg\" alt=\"\" width=\"163\" height=\"210\" srcset=\"https:\/\/ultimato.com.br\/sites\/blogdaultimato\/files\/2011\/05\/11_05_blogult1-233x300.jpg 233w, https:\/\/ultimato.com.br\/sites\/blogdaultimato\/files\/2011\/05\/11_05_blogult1-116x150.jpg 116w, https:\/\/ultimato.com.br\/sites\/blogdaultimato\/files\/2011\/05\/11_05_blogult1.jpg 265w\" sizes=\"auto, (max-width: 163px) 100vw, 163px\" \/><\/a>Enviado por Pabline Felix<\/em><\/p>\n<p>Ultimato recebeu ontem a visita da diretora executiva da <a href=\"http:\/\/www.cem.org.br\/site\/interserve\/conheca-a-interserve-brasil\/\" target=\"_blank\">Interserve Brasil<\/a>, D.* C\u00e9sar, para um caf\u00e9 com gosto de despedida. Esta semana, ela e Antonia van der Meer \u2013 ou Tonica, como \u00e9 conhecida, coordenadora de Desenvolvimento do <a href=\"http:\/\/www.cem.org.br\/site\/o-cem\/\" target=\"_blank\">CEM<\/a> e autora de <a href=\"http:\/\/www.ultimato.com.br\/loja\/produtos\/eu-um-missionario\" target=\"_blank\">Eu, Um Mission\u00e1rio?<\/a> e <a href=\"http:\/\/www.ultimato.com.br\/loja\/produtos\/missionarios-feridos\" target=\"_blank\">Mission\u00e1rios Feridos<\/a> \u2013 partem para uma importante viagem \u00e0 \u00c1sia. <!--more-->Elas v\u00e3o representar o Brasil em reuni\u00f5es da Interserve e visitar mission\u00e1rios que vivem em contextos dif\u00edceis, especialmente de persegui\u00e7\u00e3o religiosa.<\/p>\n<p>D. trouxe not\u00edcias de irm\u00e3os brasileiros envolvidos com trabalhos em campos de refugiados, que t\u00eam oportunidade de oferecer esperan\u00e7a a pessoas que perderam tudo; de irm\u00e3os que trabalham com o restabelecimento da dignidade de ex-prostitutas que buscam sustento fora do \u201cmercado do corpo\u201c em Calcut\u00e1, na \u00cdndia; de uma irm\u00e3 que enfrenta inseguran\u00e7a f\u00edsica no Egito. Isso nos comove.<\/p>\n<p>Daqui, da seguran\u00e7a e do conforto em Vi\u00e7osa, n\u00e3o podemos fazer muito mais do que orar pela integridade de D. e Tonica ao longo da viagem, pelo cuidado de Deus com os crist\u00e3os perseguidos no mundo inteiro e por aqueles que ficam. Parece pouco. Mas se importar \u00e9 o suficiente para manifestar o amor que nos une \u2013 e nos une ao Pai.<\/p>\n<p>*O nome completo da diretora foi suprimido por uma quest\u00e3o de seguran\u00e7a.<\/p>\n","protected":false},"excerpt":{"rendered":"<p>Enviado por Pabline Felix<br \/>\nUltimato recebeu ontem a visita da diretora executiva da Interserve Brasil, D.* C\u00e9sar, para um caf\u00e9 com gosto de despedida. Esta semana, ela e Antonia van der Meer \u2013 ou Tonica, como \u00e9 conhecida, coordenadora de Desenvolvimento do CEM e autora de Eu, Um Mission\u00e1rio? e Mission\u00e1rios Feridos \u2013 partem para uma [&#8230;]<\/p>\n","protected":false},"author":21,"featured_media":0,"comment_status":"open","ping_status":"open","sticky":false,"template":"","format":"standard","meta":{"ngg_post_thumbnail":0,"footnotes":""},"categories":[6111],"tags":[],"class_list":["post-2456","post","type-post","status-publish","format-standard","hentry","category-ultimas-de-ca"],"_links":{"self":[{"href":"https:\/\/ultimato.com.br\/sites\/blogdaultimato\/wp-json\/wp\/v2\/posts\/2456","targetHints":{"allow":["GET"]}}],"collection":[{"href":"https:\/\/ultimato.com.br\/sites\/blogdaultimato\/wp-json\/wp\/v2\/posts"}],"about":[{"href":"https:\/\/ultimato.com.br\/sites\/blogdaultimato\/wp-json\/wp\/v2\/types\/post"}],"author":[{"embeddable":true,"href":"https:\/\/ultimato.com.br\/sites\/blogdaultimato\/wp-json\/wp\/v2\/users\/21"}],"replies":[{"embeddable":true,"href":"https:\/\/ultimato.com.br\/sites\/blogdaultimato\/wp-json\/wp\/v2\/comments?post=2456"}],"version-history":[{"count":8,"href":"https:\/\/ultimato.com.br\/sites\/blogdaultimato\/wp-json\/wp\/v2\/posts\/2456\/revisions"}],"predecessor-version":[{"id":2462,"href":"https:\/\/ultimato.com.br\/sites\/blogdaultimato\/wp-json\/wp\/v2\/posts\/2456\/revisions\/2462"}],"wp:attachment":[{"href":"https:\/\/ultimato.com.br\/sites\/blogdaultimato\/wp-json\/wp\/v2\/media?parent=2456"}],"wp:term":[{"taxonomy":"category","embeddable":true,"href":"https:\/\/ultimato.com.br\/sites\/blogdaultimato\/wp-json\/wp\/v2\/categories?post=2456"},{"taxonomy":"post_tag","embeddable":true,"href":"https:\/\/ultimato.com.br\/sites\/blogdaultimato\/wp-json\/wp\/v2\/tags?post=2456"}],"curies":[{"name":"wp","href":"https:\/\/api.w.org\/{rel}","templated":true}]}}