{"id":2448,"date":"2011-05-06T14:32:19","date_gmt":"2011-05-06T17:32:19","guid":{"rendered":"http:\/\/ultimato.com.br\/sites\/blogdaultimato\/?p=2448"},"modified":"2011-08-22T12:37:37","modified_gmt":"2011-08-22T15:37:37","slug":"familia","status":"publish","type":"post","link":"https:\/\/ultimato.com.br\/sites\/blogdaultimato\/2011\/05\/06\/familia\/","title":{"rendered":"La\u00e7os s\u00f3lidos de fam\u00edlia"},"content":{"rendered":"<p><a href=\"http:\/\/ultimato.com.br\/sites\/blogdaultimato\/files\/2011\/05\/cora\u00e7\u00e3o.jpg\"><img loading=\"lazy\" decoding=\"async\" class=\"alignleft size-medium wp-image-2449\" title=\"cora\u00e7\u00e3o\" src=\"http:\/\/ultimato.com.br\/sites\/blogdaultimato\/files\/2011\/05\/cora\u00e7\u00e3o-300x225.jpg\" alt=\"\" width=\"240\" height=\"180\" srcset=\"https:\/\/ultimato.com.br\/sites\/blogdaultimato\/files\/2011\/05\/cora\u00e7\u00e3o-300x225.jpg 300w, https:\/\/ultimato.com.br\/sites\/blogdaultimato\/files\/2011\/05\/cora\u00e7\u00e3o-150x112.jpg 150w, https:\/\/ultimato.com.br\/sites\/blogdaultimato\/files\/2011\/05\/cora\u00e7\u00e3o.jpg 320w\" sizes=\"auto, (max-width: 240px) 100vw, 240px\" \/><\/a>O texto abaixo foi escrito por Allinges Mafra e publicado na <a href=\"http:\/\/www.ultimato.com.br\/revista\/283\" target=\"_blank\">edi\u00e7\u00e3o 283<\/a> de Ultimato. Em &#8220;Tempo de Fam\u00edlia&#8221; vale a pena reler o texto.<\/p>\n<p>&#8212;<\/p>\n<p><em>Deus faz que o solit\u00e1rio more em fam\u00edlia<\/em><\/p>\n<p><em>Salmos 68.6<\/em><\/p>\n<p>Que fazer, a fim de contribuir para que a fam\u00edlia venha a ser unida e est\u00e1vel?Sem d\u00favida nenhuma, para que isso aconte\u00e7a o car\u00e1ter, a forma\u00e7\u00e3o e o comportamento daqueles que a lideram \u00e9 fundamental.<\/p>\n<p>\u00c9 essencial que as ra\u00edzes de seus l\u00edderes sejam da melhor qualidade, e assim o futuro tronco venha a ser digno e forte. <!--more-->Se o res\u00edduo final n\u00e3o for o amor, em seu mais profundo sentido, nada de bom ir\u00e1 crescer da\u00ed. Eis a raz\u00e3o de ser t\u00e3o importante o conhecimento amplo \u2014 jamais superficial \u2014 de ambos os troncos, o masculino e o feminino. A explica\u00e7\u00e3o para tantas brigas, tumultos, desuni\u00e3o e separa\u00e7\u00e3o \u00e9 a entrega comum a arroubos e entusiasmos passageiros, quando homem e mulher se deparam frente a frente, se enamoram e s\u00f3 depois mostram seu verdadeiro rosto&#8230; Quanta decep\u00e7\u00e3o pode acontecer! \u201cPensei que ele era uma boa pessoa, capaz de amar em paz&#8230; Como me enganei! Nada mudou; s\u00f3 piorou.\u201d<\/p>\n<p>E pensar, em meio \u00e0 tamanha hecatombe, que a fam\u00edlia foi o grande plano de Deus! E continua sendo; e ser\u00e1 para sempre! Eis a raz\u00e3o de ser t\u00e3o forte e acirrado o ataque sat\u00e2nico contra a institui\u00e7\u00e3o fam\u00edlia \u2014 e cada vez pior! Ali\u00e1s, como predisse a B\u00edblia que aconteceria no final dos tempos: pais contra filhos; filhos contra pais.<\/p>\n<p>A pergunta crucial \u00e9 esta: Estar\u00e1 o homem preparado para desempenhar seu papel de l\u00edder na fam\u00edlia? E a mulher, possui ela realmente qualidades de lideran\u00e7a? Na verdade n\u00e3o se exige dos l\u00edderes que sejam perfeitos; espera-se, isto sim, que ele e ela sejam o mais equilibrados e sensatos poss\u00edvel; o mais justos, dignos e amorosos que puderem ser.<\/p>\n<p>Na verdade a fam\u00edlia \u00e9 uma escola, e os dois professores que a lideram \u2014 o pai e a m\u00e3e \u2014 precisam ter base s\u00f3lida para cumprir seu papel de formadores de um lar e de futuras gera\u00e7\u00f5es, caracterizados por uni\u00e3o espont\u00e2nea, interesse m\u00fatuo, paz, alegria e respeito. Para alcan\u00e7ar tal est\u00e1gio \u2014 t\u00e3o invej\u00e1vel \u2014 seus l\u00edderes t\u00eam de galgar os degraus desse \u201ctemplo\u201d chamado fam\u00edlia, isentos de \u00f3dio, paix\u00f5es torpes, dist\u00farbios emocionais, mentira, inveja, ci\u00fames, desinteresse, pobreza de ideais, e principalmente aus\u00eancia de Deus.<\/p>\n<p>Que a arca santa da nossa casa \u2014 nossa fam\u00edlia \u2014 vagueie feliz por sobre as \u00e1guas, imune \u00e0s tormentas carnais e emocionais. E chegue finalmente ao porto, enla\u00e7ada pelo imensur\u00e1vel amor de Deus, o construtor dessa arca. E que os la\u00e7os de fam\u00edlia carreguem em si o travo da verdade e da dignidade.<\/p>\n<p>__________<\/p>\n<p><strong>Allinges Mafra<\/strong> \u00e9 autora do livro Vida e Poesia em Davi e J\u00f3.<\/p>\n","protected":false},"excerpt":{"rendered":"<p>O texto abaixo foi escrito por Allinges Mafra e publicado na edi\u00e7\u00e3o 283 de Ultimato. Em &#8220;Tempo de Fam\u00edlia&#8221; vale a pena reler o texto.<br \/>\n&#8212;<br \/>\nDeus faz que o solit\u00e1rio more em fam\u00edlia<br \/>\nSalmos 68.6<br \/>\nQue fazer, a fim de contribuir para que a fam\u00edlia venha a ser unida e est\u00e1vel?Sem d\u00favida nenhuma, para que isso aconte\u00e7a o [&#8230;]<\/p>\n","protected":false},"author":6,"featured_media":0,"comment_status":"open","ping_status":"open","sticky":false,"template":"","format":"standard","meta":{"ngg_post_thumbnail":0,"footnotes":""},"categories":[5153],"tags":[],"class_list":["post-2448","post","type-post","status-publish","format-standard","hentry","category-prateleira"],"_links":{"self":[{"href":"https:\/\/ultimato.com.br\/sites\/blogdaultimato\/wp-json\/wp\/v2\/posts\/2448","targetHints":{"allow":["GET"]}}],"collection":[{"href":"https:\/\/ultimato.com.br\/sites\/blogdaultimato\/wp-json\/wp\/v2\/posts"}],"about":[{"href":"https:\/\/ultimato.com.br\/sites\/blogdaultimato\/wp-json\/wp\/v2\/types\/post"}],"author":[{"embeddable":true,"href":"https:\/\/ultimato.com.br\/sites\/blogdaultimato\/wp-json\/wp\/v2\/users\/6"}],"replies":[{"embeddable":true,"href":"https:\/\/ultimato.com.br\/sites\/blogdaultimato\/wp-json\/wp\/v2\/comments?post=2448"}],"version-history":[{"count":4,"href":"https:\/\/ultimato.com.br\/sites\/blogdaultimato\/wp-json\/wp\/v2\/posts\/2448\/revisions"}],"predecessor-version":[{"id":2734,"href":"https:\/\/ultimato.com.br\/sites\/blogdaultimato\/wp-json\/wp\/v2\/posts\/2448\/revisions\/2734"}],"wp:attachment":[{"href":"https:\/\/ultimato.com.br\/sites\/blogdaultimato\/wp-json\/wp\/v2\/media?parent=2448"}],"wp:term":[{"taxonomy":"category","embeddable":true,"href":"https:\/\/ultimato.com.br\/sites\/blogdaultimato\/wp-json\/wp\/v2\/categories?post=2448"},{"taxonomy":"post_tag","embeddable":true,"href":"https:\/\/ultimato.com.br\/sites\/blogdaultimato\/wp-json\/wp\/v2\/tags?post=2448"}],"curies":[{"name":"wp","href":"https:\/\/api.w.org\/{rel}","templated":true}]}}