{"id":2430,"date":"2011-04-29T10:43:03","date_gmt":"2011-04-29T13:43:03","guid":{"rendered":"http:\/\/ultimato.com.br\/sites\/blogdaultimato\/?p=2430"},"modified":"2011-05-20T11:22:36","modified_gmt":"2011-05-20T14:22:36","slug":"a-ceia-em-lausanne-iii","status":"publish","type":"post","link":"https:\/\/ultimato.com.br\/sites\/blogdaultimato\/2011\/04\/29\/a-ceia-em-lausanne-iii\/","title":{"rendered":"A Ceia em Lausanne III"},"content":{"rendered":"<p><em>Enviado por Ivny Monteiro<\/em><\/p>\n<p>Abril foi o m\u00eas em que comemoramos a P\u00e1scoa no calend\u00e1rio crist\u00e3o. Aqui na Ultimato nossa comemora\u00e7\u00e3o foi especial. Trouxemos &#8220;de volta&#8221; textos significativos \u00a0e publicamos outros materiais\u00a0sobre o tema. Gostar\u00edamos de encerrar esta celebra\u00e7\u00e3o com um v\u00eddeo emocionante.<\/p>\n<p>A Ceia do Senhor \u00e9 o s\u00edmbolo repetido por crist\u00e3os em todo mundo pelo qual se relembra a morte e a ressurrei\u00e7\u00e3o de Cristo. Para mim, um dos elementos mais importantes deste momento \u00e9 a possibilidade de faz\u00ea-lo em comunidade, como um corpo.<\/p>\n<p>Se a diversidade de uma igreja local j\u00e1 \u00e9 encantadora, o que dizer de crist\u00e3os de diversos pa\u00edses reunidos para celebrar a eucaristia? Foi o que aconteceu no 3\u00ba Congresso Lausanne de Evangeliza\u00e7\u00e3o Mundial &#8211; Cape Town 2010. Como dito na <a href=\"http:\/\/www.ultimato.com.br\/revista\/artigos\/328\/licoes-e-desafios-de-lausanne-3-para-a-igreja-de-cristo\" target=\"_blank\">edi\u00e7\u00e3o 328<\/a> de Ultimato: &#8220;Era uma parte significativa da Igreja de Cristo, celebrando a comunh\u00e3o e louvando ao Deus que d\u00e1 sentido \u00e0 vida.&#8221;<\/p>\n<p>O <a href=\"http:\/\/conversation.lausanne.org\/en\/conversations\/detail\/11676\" target=\"_blank\">v\u00eddeo da celebra\u00e7\u00e3o<\/a> demonstra um pouco da grandiosidade da comunh\u00e3o. Assista&gt;&gt;<!--more--><\/p>\n<p><object classid=\"clsid:d27cdb6e-ae6d-11cf-96b8-444553540000\" width=\"640\" height=\"385\" codebase=\"http:\/\/download.macromedia.com\/pub\/shockwave\/cabs\/flash\/swflash.cab#version=6,0,40,0\"><param name=\"flashvars\" value=\"&amp;file=http%3A%2F%2Fcapetown2010.IStreamPlanet.com%2FClose_1024_S5_TheHolyCommunion321975767.flv&amp;image=http%3A%2F%2Fwww.lausanne.org%2Fimages%2Fcontent%2Fctvideo%2FCS6.jpg&amp;plugins=viral-2d\" \/><param name=\"src\" value=\"http:\/\/conversation.lausanne.org\/uploads\/networks\/images\/2\/player.swf\" \/><param name=\"allowfullscreen\" value=\"true\" \/><embed type=\"application\/x-shockwave-flash\" width=\"640\" height=\"385\" src=\"http:\/\/conversation.lausanne.org\/uploads\/networks\/images\/2\/player.swf\" allowfullscreen=\"true\" flashvars=\"&amp;file=http%3A%2F%2Fcapetown2010.IStreamPlanet.com%2FClose_1024_S5_TheHolyCommunion321975767.flv&amp;image=http%3A%2F%2Fwww.lausanne.org%2Fimages%2Fcontent%2Fctvideo%2FCS6.jpg&amp;plugins=viral-2d\"><\/embed><\/object><\/p>\n","protected":false},"excerpt":{"rendered":"<p>Enviado por Ivny Monteiro<br \/>\nAbril foi o m\u00eas em que comemoramos a P\u00e1scoa no calend\u00e1rio crist\u00e3o. Aqui na Ultimato nossa comemora\u00e7\u00e3o foi especial. Trouxemos &#8220;de volta&#8221; textos significativos \u00a0e publicamos outros materiais\u00a0sobre o tema. Gostar\u00edamos de encerrar esta celebra\u00e7\u00e3o com um v\u00eddeo emocionante.<br \/>\nA Ceia do Senhor \u00e9 o s\u00edmbolo repetido por crist\u00e3os em todo mundo pelo [&#8230;]<\/p>\n","protected":false},"author":6,"featured_media":0,"comment_status":"open","ping_status":"open","sticky":false,"template":"","format":"standard","meta":{"ngg_post_thumbnail":0,"footnotes":""},"categories":[5153],"tags":[],"class_list":["post-2430","post","type-post","status-publish","format-standard","hentry","category-prateleira"],"_links":{"self":[{"href":"https:\/\/ultimato.com.br\/sites\/blogdaultimato\/wp-json\/wp\/v2\/posts\/2430","targetHints":{"allow":["GET"]}}],"collection":[{"href":"https:\/\/ultimato.com.br\/sites\/blogdaultimato\/wp-json\/wp\/v2\/posts"}],"about":[{"href":"https:\/\/ultimato.com.br\/sites\/blogdaultimato\/wp-json\/wp\/v2\/types\/post"}],"author":[{"embeddable":true,"href":"https:\/\/ultimato.com.br\/sites\/blogdaultimato\/wp-json\/wp\/v2\/users\/6"}],"replies":[{"embeddable":true,"href":"https:\/\/ultimato.com.br\/sites\/blogdaultimato\/wp-json\/wp\/v2\/comments?post=2430"}],"version-history":[{"count":8,"href":"https:\/\/ultimato.com.br\/sites\/blogdaultimato\/wp-json\/wp\/v2\/posts\/2430\/revisions"}],"predecessor-version":[{"id":2483,"href":"https:\/\/ultimato.com.br\/sites\/blogdaultimato\/wp-json\/wp\/v2\/posts\/2430\/revisions\/2483"}],"wp:attachment":[{"href":"https:\/\/ultimato.com.br\/sites\/blogdaultimato\/wp-json\/wp\/v2\/media?parent=2430"}],"wp:term":[{"taxonomy":"category","embeddable":true,"href":"https:\/\/ultimato.com.br\/sites\/blogdaultimato\/wp-json\/wp\/v2\/categories?post=2430"},{"taxonomy":"post_tag","embeddable":true,"href":"https:\/\/ultimato.com.br\/sites\/blogdaultimato\/wp-json\/wp\/v2\/tags?post=2430"}],"curies":[{"name":"wp","href":"https:\/\/api.w.org\/{rel}","templated":true}]}}