{"id":2425,"date":"2011-04-27T15:24:11","date_gmt":"2011-04-27T18:24:11","guid":{"rendered":"http:\/\/ultimato.com.br\/sites\/blogdaultimato\/?p=2425"},"modified":"2011-05-20T11:24:54","modified_gmt":"2011-05-20T14:24:54","slug":"por-que-sempre-faco-o-que-nao-quero","status":"publish","type":"post","link":"https:\/\/ultimato.com.br\/sites\/blogdaultimato\/2011\/04\/27\/por-que-sempre-faco-o-que-nao-quero\/","title":{"rendered":"Por que (sempre) fa\u00e7o o que n\u00e3o quero?"},"content":{"rendered":"<p><em>Enviado por \u00c9lben C\u00e9sar<\/em><\/p>\n<p>Todo mundo carrega dentro de si duas tend\u00eancias opostas. Uma delas \u00e9 para o bem, e a outra \u00e9 para o mal. Esse desagrad\u00e1vel drama \u00edntimo \u00e9 problema heredit\u00e1rio e sem solu\u00e7\u00e3o, do nascimento \u00e0 morte, enquanto n\u00e3o se concretiza a esperan\u00e7a de um corpo novo. <!--more-->Comecei a me interessar por esse conflito quando h\u00e1 muitos anos li na mesma fonte, o livro <em>Dogm\u00e1tica Evang\u00e9lica,<\/em> de Alfredo Borges, o testemunho tanto de Ov\u00eddio, o poeta latino do s\u00e9culo anterior a Jesus, quanto o de S\u00eaneca, conselheiro de Nero, morto na mesma \u00e9poca de Paulo. Eles se referem \u00e0 presen\u00e7a da for\u00e7a do mal que luta contra a for\u00e7a do bem e vice-versa. O depoimento de Ov\u00eddio \u00e9 muito parecido com o testemunho de Paulo: \u201cQuando quero fazer o bem, o mal est\u00e1 junto a mim\u201d (Rm 7.21, NVI). Ov\u00eddio revela: \u201cVejo o melhor e aprovo, contudo fa\u00e7o o que \u00e9 pior; esfor\u00e7o-me por conseguir o que \u00e9 proibido, e desejo as coisas que me s\u00e3o negadas\u201d. S\u00eaneca, por sua vez, tem a honestidade de declarar: \u201cSomos todos perversos. O que um reprova no outro, ele acha em seu pr\u00f3prio peito. Vivemos entre perversos, sendo n\u00f3s mesmos perversos\u201d.<\/p>\n<p>A partir de ent\u00e3o, passei a arquivar confiss\u00f5es semelhantes retiradas de livros e, em seu maior n\u00famero, de revistas e jornais seculares (<em>Veja<\/em>, <em>Isto\u00e9<\/em> , <em>\u00c9poca<\/em>, <em>Jornal do Brasil<\/em>, <em>Folha de S\u00e3o Paulo<\/em> etc). At\u00e9 o presente momento, o \u00faltimo que encontrei \u00e9 do psicanalista Contardo Calligaris: \u201cH\u00e1, \u00e0s vezes (mais vezes que parece), escondidas em nosso \u00e2mago, ambi\u00e7\u00f5es envergonhadas ou vergonhosas, que n\u00e3o confessamos nem a n\u00f3s mesmos\u201d (<em>Folha de S\u00e3o Paulo<\/em>, 03\/02\/2011, Caderno E, p.10).<\/p>\n<p>O que me surpreende \u00e9 que a maioria desses testemunhos s\u00e3o redigidos n\u00e3o por religiosos e te\u00f3logos, mas por jornalistas, escritores, e profissionais liberais. Como essa an\u00e1lise de comportamento humano coincide maravilhosamente com o ensino da B\u00edblia, sou obrigado a concluir que n\u00e3o h\u00e1 outra doutrina crist\u00e3 t\u00e3o aceita.<\/p>\n<p>O livro que lan\u00e7aremos em maio procura responder a pergunta angustiante da culpa: Por que (sempre) fa\u00e7o o que n\u00e3o quero?<\/p>\n","protected":false},"excerpt":{"rendered":"<p>Enviado por \u00c9lben C\u00e9sar<br \/>\nTodo mundo carrega dentro de si duas tend\u00eancias opostas. Uma delas \u00e9 para o bem, e a outra \u00e9 para o mal. Esse desagrad\u00e1vel drama \u00edntimo \u00e9 problema heredit\u00e1rio e sem solu\u00e7\u00e3o, do nascimento \u00e0 morte, enquanto n\u00e3o se concretiza a esperan\u00e7a de um corpo novo. <\/p>\n","protected":false},"author":6,"featured_media":0,"comment_status":"open","ping_status":"open","sticky":false,"template":"","format":"standard","meta":{"ngg_post_thumbnail":0,"footnotes":""},"categories":[5153],"tags":[9523,9524],"class_list":["post-2425","post","type-post","status-publish","format-standard","hentry","category-prateleira","tag-nao-quero","tag-por-que"],"_links":{"self":[{"href":"https:\/\/ultimato.com.br\/sites\/blogdaultimato\/wp-json\/wp\/v2\/posts\/2425","targetHints":{"allow":["GET"]}}],"collection":[{"href":"https:\/\/ultimato.com.br\/sites\/blogdaultimato\/wp-json\/wp\/v2\/posts"}],"about":[{"href":"https:\/\/ultimato.com.br\/sites\/blogdaultimato\/wp-json\/wp\/v2\/types\/post"}],"author":[{"embeddable":true,"href":"https:\/\/ultimato.com.br\/sites\/blogdaultimato\/wp-json\/wp\/v2\/users\/6"}],"replies":[{"embeddable":true,"href":"https:\/\/ultimato.com.br\/sites\/blogdaultimato\/wp-json\/wp\/v2\/comments?post=2425"}],"version-history":[{"count":3,"href":"https:\/\/ultimato.com.br\/sites\/blogdaultimato\/wp-json\/wp\/v2\/posts\/2425\/revisions"}],"predecessor-version":[{"id":2485,"href":"https:\/\/ultimato.com.br\/sites\/blogdaultimato\/wp-json\/wp\/v2\/posts\/2425\/revisions\/2485"}],"wp:attachment":[{"href":"https:\/\/ultimato.com.br\/sites\/blogdaultimato\/wp-json\/wp\/v2\/media?parent=2425"}],"wp:term":[{"taxonomy":"category","embeddable":true,"href":"https:\/\/ultimato.com.br\/sites\/blogdaultimato\/wp-json\/wp\/v2\/categories?post=2425"},{"taxonomy":"post_tag","embeddable":true,"href":"https:\/\/ultimato.com.br\/sites\/blogdaultimato\/wp-json\/wp\/v2\/tags?post=2425"}],"curies":[{"name":"wp","href":"https:\/\/api.w.org\/{rel}","templated":true}]}}