{"id":2399,"date":"2011-04-12T16:17:07","date_gmt":"2011-04-12T19:17:07","guid":{"rendered":"http:\/\/ultimato.com.br\/sites\/blogdaultimato\/?p=2399"},"modified":"2011-04-26T16:07:53","modified_gmt":"2011-04-26T19:07:53","slug":"sttot-90-anos","status":"publish","type":"post","link":"https:\/\/ultimato.com.br\/sites\/blogdaultimato\/2011\/04\/12\/sttot-90-anos\/","title":{"rendered":"John Stott, 90 Anos"},"content":{"rendered":"<p><img loading=\"lazy\" decoding=\"async\" class=\"alignright size-full wp-image-2400\" title=\"Stott\" src=\"http:\/\/ultimato.com.br\/sites\/blogdaultimato\/files\/2011\/04\/Stott.jpg\" alt=\"\" width=\"156\" height=\"188\" srcset=\"https:\/\/ultimato.com.br\/sites\/blogdaultimato\/files\/2011\/04\/Stott.jpg 399w, https:\/\/ultimato.com.br\/sites\/blogdaultimato\/files\/2011\/04\/Stott-249x300.jpg 249w, https:\/\/ultimato.com.br\/sites\/blogdaultimato\/files\/2011\/04\/Stott-124x150.jpg 124w\" sizes=\"auto, (max-width: 156px) 100vw, 156px\" \/><\/p>\n<p>No dia 27 de abril John Stott, um dos mais influentes escritores crist\u00e3os de nossa \u00e9poca, completar\u00e1 90 anos. Este \u00e9, sem d\u00favida, um enorme motivo para celebrar. Ultimato quer fazer parte desta celebra\u00e7\u00e3o e convidar voc\u00ea a juntar-se a n\u00f3s nesta singela homenagem.<\/p>\n<p><a href=\"http:\/\/ultimato.com.br\/sites\/discipulo-radical\/90-anos\/\" target=\"_blank\">Clique aqui<\/a> e saiba como participar desta festa.<\/p>\n","protected":false},"excerpt":{"rendered":"<p>No dia 27 de abril John Stott, um dos mais influentes escritores crist\u00e3os de nossa \u00e9poca, completar\u00e1 90 anos. Este \u00e9, sem d\u00favida, um enorme motivo para celebrar. Ultimato quer fazer parte desta celebra\u00e7\u00e3o e convidar voc\u00ea a juntar-se a n\u00f3s nesta singela homenagem.<br \/>\nClique aqui e saiba como participar desta festa.<\/p>\n","protected":false},"author":6,"featured_media":0,"comment_status":"open","ping_status":"open","sticky":false,"template":"","format":"standard","meta":{"ngg_post_thumbnail":0,"footnotes":""},"categories":[6114],"tags":[],"class_list":["post-2399","post","type-post","status-publish","format-standard","hentry","category-ultimas-de-la"],"_links":{"self":[{"href":"https:\/\/ultimato.com.br\/sites\/blogdaultimato\/wp-json\/wp\/v2\/posts\/2399","targetHints":{"allow":["GET"]}}],"collection":[{"href":"https:\/\/ultimato.com.br\/sites\/blogdaultimato\/wp-json\/wp\/v2\/posts"}],"about":[{"href":"https:\/\/ultimato.com.br\/sites\/blogdaultimato\/wp-json\/wp\/v2\/types\/post"}],"author":[{"embeddable":true,"href":"https:\/\/ultimato.com.br\/sites\/blogdaultimato\/wp-json\/wp\/v2\/users\/6"}],"replies":[{"embeddable":true,"href":"https:\/\/ultimato.com.br\/sites\/blogdaultimato\/wp-json\/wp\/v2\/comments?post=2399"}],"version-history":[{"count":5,"href":"https:\/\/ultimato.com.br\/sites\/blogdaultimato\/wp-json\/wp\/v2\/posts\/2399\/revisions"}],"predecessor-version":[{"id":2417,"href":"https:\/\/ultimato.com.br\/sites\/blogdaultimato\/wp-json\/wp\/v2\/posts\/2399\/revisions\/2417"}],"wp:attachment":[{"href":"https:\/\/ultimato.com.br\/sites\/blogdaultimato\/wp-json\/wp\/v2\/media?parent=2399"}],"wp:term":[{"taxonomy":"category","embeddable":true,"href":"https:\/\/ultimato.com.br\/sites\/blogdaultimato\/wp-json\/wp\/v2\/categories?post=2399"},{"taxonomy":"post_tag","embeddable":true,"href":"https:\/\/ultimato.com.br\/sites\/blogdaultimato\/wp-json\/wp\/v2\/tags?post=2399"}],"curies":[{"name":"wp","href":"https:\/\/api.w.org\/{rel}","templated":true}]}}