{"id":2392,"date":"2011-04-08T17:44:02","date_gmt":"2011-04-08T20:44:02","guid":{"rendered":"http:\/\/ultimato.com.br\/sites\/blogdaultimato\/?p=2392"},"modified":"2011-05-20T11:26:43","modified_gmt":"2011-05-20T14:26:43","slug":"vencedores-do-concurso-imagens-e-palavras-reconciliadas","status":"publish","type":"post","link":"https:\/\/ultimato.com.br\/sites\/blogdaultimato\/2011\/04\/08\/vencedores-do-concurso-imagens-e-palavras-reconciliadas\/","title":{"rendered":"Vencedores do concurso &#8220;Imagens e Palavras Reconciliadas&#8221;"},"content":{"rendered":"<p>O esperado momento chegou. Tivemos muitas participa\u00e7\u00f5es de leitores que celebraram conosco o lan\u00e7amento da nossa nova identidade visual.\u00a0A mensagem de reconcilia\u00e7\u00e3o serviu de inspira\u00e7\u00e3o para diversas pessoas que participaram do concurso <em>Imagens e Palavras Reconciliadas<\/em>. A Equipe Ultimato parabeniza os seguintes ganhadores:<!--more--><\/p>\n<p><strong>Categoria Imagens Reconciliadas<\/strong><\/p>\n<p>Os 5 ganhadores na categoria <span style=\"text-decoration: underline;\">Imagens Reconciliadas<\/span> receber\u00e3o o livro <em>O Disc\u00edpulo Radical<\/em>. Importante: O vencedor do iPod touch ser\u00e1 divulgado na pr\u00f3xima edi\u00e7\u00e3o da revista ultimato (maio\/junho). Clique no nome para visualizar a imagem.<\/p>\n<p><a href=\"http:\/\/www.ultimato.com.br\/boletim\/2011\/nova_marca\/img\/euricles_macedo.jpg\" class=\"lightview\" data-lightview-group=\"group-2392\" data-lightview-options=\"skin: 'dark', controls: 'relative', padding: '10', shadow: { color: '#000000', opacity: 0.08, blur: 3 }\" target=\"_blank\">Euricles Macedo<\/a><\/p>\n<p><a href=\"http:\/\/www.ultimato.com.br\/boletim\/2011\/nova_marca\/img\/ewerton_leandro.jpg\" class=\"lightview\" data-lightview-group=\"group-2392\" data-lightview-options=\"skin: 'dark', controls: 'relative', padding: '10', shadow: { color: '#000000', opacity: 0.08, blur: 3 }\" target=\"_blank\">Ewerton Leandro<\/a><\/p>\n<p><a href=\"http:\/\/www.ultimato.com.br\/boletim\/2011\/nova_marca\/img\/francisco_avelardo.jpg\" class=\"lightview\" data-lightview-group=\"group-2392\" data-lightview-options=\"skin: 'dark', controls: 'relative', padding: '10', shadow: { color: '#000000', opacity: 0.08, blur: 3 }\" target=\"_blank\">Francisco Avelardo<\/a><\/p>\n<p><a href=\"http:\/\/www.ultimato.com.br\/boletim\/2011\/nova_marca\/img\/kelly_camargo.jpg\" class=\"lightview\" data-lightview-group=\"group-2392\" data-lightview-options=\"skin: 'dark', controls: 'relative', padding: '10', shadow: { color: '#000000', opacity: 0.08, blur: 3 }\" target=\"_blank\">Kelly Camargo<\/a><\/p>\n<p><a href=\"http:\/\/www.ultimato.com.br\/boletim\/2011\/nova_marca\/img\/lucas_pedro.jpg\" class=\"lightview\" data-lightview-group=\"group-2392\" data-lightview-options=\"skin: 'dark', controls: 'relative', padding: '10', shadow: { color: '#000000', opacity: 0.08, blur: 3 }\" target=\"_blank\">Lucas Pedro<\/a><\/p>\n<p><strong>Categoria Palavras Reconciliadas<\/strong><\/p>\n<p>Os 10 ganhadores na categoria <span style=\"text-decoration: underline;\">Palavras Reconciliadas<\/span> receber\u00e3o o livro <em>O Disc\u00edpulo Radical<\/em>. Importante: O vencedor do iPod nano ser\u00e1 divulgado na pr\u00f3xima edi\u00e7\u00e3o da revista ultimato (maio\/junho).<\/p>\n<blockquote>\n<p style=\"text-align: left;\"><em>&#8220;Reconciliar \u00e9 como unir as duas pontas de um abismo. Cristo fez isso com uma ponte chamada cruz.&#8221; <\/em>Michelson dos Santos Borges<\/p>\n<p><em>&#8220;A reconcilia\u00e7\u00e3o em Cristo \u00e9 o retorno \u00e0 imagem e semelhan\u00e7a de Deus.&#8221; <\/em>Onofre Jos\u00e9 da Silva<\/p>\n<p><em>&#8220;As quatro opera\u00e7\u00f5es da reconcilia\u00e7\u00e3o: (\u00f7) queda rm.3:23 \/ (x) amor jo.3:16 \/ (-) pecado 1 jo.1:9 \/ (+) vida eterna Rm. 6:22-23.&#8221; <\/em>Am\u00e9rico Marques Ferreira<\/p>\n<p><em>&#8220;Na reconcilia\u00e7\u00e3o de Deus n\u00e3o \u00e9 que tudo se fez bom, aniquilando a exist\u00eancia do mau; mas tudo se fez novo, trazendo esperan\u00e7a apesar do mau.&#8221; <\/em>Liz Fagundes Oliveira Valente<\/p>\n<p><em>&#8220;Cristo crucificado \/ eu reconciliado&#8221; <\/em>Kenan da Silva Bernardes<\/p>\n<p><em>&#8220;Mais do que uma hist\u00f3ria ou uma religi\u00e3o. Eu vejo na cruz de Cristo os bra\u00e7os de Deus abertos para o mundo, nos chamando \u00e0 reconcilia\u00e7\u00e3o.&#8221; <\/em>Karina de Almeida Lins<\/p>\n<p><em>&#8220;Deus, em Cristo, colocou-se de joelhos e me olhou bondosamente nos olhos.&#8221; <\/em>Rubem Martins Amorese<\/p>\n<p><em>&#8220;Reconcilia\u00e7\u00e3o = o perd\u00e3o nosso de cada dia&#8221; <\/em>Armando Basiele Filho<\/p>\n<p><em>&#8220;A reconcilia\u00e7\u00e3o de todas as coisas atrav\u00e9s de Cristo permite-nos hoje sermos, com ele, agentes de reconcilia\u00e7\u00e3o cotidiana.&#8221; <\/em>Glauco Pereira de Oliveira e Braga<\/p>\n<p><em>&#8220;Da cruz nasce a paz, da morte brota a vida.&#8221; <\/em>Nathan Sampaio Santos<\/p><\/blockquote>\n","protected":false},"excerpt":{"rendered":"<p>O esperado momento chegou. Tivemos muitas participa\u00e7\u00f5es de leitores que celebraram conosco o lan\u00e7amento da nossa nova identidade visual.\u00a0A mensagem de reconcilia\u00e7\u00e3o serviu de inspira\u00e7\u00e3o para diversas pessoas que participaram do concurso Imagens e Palavras Reconciliadas. A Equipe Ultimato parabeniza os seguintes ganhadores:<\/p>\n","protected":false},"author":6,"featured_media":0,"comment_status":"open","ping_status":"open","sticky":false,"template":"","format":"standard","meta":{"ngg_post_thumbnail":0,"footnotes":""},"categories":[6111],"tags":[],"class_list":["post-2392","post","type-post","status-publish","format-standard","hentry","category-ultimas-de-ca"],"_links":{"self":[{"href":"https:\/\/ultimato.com.br\/sites\/blogdaultimato\/wp-json\/wp\/v2\/posts\/2392","targetHints":{"allow":["GET"]}}],"collection":[{"href":"https:\/\/ultimato.com.br\/sites\/blogdaultimato\/wp-json\/wp\/v2\/posts"}],"about":[{"href":"https:\/\/ultimato.com.br\/sites\/blogdaultimato\/wp-json\/wp\/v2\/types\/post"}],"author":[{"embeddable":true,"href":"https:\/\/ultimato.com.br\/sites\/blogdaultimato\/wp-json\/wp\/v2\/users\/6"}],"replies":[{"embeddable":true,"href":"https:\/\/ultimato.com.br\/sites\/blogdaultimato\/wp-json\/wp\/v2\/comments?post=2392"}],"version-history":[{"count":7,"href":"https:\/\/ultimato.com.br\/sites\/blogdaultimato\/wp-json\/wp\/v2\/posts\/2392\/revisions"}],"predecessor-version":[{"id":2486,"href":"https:\/\/ultimato.com.br\/sites\/blogdaultimato\/wp-json\/wp\/v2\/posts\/2392\/revisions\/2486"}],"wp:attachment":[{"href":"https:\/\/ultimato.com.br\/sites\/blogdaultimato\/wp-json\/wp\/v2\/media?parent=2392"}],"wp:term":[{"taxonomy":"category","embeddable":true,"href":"https:\/\/ultimato.com.br\/sites\/blogdaultimato\/wp-json\/wp\/v2\/categories?post=2392"},{"taxonomy":"post_tag","embeddable":true,"href":"https:\/\/ultimato.com.br\/sites\/blogdaultimato\/wp-json\/wp\/v2\/tags?post=2392"}],"curies":[{"name":"wp","href":"https:\/\/api.w.org\/{rel}","templated":true}]}}