{"id":2246,"date":"2011-01-13T14:34:41","date_gmt":"2011-01-13T17:34:41","guid":{"rendered":"http:\/\/ultimato.com.br\/sites\/blogdaultimato\/?p=2246"},"modified":"2011-01-13T14:34:41","modified_gmt":"2011-01-13T17:34:41","slug":"ha-exatos-43-anos","status":"publish","type":"post","link":"https:\/\/ultimato.com.br\/sites\/blogdaultimato\/2011\/01\/13\/ha-exatos-43-anos\/","title":{"rendered":"H\u00e1 exatos 43 anos!"},"content":{"rendered":"<p><a href=\"http:\/\/ultimato.com.br\/sites\/blogdaultimato\/files\/2011\/01\/elben_deja_web1.jpg\" class=\"lightview\" data-lightview-group=\"group-2246\" data-lightview-options=\"skin: 'dark', controls: 'relative', padding: '10', shadow: { color: '#000000', opacity: 0.08, blur: 3 }\" data-lightview-title=\"elben_deja_web\"><img loading=\"lazy\" decoding=\"async\" class=\"alignleft size-full wp-image-2258\" title=\"elben_deja_web\" src=\"http:\/\/ultimato.com.br\/sites\/blogdaultimato\/files\/2011\/01\/elben_deja_web1.jpg\" alt=\"\" width=\"254\" height=\"186\" srcset=\"https:\/\/ultimato.com.br\/sites\/blogdaultimato\/files\/2011\/01\/elben_deja_web1.jpg 254w, https:\/\/ultimato.com.br\/sites\/blogdaultimato\/files\/2011\/01\/elben_deja_web1-150x109.jpg 150w\" sizes=\"auto, (max-width: 254px) 100vw, 254px\" \/><\/a>Como me esquecer desta data? Foi o dia em que saiu o primeiro jornal <em>Ultimato<\/em>! De manh\u00e3 o jornal chegou em casa e n\u00f3s dobramos manualmente as p\u00e1ginas. As crian\u00e7as mais velhas (t\u00ednhamos 5 meninas) ajudaram bastante. Mais tarde naquele dia Elben foi ao centro da cidade. Na volta, ainda emocionado \u201cpra caramba\u201d, desceu a rua \u00edngreme que havia para chegar em casa, de Vespa. Com compras e duas meninas na garupa, j\u00e1 perto de casa percebeu que o freio n\u00e3o estava funcionando. <!--more-->Bateu no muro de concreto que havia no final da descida! Com o choque, desmaiou e levou um corte por cima da sobrancelha direita. As meninas, que n\u00e3o se machucaram, correram para casa gritando: \u201cO pai morreu, o pai bateu a Vespa e morreu!\u201d. Corri para o local. Elben j\u00e1 estava sendo acudido por um pessoal, fomos levados ao hospital mais pr\u00f3ximo. Minha m\u00e3e, que estava conosco, ficou com as crian\u00e7as&#8230; O Elben, com alguns pontos na testa e todo sujo do p\u00f3 de caf\u00e9 que se rompeu (das compras), e eu voltamos logo para casa. Isto tudo est\u00e1 muito n\u00edtido em minha mente! Faz parte do dia 13 de janeiro de 1968!<\/p>\n<p><span style=\"color: #808000;\">Djanira Momesso C\u00e9sar<\/span><\/p>\n<p>Em algum lugar da casa havia 10 mil folhas de 35 cent\u00edmetros de comprimento por 55 de largura para serem dobradas e intercaladas, formando um jornal de oito p\u00e1ginas. O servi\u00e7o era feito por Elben (38 anos), Djanira (36), J\u00fania (9), L\u00eania (8), Kl\u00eania (6) e D\u00e9lnia (5). G\u00ednia, 2 anos, andava de um lado para o outro. Era o n\u00famero 1 do ano 1 do jornal <em>Ultimato<\/em>. A cidade era Barbacena, a 1.000  metros de altitude. Mandar para quem este primeiro n\u00famero, sen\u00e3o para amigos e conhecidos, a t\u00edtulo de propaganda? Alguns foram pelos Correios. Outros, a maior parte, foram entregues pessoalmente por \u00c9ber C\u00e9sar em v\u00e1rias cidades do Presbit\u00e9rio Leste de Minas. Para tudo dar certo, misturamos a a\u00e7\u00e3o com a ora\u00e7\u00e3o, obedecendo ao velho conselho: \u201cOra, mas n\u00e3o te atrevas a pedir sem trabalhar, pois de Deus n\u00e3o se zomba; trabalha, mas n\u00e3o te arrisques a agir sem, primeiro, orar, pois Deus resiste aos soberbos\u201d. E tudo deu certo, pela gra\u00e7a de Deus, n\u00e3o sem muitas afli\u00e7\u00f5es. Hoje comemoramos o 43\u00ba anivers\u00e1rio da <strong>Ultimato<\/strong>!<\/p>\n<p><span style=\"color: #808000;\">Elben C\u00e9sar<\/span><\/p>\n","protected":false},"excerpt":{"rendered":"<p>Como me esquecer desta data? Foi o dia em que saiu o primeiro jornal Ultimato! De manh\u00e3 o jornal chegou em casa e n\u00f3s dobramos manualmente as p\u00e1ginas. As crian\u00e7as mais velhas (t\u00ednhamos 5 meninas) ajudaram bastante. Mais tarde naquele dia Elben foi ao centro da cidade. Na volta, ainda emocionado \u201cpra caramba\u201d, desceu a [&#8230;]<\/p>\n","protected":false},"author":6,"featured_media":0,"comment_status":"open","ping_status":"open","sticky":false,"template":"","format":"standard","meta":{"ngg_post_thumbnail":0,"footnotes":""},"categories":[5153],"tags":[],"class_list":["post-2246","post","type-post","status-publish","format-standard","hentry","category-prateleira"],"_links":{"self":[{"href":"https:\/\/ultimato.com.br\/sites\/blogdaultimato\/wp-json\/wp\/v2\/posts\/2246","targetHints":{"allow":["GET"]}}],"collection":[{"href":"https:\/\/ultimato.com.br\/sites\/blogdaultimato\/wp-json\/wp\/v2\/posts"}],"about":[{"href":"https:\/\/ultimato.com.br\/sites\/blogdaultimato\/wp-json\/wp\/v2\/types\/post"}],"author":[{"embeddable":true,"href":"https:\/\/ultimato.com.br\/sites\/blogdaultimato\/wp-json\/wp\/v2\/users\/6"}],"replies":[{"embeddable":true,"href":"https:\/\/ultimato.com.br\/sites\/blogdaultimato\/wp-json\/wp\/v2\/comments?post=2246"}],"version-history":[{"count":8,"href":"https:\/\/ultimato.com.br\/sites\/blogdaultimato\/wp-json\/wp\/v2\/posts\/2246\/revisions"}],"predecessor-version":[{"id":2261,"href":"https:\/\/ultimato.com.br\/sites\/blogdaultimato\/wp-json\/wp\/v2\/posts\/2246\/revisions\/2261"}],"wp:attachment":[{"href":"https:\/\/ultimato.com.br\/sites\/blogdaultimato\/wp-json\/wp\/v2\/media?parent=2246"}],"wp:term":[{"taxonomy":"category","embeddable":true,"href":"https:\/\/ultimato.com.br\/sites\/blogdaultimato\/wp-json\/wp\/v2\/categories?post=2246"},{"taxonomy":"post_tag","embeddable":true,"href":"https:\/\/ultimato.com.br\/sites\/blogdaultimato\/wp-json\/wp\/v2\/tags?post=2246"}],"curies":[{"name":"wp","href":"https:\/\/api.w.org\/{rel}","templated":true}]}}