{"id":2070,"date":"2010-10-27T09:13:54","date_gmt":"2010-10-27T12:13:54","guid":{"rendered":"http:\/\/ultimato.com.br\/sites\/blogdaultimato\/?p=2070"},"modified":"2010-10-27T09:13:54","modified_gmt":"2010-10-27T12:13:54","slug":"hospedagem-em-boa-companhia-na-cidade-do-cabo","status":"publish","type":"post","link":"https:\/\/ultimato.com.br\/sites\/blogdaultimato\/2010\/10\/27\/hospedagem-em-boa-companhia-na-cidade-do-cabo\/","title":{"rendered":"Hospedagem em boa companhia na Cidade do Cabo"},"content":{"rendered":"<p><strong><span style=\"color: #808000;\"><a href=\"http:\/\/ultimato.com.br\/sites\/blogdaultimato\/files\/2010\/10\/blog_27_10_schaeffer.jpg\" class=\"lightview\" data-lightview-group=\"group-2070\" data-lightview-options=\"skin: 'dark', controls: 'relative', padding: '10', shadow: { color: '#000000', opacity: 0.08, blur: 3 }\" data-lightview-title=\"blog_27_10_schaeffer\"><img loading=\"lazy\" decoding=\"async\" class=\"alignleft size-full wp-image-2076\" title=\"blog_27_10_schaeffer\" src=\"http:\/\/ultimato.com.br\/sites\/blogdaultimato\/files\/2010\/10\/blog_27_10_schaeffer.jpg\" alt=\"\" width=\"200\" height=\"150\" srcset=\"https:\/\/ultimato.com.br\/sites\/blogdaultimato\/files\/2010\/10\/blog_27_10_schaeffer.jpg 200w, https:\/\/ultimato.com.br\/sites\/blogdaultimato\/files\/2010\/10\/blog_27_10_schaeffer-150x112.jpg 150w\" sizes=\"auto, (max-width: 200px) 100vw, 200px\" \/><\/a>Especial Lausanne III &#8211;<\/span><\/strong> Gra\u00e7as \u00e0 Silvia, mission\u00e1ria brasileira na Cidade do Cabo h\u00e1 quase tr\u00eas anos, pude me hospedar junto com mais cinco brasileiros num lugar muito especial a um pre\u00e7o muito em conta na v\u00e9spera do Congresso.<\/p>\n<p>O casal anfitri\u00e3o \u00e9 evang\u00e9lico. Ambos s\u00e3o sulafricanos de origem europeia. Os av\u00f3s de Jean vieram para c\u00e1 como mission\u00e1rios. H\u00e1 25 anos eles compraram a casa que hoje serve de pousada e que se parece mais com um castelinho: dois andares e meio, muitos quartos, muitas salas, constru\u00e7\u00e3o antiga, um grande jardim e uma pequena piscina, que parece ser coisa muito comum aqui (do avi\u00e3o veem-se muitas piscinas em casas de pequeno porte). Flika, a cachorra da casa, est\u00e1 bem acostumada aos h\u00f3spedes. <!--more--><\/p>\n<p>Alan e Jean se inspiraram no L\u2019Abri para instalarem esta \u201cpousada\u201d. H\u00e1 alguns moradores fixos (um deles est\u00e1 l\u00e1 h\u00e1 mais de 15 anos) e eventualmente hospedam pessoas em tr\u00e2nsito.<\/p>\n<p>A casa est\u00e1 cheia de \u201centulhos\u201d. Como aprecio coisas velhas e reaproveitadas senti-me em casa. Jean tem uma grande cozinha, que \u00e9 usada por todos os h\u00f3spedes. A parte superior das paredes \u00e9 decorada com folhas de revistas antigas, p\u00e1ginas manuscritas e partituras musicais. Nas estantes h\u00e1 de tudo. Ela coleciona garrafas de vidros: s\u00e3o 5 estantes, cada uma delas reunindo vidros de todos os tamanhos e formatos agrupados por cor. Al\u00e9m de escritora de biografias, Jean d\u00e1 cursos de forma\u00e7\u00e3o para escritores.<\/p>\n<p>O que mais tem na casa s\u00e3o livros: em estantes, no ch\u00e3o, nas mesas, nas prateleiras das paredes, no banheiro, nas salas, na escada, no hall. Alan foi distribuidor de livros at\u00e9 cerca de 20 anos atr\u00e1s. Ama livros. Em um dos arm\u00e1rios perto da escada h\u00e1 apenas livros de C.S. Lewis \u2014 acredito que sua obra completa, incluindo os livros de cr\u00edtica liter\u00e1ria. H\u00e1 tamb\u00e9m muitos exemplares de um mesmo t\u00edtulo. Vi tr\u00eas diferentes edi\u00e7\u00f5es de &#8220;Carta do Diabo a Seu Aprendiz&#8221;. Um dos h\u00f3spedes disse que viu na casa at\u00e9 o guarda-roupa m\u00e1gico dos livros de N\u00e1rnia&#8230;<\/p>\n<p>Um cap\u00edtulo a parte s\u00e3o os livros de Francis Schaeffer, sobre os quais meu colega Liss\u00e2nder <a href=\"http:\/\/ultimato.com.br\/sites\/fatosecorrelatos\/2010\/10\/14\/francis-schaeffer-esta-vivo-e-mora-na-africa\/\" target=\"_blank\">comentou.<\/a> Formam uma pilha grande, quando se juntam os escritos por ele, por Edith Schaeffer, sua esposa, e os de autoria dos dois juntos. Depois de saber que Ultimato publicou Schaeffer no Brasil (&#8220;A Arte e a B\u00edblia&#8221;), Allan deu para Ultimato o tal livro com fotos do L\u2019Abri.<\/p>\n<p>No jardim gramado, com muitas flores diferentes das que temos por aqui, havia montinhos de terra feitos por toupeiras. H\u00e1 muitos p\u00e1ssaros. No dia de nossa sa\u00edda, Jean recebeu um grupo de senhoras da igreja com seus filhos para comemorar o anivers\u00e1rio de uma das crian\u00e7as.<\/p>\n<p>Hospedagem especial\u00edssima! Vai ficar na mem\u00f3ria junto com uma renova\u00e7\u00e3o de amor ao livro, pelo seu poder de ampliar o mundo de cada leitor e pelo seu potencial de mudan\u00e7a.<\/p>\n<p><em>Enviado por Kl\u00eania Fassoni<\/em><\/p>\n","protected":false},"excerpt":{"rendered":"<p>Especial Lausanne III &#8211; Gra\u00e7as \u00e0 Silvia, mission\u00e1ria brasileira na Cidade do Cabo h\u00e1 quase tr\u00eas anos, pude me hospedar junto com mais cinco brasileiros num lugar muito especial a um pre\u00e7o muito em conta na v\u00e9spera do Congresso.<br \/>\nO casal anfitri\u00e3o \u00e9 evang\u00e9lico. Ambos s\u00e3o sulafricanos de origem europeia. Os av\u00f3s de Jean vieram para [&#8230;]<\/p>\n","protected":false},"author":4,"featured_media":0,"comment_status":"open","ping_status":"open","sticky":false,"template":"","format":"standard","meta":{"ngg_post_thumbnail":0,"footnotes":""},"categories":[9485],"tags":[9487,9489,8227,8228],"class_list":["post-2070","post","type-post","status-publish","format-standard","hentry","category-especial-lausanne-iii","tag-cidade-do-cabo","tag-hospedagem","tag-lausanne","tag-schaeffer"],"_links":{"self":[{"href":"https:\/\/ultimato.com.br\/sites\/blogdaultimato\/wp-json\/wp\/v2\/posts\/2070","targetHints":{"allow":["GET"]}}],"collection":[{"href":"https:\/\/ultimato.com.br\/sites\/blogdaultimato\/wp-json\/wp\/v2\/posts"}],"about":[{"href":"https:\/\/ultimato.com.br\/sites\/blogdaultimato\/wp-json\/wp\/v2\/types\/post"}],"author":[{"embeddable":true,"href":"https:\/\/ultimato.com.br\/sites\/blogdaultimato\/wp-json\/wp\/v2\/users\/4"}],"replies":[{"embeddable":true,"href":"https:\/\/ultimato.com.br\/sites\/blogdaultimato\/wp-json\/wp\/v2\/comments?post=2070"}],"version-history":[{"count":7,"href":"https:\/\/ultimato.com.br\/sites\/blogdaultimato\/wp-json\/wp\/v2\/posts\/2070\/revisions"}],"predecessor-version":[{"id":2078,"href":"https:\/\/ultimato.com.br\/sites\/blogdaultimato\/wp-json\/wp\/v2\/posts\/2070\/revisions\/2078"}],"wp:attachment":[{"href":"https:\/\/ultimato.com.br\/sites\/blogdaultimato\/wp-json\/wp\/v2\/media?parent=2070"}],"wp:term":[{"taxonomy":"category","embeddable":true,"href":"https:\/\/ultimato.com.br\/sites\/blogdaultimato\/wp-json\/wp\/v2\/categories?post=2070"},{"taxonomy":"post_tag","embeddable":true,"href":"https:\/\/ultimato.com.br\/sites\/blogdaultimato\/wp-json\/wp\/v2\/tags?post=2070"}],"curies":[{"name":"wp","href":"https:\/\/api.w.org\/{rel}","templated":true}]}}