{"id":2055,"date":"2010-10-25T08:16:39","date_gmt":"2010-10-25T11:16:39","guid":{"rendered":"http:\/\/ultimato.com.br\/sites\/blogdaultimato\/?p=2055"},"modified":"2010-11-01T08:30:36","modified_gmt":"2010-11-01T11:30:36","slug":"perdao-elben","status":"publish","type":"post","link":"https:\/\/ultimato.com.br\/sites\/blogdaultimato\/2010\/10\/25\/perdao-elben\/","title":{"rendered":"Perd\u00e3o, Elben!"},"content":{"rendered":"<p><span style=\"color: #808000;\">Especial Lausanne III, por <em>D\u00e9lnia Bastos<\/em><\/span><\/p>\n<p>Lausanne me proporcionou um reencontro especial &#8211; alegre e triste ao mesmo tempo. De repente, no \u00f4nibus que nos levava de volta ao hotel, reconheci o Humberto Nazar\u00e9, velho amigo da nossa \u00e9poca vivida em Mo\u00e7ambique. Encontrar e conversar com o Humberto, agora pastor e diretor de rela\u00e7\u00f5es eclesi\u00e1sticas da Vis\u00e3o Mundial na prov\u00edncia da Zamb\u00e9zia, depois de 23 anos, foi um presente de Deus para mim. Tivemos um tempo bom de colocar em dia as not\u00edcias sobre nossos conhecidos comuns daquela \u00e9poca. Dora, irm\u00e3 Josina, pastor Nicolau, Dami\u00e3o&#8230;<!--more--><\/p>\n<p>Dami\u00e3o trabalhava em nossa casa-escrit\u00f3rio, ajudando nas tarefas dom\u00e9sticas, o que era comum em Mo\u00e7ambique. Ficamos muito amigos. Quando o filhinho dele nasceu, ele nos pediu para dar o nome. Demos duas op\u00e7\u00f5es para que ele e sua esposa fizessem a escolha final: Emmanuel (nome do pai do meu marido, de mesmo nome) e Elben (nome do meu pai). Dami\u00e3o e sua esposa escolheram Elben, quando batizaram seu filhinho na igreja cat\u00f3lica.<\/p>\n<p>Com muita tristeza, Humberto agora me diz que o Dami\u00e3o ficou com um problema mental, impossibilitado de trabalhar. A esposa sobrevive com a venda de bebida alco\u00f3lica. Um dos filhos envolveu-se na criminalidade. O Elben est\u00e1 com 23 anos, estudando, e, por feliz influ\u00eancia dos av\u00f3s e b\u00ean\u00e7\u00e3o de Deus, frequenta uma igreja evang\u00e9lica.<\/p>\n<p>Humberto compartilhou ainda que a fam\u00edlia do Dami\u00e3o sempre esperou algo da nossa parte. Na cultura mo\u00e7ambicana o fato de dar o nome a um filho \u00e9 tremendamente comprometedor. Voc\u00ea se torna padrinho ou madrinha da crian\u00e7a, assumindo certo compromisso at\u00e9 por sua educa\u00e7\u00e3o futura. Infelizmente, na nossa inexperi\u00eancia transcultural, n\u00e3o percebemos isso \u00e0quela altura. Foi muito pesado saber agora que a fam\u00edlia nutriu essa expectativa a nosso respeito, enquanto passava por tantos problemas. (O contato havia se perdido num remoto 1988, sem internet.)<\/p>\n<p>Enviei, pelo Humberto, uma foto da nossa fam\u00edlia e o nosso endere\u00e7o para o Elben. N\u00e3o sei o que o futuro nos aguarda. Provavelmente ele far\u00e1 contato. Pe\u00e7o a Deus que aben\u00e7oe aquela fam\u00edlia. Pe\u00e7o tamb\u00e9m que, mesmo tardiamente, Ele nos permita estender o nosso abra\u00e7o e amizade.<\/p>\n","protected":false},"excerpt":{"rendered":"<p>Especial Lausanne III, por D\u00e9lnia Bastos<br \/>\nLausanne me proporcionou um reencontro especial &#8211; alegre e triste ao mesmo tempo. De repente, no \u00f4nibus que nos levava de volta ao hotel, reconheci o Humberto Nazar\u00e9, velho amigo da nossa \u00e9poca vivida em Mo\u00e7ambique. Encontrar e conversar com o Humberto, agora pastor e diretor de rela\u00e7\u00f5es eclesi\u00e1sticas da [&#8230;]<\/p>\n","protected":false},"author":6,"featured_media":0,"comment_status":"open","ping_status":"open","sticky":false,"template":"","format":"standard","meta":{"ngg_post_thumbnail":0,"footnotes":""},"categories":[5153],"tags":[],"class_list":["post-2055","post","type-post","status-publish","format-standard","hentry","category-prateleira"],"_links":{"self":[{"href":"https:\/\/ultimato.com.br\/sites\/blogdaultimato\/wp-json\/wp\/v2\/posts\/2055","targetHints":{"allow":["GET"]}}],"collection":[{"href":"https:\/\/ultimato.com.br\/sites\/blogdaultimato\/wp-json\/wp\/v2\/posts"}],"about":[{"href":"https:\/\/ultimato.com.br\/sites\/blogdaultimato\/wp-json\/wp\/v2\/types\/post"}],"author":[{"embeddable":true,"href":"https:\/\/ultimato.com.br\/sites\/blogdaultimato\/wp-json\/wp\/v2\/users\/6"}],"replies":[{"embeddable":true,"href":"https:\/\/ultimato.com.br\/sites\/blogdaultimato\/wp-json\/wp\/v2\/comments?post=2055"}],"version-history":[{"count":8,"href":"https:\/\/ultimato.com.br\/sites\/blogdaultimato\/wp-json\/wp\/v2\/posts\/2055\/revisions"}],"predecessor-version":[{"id":2067,"href":"https:\/\/ultimato.com.br\/sites\/blogdaultimato\/wp-json\/wp\/v2\/posts\/2055\/revisions\/2067"}],"wp:attachment":[{"href":"https:\/\/ultimato.com.br\/sites\/blogdaultimato\/wp-json\/wp\/v2\/media?parent=2055"}],"wp:term":[{"taxonomy":"category","embeddable":true,"href":"https:\/\/ultimato.com.br\/sites\/blogdaultimato\/wp-json\/wp\/v2\/categories?post=2055"},{"taxonomy":"post_tag","embeddable":true,"href":"https:\/\/ultimato.com.br\/sites\/blogdaultimato\/wp-json\/wp\/v2\/tags?post=2055"}],"curies":[{"name":"wp","href":"https:\/\/api.w.org\/{rel}","templated":true}]}}