{"id":182,"date":"2008-10-14T15:43:28","date_gmt":"2008-10-14T18:43:28","guid":{"rendered":"http:\/\/www.ultimato.com.br\/blog\/?p=182"},"modified":"2008-10-14T15:43:28","modified_gmt":"2008-10-14T18:43:28","slug":"evangelicos-cariocas-vao-as-urnas-divididos","status":"publish","type":"post","link":"https:\/\/ultimato.com.br\/sites\/blogdaultimato\/2008\/10\/14\/evangelicos-cariocas-vao-as-urnas-divididos\/","title":{"rendered":"Evang\u00e9licos cariocas v\u00e3o \u00e0s urnas divididos"},"content":{"rendered":"<p>Primeira pesquisa do DataFolha realizada ap&oacute;s encerramento do primeiro turno mostra empate t&eacute;cnico entre os candidatos Fernando Gabeira, do Partido Verde, e Eduardo Paes, do Partido do Movimento Democr&aacute;tico Brasileiro (PMDB). Eles concorrem &agrave; prefeitura do Rio de Janeiro. <\/p>\n<p>Gabeira tem 43% das inten&ccedil;&otilde;es de voto e Eduardo Paes 41%. Os dois candidatos herdaram votos de concorrentes ao cargo no primeiro turno, dentre eles o candidato Marcelo Crivella, do Partido Republicano Brasileiro (PRB) e bispo da Igreja Universal do Reino de Deus (IURD), que ficou em terceiro lugar.&nbsp;<!--more-->&nbsp;<\/p>\n<p>De acordo com o DataFolha, 54% dos eleitores de Crivella optam por Eduardo Paes e 46% preferem Gabeira. Boa parte do eleitorado de Crivella vem de redutos evang&eacute;licos e pentecostais. A migra&ccedil;&atilde;o dos votos do candidato do PRB aos dois candidatos aponta que evang&eacute;licos v&atilde;o divididos para o segundo turno. <\/p>\n<p>&ldquo;Como n&atilde;o houve ades&atilde;o em massa a Eduardo Paes, os eleitores evang&eacute;licos n&atilde;o demonstraram preconceito e rejei&ccedil;&atilde;o a Fernando Gabeira. Esta tend&ecirc;ncia mostra que eles definem o voto, cada vez mais, de forma independente e pensada&rdquo;, explicou o diretor do DataFolha, Mauro Paulino, ao rep&oacute;rter Chico Otavio, do jornal O Globo. <\/p>\n<p>O pesquisador Cesar Romero disse ao jornal que ao deixar Crivella fora do segundo turno o carioca disse n&atilde;o &agrave; mistura de f&eacute; e pol&iacute;tica. <\/p>\n<p>Fonte: <a class=\"snap_shots\" target=\"_blank\" href=\"http:\/\/www.alcnoticias.org\">www.alcnoticias.org<\/a> &nbsp;<\/p>\n","protected":false},"excerpt":{"rendered":"<p>Primeira pesquisa do DataFolha realizada ap&oacute;s encerramento do primeiro turno mostra empate t&eacute;cnico entre os candidatos Fernando Gabeira, do Partido Verde, e Eduardo Paes, do Partido do Movimento Democr&aacute;tico Brasileiro (PMDB). Eles concorrem &agrave; prefeitura do Rio de Janeiro.<br \/>\nGabeira tem 43% das inten&ccedil;&otilde;es de voto e Eduardo Paes 41%. Os dois candidatos herdaram votos [&#8230;]<\/p>\n","protected":false},"author":4,"featured_media":0,"comment_status":"open","ping_status":"open","sticky":false,"template":"","format":"standard","meta":{"ngg_post_thumbnail":0,"footnotes":""},"categories":[6114],"tags":[5414,5479,5519,5654,5958,6106],"class_list":["post-182","post","type-post","status-publish","format-standard","hentry","category-ultimas-de-la","tag-crivella","tag-eleicoes","tag-evangelicos","tag-iurd","tag-rio-de-janeiro","tag-voto"],"_links":{"self":[{"href":"https:\/\/ultimato.com.br\/sites\/blogdaultimato\/wp-json\/wp\/v2\/posts\/182","targetHints":{"allow":["GET"]}}],"collection":[{"href":"https:\/\/ultimato.com.br\/sites\/blogdaultimato\/wp-json\/wp\/v2\/posts"}],"about":[{"href":"https:\/\/ultimato.com.br\/sites\/blogdaultimato\/wp-json\/wp\/v2\/types\/post"}],"author":[{"embeddable":true,"href":"https:\/\/ultimato.com.br\/sites\/blogdaultimato\/wp-json\/wp\/v2\/users\/4"}],"replies":[{"embeddable":true,"href":"https:\/\/ultimato.com.br\/sites\/blogdaultimato\/wp-json\/wp\/v2\/comments?post=182"}],"version-history":[{"count":0,"href":"https:\/\/ultimato.com.br\/sites\/blogdaultimato\/wp-json\/wp\/v2\/posts\/182\/revisions"}],"wp:attachment":[{"href":"https:\/\/ultimato.com.br\/sites\/blogdaultimato\/wp-json\/wp\/v2\/media?parent=182"}],"wp:term":[{"taxonomy":"category","embeddable":true,"href":"https:\/\/ultimato.com.br\/sites\/blogdaultimato\/wp-json\/wp\/v2\/categories?post=182"},{"taxonomy":"post_tag","embeddable":true,"href":"https:\/\/ultimato.com.br\/sites\/blogdaultimato\/wp-json\/wp\/v2\/tags?post=182"}],"curies":[{"name":"wp","href":"https:\/\/api.w.org\/{rel}","templated":true}]}}