{"id":16953,"date":"2024-11-01T00:00:13","date_gmt":"2024-11-01T02:00:13","guid":{"rendered":"https:\/\/ultimato.com.br\/sites\/blogdaultimato\/?p=16953"},"modified":"2025-07-08T13:49:36","modified_gmt":"2025-07-08T15:49:36","slug":"a-um-clique-conteudo-extra-da-edicao-410-de-ultimato","status":"publish","type":"post","link":"https:\/\/ultimato.com.br\/sites\/blogdaultimato\/2024\/11\/01\/a-um-clique-conteudo-extra-da-edicao-410-de-ultimato\/","title":{"rendered":"A um clique: conte\u00fado extra da edi\u00e7\u00e3o 410 de Ultimato"},"content":{"rendered":"<header class=\"page-header\">\n<h1 class=\"entry-title\"><strong style=\"font-size: 16px;\">Leia mais do que foi oferecido na edi\u00e7\u00e3o de <a href=\"https:\/\/www.ultimato.com.br\/revista\/410\" target=\"_blank\" rel=\"noopener\">Novembro\/Dezembro<\/a>&nbsp;de Ultimato<\/strong><\/h1>\n<\/header>\n<div class=\"entry-content\">\n<p><a href=\"https:\/\/ultimato.com.br\/sites\/blogdaultimato\/files\/2025\/07\/capa_410.jpg\" class=\"lightview\" data-lightview-group=\"group-16953\" data-lightview-options=\"skin: 'dark', controls: 'relative', padding: '10', shadow: { color: '#000000', opacity: 0.08, blur: 3 }\"><img loading=\"lazy\" decoding=\"async\" class=\"alignright wp-image-16956\" src=\"https:\/\/ultimato.com.br\/sites\/blogdaultimato\/files\/2025\/07\/capa_410-300x300.jpg\" alt=\"\" width=\"226\" height=\"226\" srcset=\"https:\/\/ultimato.com.br\/sites\/blogdaultimato\/files\/2025\/07\/capa_410-300x300.jpg 300w, https:\/\/ultimato.com.br\/sites\/blogdaultimato\/files\/2025\/07\/capa_410-1024x1024.jpg 1024w, https:\/\/ultimato.com.br\/sites\/blogdaultimato\/files\/2025\/07\/capa_410-150x150.jpg 150w, https:\/\/ultimato.com.br\/sites\/blogdaultimato\/files\/2025\/07\/capa_410-768x768.jpg 768w, https:\/\/ultimato.com.br\/sites\/blogdaultimato\/files\/2025\/07\/capa_410-732x732.jpg 732w, https:\/\/ultimato.com.br\/sites\/blogdaultimato\/files\/2025\/07\/capa_410-1140x1140.jpg 1140w, https:\/\/ultimato.com.br\/sites\/blogdaultimato\/files\/2025\/07\/capa_410.jpg 1500w\" sizes=\"auto, (max-width: 226px) 100vw, 226px\" \/><\/a>Ultimato oferece muito mais conte\u00fado para o leitor aprofundar-se nos assuntos de cada se\u00e7\u00e3o da revista. Nesta postagem voc\u00ea pode conhecer todo o conte\u00fado extra que foi divulgado na edi\u00e7\u00e3o de <strong style=\"font-size: 16px;\"><a href=\"https:\/\/www.ultimato.com.br\/revista\/410\" target=\"_blank\" rel=\"noopener\">Novembro\/Dezembro<\/a><\/strong>&nbsp;de&nbsp;<strong>Ultimato<\/strong>. Aproveite!<\/p>\n<p>&nbsp;<\/p>\n<p><strong>PASTORAIS<\/strong> \u2013<em>A resson\u00e2ncia mais poderosa de todas<\/em>, por D\u00e9lnia Bastos<br \/>\n<a href=\"https:\/\/www.ultimato.com.br\/revista\/artigos\/400\/as-medidas-do-imensuravel-amor-de-deus\">As medidas do imensur\u00e1vel amor de Deus<\/a><\/p>\n<p>&nbsp;<\/p>\n<p><strong>O CAMINHO DO CORA\u00c7\u00c3O<\/strong>&nbsp;\u2013&nbsp;<em>Amadurecer: uma decis\u00e3o pessoal<\/em>, por Ricardo Barbosa de Sousa<br \/>\n<a href=\"https:\/\/ultimato.com.br\/sites\/estudos-biblicos\/assunto\/seis-perguntas-importantes-sobre-o-pecado\/\" target=\"_blank\" rel=\"noopener\">Estudo b\u00edblico: \u201cSeis perguntas importantes sobre o pecado\u201d<\/a><\/p>\n<p>&nbsp;<\/p>\n<p><strong>FAM\u00cdLIA<\/strong> \u2013 <em>Individualidade ou individualismo?<\/em>, por Carlos \u201cCatito\u201d e Dagmar Grzybowski<br \/>\n<a href=\"https:\/\/www.ultimato.com.br\/revista\/artigos\/406\/adolescentes-agressivos-como-lidar-com-eles\" target=\"_blank\" rel=\"noopener\">Adolescentes agressivos \u2013 como lidar com eles?<\/a><\/p>\n<\/div>\n<p>&nbsp;<\/p>\n<p><strong>REDESCOBRINDO A PALAVRA DE DEUS<\/strong>&nbsp;\u2013<em>&nbsp;O renascer de uma voca\u00e7\u00e3o<\/em>, por Valdir Steuernagel<br \/>\n<a href=\"https:\/\/www.ultimato.com.br\/conteudo\/viver-a-vocacao-valida-a-vida\" target=\"_blank\" rel=\"noopener\">Viver a voca\u00e7\u00e3o valida a vida<\/a><\/p>\n<p>&nbsp;<\/p>\n<div class=\"entry-content\">\n<p><strong>SESSENTA+<\/strong>&nbsp;\u2013&nbsp;<em>O que eu queria mesmo era &#8220;trabalhar para Deus&#8221;<\/em>, por Raquel Villela Alves<br \/>\n<a href=\"https:\/\/www.ultimato.com.br\/conteudo\/florescer-e-frutificar-e-tempo-de-colher\" target=\"_blank\" rel=\"noopener\">Florescer e frutificar \u2013 \u00c9 tempo de colher!<\/a><\/p>\n<\/div>\n<p>&nbsp;<\/p>\n<p><strong>CAMINHOS DA MISS\u00c3O<\/strong> \u2013 <em>Como transitei de mission\u00e1rio professor a mission\u00e1rio empres\u00e1rio<\/em>, por Hans Udo Fuchs<br \/>\n<a href=\"https:\/\/www.ultimato.com.br\/conteudo\/profissionais-em-missao\" target=\"_blank\" rel=\"noopener\">Profissionais em miss\u00e3o<\/a><\/p>\n<p>&nbsp;<\/p>\n<p><strong>REFLEX\u00c3O<\/strong> \u2013 <em>Como \u00e9 bom entristecer-se<\/em>, por Andr\u00e9 Kind<br \/>\n<a href=\"https:\/\/www.ultimato.com.br\/conteudo\/de-hoje-em-diante\" target=\"_blank\" rel=\"noopener\">N\u00e3o quero cantar can\u00e7\u00f5es de alegria quando \u00e9 tempo de cantar can\u00e7\u00f5es de tristeza<\/a><\/p>\n<div class=\"entry-content\">&nbsp;<\/div>\n<p><strong>HIST\u00d3RIA&nbsp;<\/strong>\u2013 <em>Sadhu Sundar Singh: um crist\u00e3o singular<\/em>, por Alderi Souza de Matos<br \/>\n<a href=\"https:\/\/www.ultimato.com.br\/conteudo\/o-testemunho-cristao-no-espaco-publico\" target=\"_blank\" rel=\"noopener\">O testemunho crist\u00e3o no espa\u00e7o p\u00fablico<\/a><\/p>\n<p>&nbsp;<\/p>\n<p><b>OS EVANG\u00c9LICOS NO BRASIL <\/b>\u2013 <em>Um chamado ao amor em a\u00e7\u00e3o<\/em>, por Sandra de Medeiros Campos<br \/>\n<a href=\"https:\/\/www.ultimato.com.br\/conteudo\/oitava-edicao-do-forum-refugiados-reflete-sobre-acolhimento-e-apoio-a-refugiados-no-brasil\" target=\"_blank\" rel=\"noopener\">Oitava edi\u00e7\u00e3o do F\u00f3rum Refugiados reflete sobre acolhimento e apoio a migrantes e refugiados no Brasil<\/a><\/p>\n<p>&nbsp;<\/p>\n<div class=\"entry-content\">\n<p><b>ESPECIAL <\/b>\u2013 <em>Vulnerabilidades que tornam filhos de mission\u00e1rios mais suscet\u00edveis ao abuso e ao sil\u00eancio<\/em>, por Braian Pitondo<br \/>\n<a href=\"https:\/\/www.ultimato.com.br\/conteudo\/perigo-a-vista-vulnerabilidades-que-tornam-filhos-de-missionarios-mais-suscetiveis-ao-abuso-e-ao-silencio\" target=\"_blank\" rel=\"noopener\">Vers\u00e3o ampliada de \u201cPerigo \u00e0 vista!\u201d<\/a><\/p>\n<\/div>\n<p>&nbsp;<\/p>\n<div class=\"entry-content\">\n<p><b>ACONTECEU COMIGO <\/b>\u2013 <em>De um selo postal ao selo do Esp\u00edrito<\/em>, por Fernando Oliveira<br \/>\n<a href=\"https:\/\/www.ultimato.com.br\/conteudo\/vida-chata-vida-bela\" target=\"_blank\" rel=\"noopener\">Vida chata, vida bela<\/a><\/p>\n<\/div>\n","protected":false},"excerpt":{"rendered":"<p>Ultimato oferece muito mais conte\u00fado para o leitor aprofundar-se nos assuntos de cada se\u00e7\u00e3o da revista. Nesta postagem voc\u00ea pode conhecer todo o conte\u00fado extra que foi divulgado na edi\u00e7\u00e3o de Novembro\/Dezembro\u00a0de\u00a0Ultimato. Aproveite!<\/p>\n","protected":false},"author":21,"featured_media":0,"comment_status":"open","ping_status":"open","sticky":false,"template":"","format":"standard","meta":{"ngg_post_thumbnail":0,"footnotes":""},"categories":[5153],"tags":[5953],"class_list":["post-16953","post","type-post","status-publish","format-standard","hentry","category-prateleira","tag-revista-ultimato"],"_links":{"self":[{"href":"https:\/\/ultimato.com.br\/sites\/blogdaultimato\/wp-json\/wp\/v2\/posts\/16953","targetHints":{"allow":["GET"]}}],"collection":[{"href":"https:\/\/ultimato.com.br\/sites\/blogdaultimato\/wp-json\/wp\/v2\/posts"}],"about":[{"href":"https:\/\/ultimato.com.br\/sites\/blogdaultimato\/wp-json\/wp\/v2\/types\/post"}],"author":[{"embeddable":true,"href":"https:\/\/ultimato.com.br\/sites\/blogdaultimato\/wp-json\/wp\/v2\/users\/21"}],"replies":[{"embeddable":true,"href":"https:\/\/ultimato.com.br\/sites\/blogdaultimato\/wp-json\/wp\/v2\/comments?post=16953"}],"version-history":[{"count":4,"href":"https:\/\/ultimato.com.br\/sites\/blogdaultimato\/wp-json\/wp\/v2\/posts\/16953\/revisions"}],"predecessor-version":[{"id":16979,"href":"https:\/\/ultimato.com.br\/sites\/blogdaultimato\/wp-json\/wp\/v2\/posts\/16953\/revisions\/16979"}],"wp:attachment":[{"href":"https:\/\/ultimato.com.br\/sites\/blogdaultimato\/wp-json\/wp\/v2\/media?parent=16953"}],"wp:term":[{"taxonomy":"category","embeddable":true,"href":"https:\/\/ultimato.com.br\/sites\/blogdaultimato\/wp-json\/wp\/v2\/categories?post=16953"},{"taxonomy":"post_tag","embeddable":true,"href":"https:\/\/ultimato.com.br\/sites\/blogdaultimato\/wp-json\/wp\/v2\/tags?post=16953"}],"curies":[{"name":"wp","href":"https:\/\/api.w.org\/{rel}","templated":true}]}}