{"id":16950,"date":"2024-09-01T00:00:39","date_gmt":"2024-09-01T02:00:39","guid":{"rendered":"https:\/\/ultimato.com.br\/sites\/blogdaultimato\/?p=16950"},"modified":"2025-07-08T13:49:52","modified_gmt":"2025-07-08T15:49:52","slug":"a-um-clique-conteudo-extra-da-edicao-409-de-ultimato","status":"publish","type":"post","link":"https:\/\/ultimato.com.br\/sites\/blogdaultimato\/2024\/09\/01\/a-um-clique-conteudo-extra-da-edicao-409-de-ultimato\/","title":{"rendered":"A um clique: conte\u00fado extra da edi\u00e7\u00e3o 409 de Ultimato"},"content":{"rendered":"<header class=\"page-header\">\n<h1 class=\"entry-title\"><strong style=\"font-size: 16px;\">Leia mais do que foi oferecido na edi\u00e7\u00e3o de <a href=\"https:\/\/www.ultimato.com.br\/revista\/409\" target=\"_blank\" rel=\"noopener\">Setembro\/Outubro<\/a>&nbsp;de Ultimato<\/strong><\/h1>\n<\/header>\n<div class=\"entry-content\">\n<p><a href=\"https:\/\/ultimato.com.br\/sites\/blogdaultimato\/files\/2025\/06\/capa_409.gif\" class=\"lightview\" data-lightview-group=\"group-16950\" data-lightview-options=\"skin: 'dark', controls: 'relative', padding: '10', shadow: { color: '#000000', opacity: 0.08, blur: 3 }\"><img loading=\"lazy\" decoding=\"async\" class=\"alignright size-medium wp-image-16951\" src=\"https:\/\/ultimato.com.br\/sites\/blogdaultimato\/files\/2025\/06\/capa_409-300x300.gif\" alt=\"\" width=\"300\" height=\"300\" srcset=\"https:\/\/ultimato.com.br\/sites\/blogdaultimato\/files\/2025\/06\/capa_409-300x300.gif 300w, https:\/\/ultimato.com.br\/sites\/blogdaultimato\/files\/2025\/06\/capa_409-150x150.gif 150w\" sizes=\"auto, (max-width: 300px) 100vw, 300px\" \/><\/a>Ultimato oferece muito mais conte\u00fado para o leitor aprofundar-se nos assuntos de cada se\u00e7\u00e3o da revista. Nesta postagem voc\u00ea pode conhecer todo o conte\u00fado extra que foi divulgado na edi\u00e7\u00e3o de <strong><a href=\"https:\/\/www.ultimato.com.br\/revista\/409\" target=\"_blank\" rel=\"noopener\">Setembro\/Outubro<\/a><\/strong>&nbsp;de&nbsp;<strong>Ultimato<\/strong>. Aproveite!<\/p>\n<p>&nbsp;<\/p>\n<p><strong>PASTORAIS<\/strong> \u2013 <em>Cante o poema do novo mundo<\/em>, por D\u00e9lio Porto<br \/>\n<a href=\"https:\/\/www.ultimato.com.br\/conteudo\/a-alegria-das-coisas-corrigidas\" target=\"_blank\" rel=\"noopener\">A alegria das coisas corrigidas<\/a><\/p>\n<p>&nbsp;<\/p>\n<p><strong>O CAMINHO DO CORA\u00c7\u00c3O<\/strong>&nbsp;\u2013&nbsp;<em>Escolhas necess\u00e1rias<\/em>, por Ricardo Barbosa de Sousa<br \/>\n<a href=\"https:\/\/www.ultimato.com.br\/conteudo\/paulo-o-apostolo-uma-vida-exemplar\" target=\"_blank\" rel=\"noopener\">Paulo, o ap\u00f3stolo \u2014 uma vida exemplar<\/a><\/p>\n<p>&nbsp;<\/p>\n<p><strong>FAM\u00cdLIA<\/strong> \u2013 Mais areia, ternura e dedo apontando para baixo&#8230;, por Carlos \u201cCatito\u201d e Dagmar Grzybowski<br \/>\n<a href=\"https:\/\/ultimato.com.br\/sites\/casamentoefamilia\/2013\/10\/29\/o-perdao\/\" target=\"_blank\" rel=\"noopener\">O perd\u00e3o<\/a><\/p>\n<p>&nbsp;<\/p>\n<p><strong>SESSENTA+<\/strong>&nbsp;\u2013&nbsp;<em>De mudan\u00e7a<\/em>, por Rute Salviano Almeida<br \/>\n<a href=\"https:\/\/www.ultimato.com.br\/conteudo\/a-vocacao-nao-mudou-e-vale-ate-ele-me-chamar-para-casa\" target=\"_blank\" rel=\"noopener\">A voca\u00e7\u00e3o n\u00e3o mudou. E vale at\u00e9 ele me chamar para casa<\/a><\/p>\n<\/div>\n<p>&nbsp;<\/p>\n<p><strong>CAMINHOS DA MISS\u00c3O<\/strong>&nbsp;\u2013&nbsp;<em>Sofrimento e miss\u00e3o,&nbsp;<\/em>por Ronaldo Lid\u00f3rio<br \/>\n<a href=\"https:\/\/www.ultimato.com.br\/conteudo\/os-planos-frustrados-e-os-planos-de-deus\" target=\"_blank\" rel=\"noopener\">Os planos frustrados e os planos de Deus<\/a><\/p>\n<div class=\"entry-content\">\n<p>&nbsp;<\/p>\n<p><strong>REDESCOBRINDO A PALAVRA DE DEUS<\/strong> \u2013<em> \u201cSejam meus imitadores\u201d: fotografias de uma biografia<\/em>, por Valdir Steuernagel<br \/>\n<a href=\"https:\/\/www.ultimato.com.br\/conteudo\/os-pioneiros-falam-sobre-missao-integral\" target=\"_blank\" rel=\"noopener\">Os pioneiros falam sobre miss\u00e3o integral<\/a><\/p>\n<\/div>\n<p>&nbsp;<\/p>\n<p><strong>HIST\u00d3RIA&nbsp;<\/strong>\u2013 <em>Empreendimentos eum\u00eanicos no protestantismo latino-americano<\/em>, por Marcone Bezerra Carvalho<br \/>\n<a href=\"https:\/\/www.ultimato.com.br\/conteudo\/para-que-sejam-um-breve-panorama-do-movimento-ecumenico\">Para que sejam um: breve panorama do movimento ecum\u00eanico<\/a><\/p>\n<p>&nbsp;<\/p>\n<div class=\"entry-content\">\n<p><b>TEND\u00caNCIAS <\/b>\u2013&nbsp;<em>A fic\u00e7\u00e3o crist\u00e3 como conselho<\/em>, por Daniel Faria<br \/>\n<a href=\"https:\/\/www.ultimato.com.br\/conteudo\/literatura-fantastica-crista\" target=\"_blank\" rel=\"noopener\">Literatura fant\u00e1stica crist\u00e3<\/a><\/p>\n<p>&nbsp;<\/p>\n<p><strong>REFLEX\u00c3O<\/strong>&nbsp;\u2013&nbsp;<em>Um col\u00edrio para olhos cansados. Que revela\u00e7\u00e3o!<\/em>, por Lucas Pegoraro<br \/>\n<a href=\"https:\/\/www.ultimato.com.br\/conteudo\/um-colirio-para-olhos-cansados-que-revelacao\" target=\"_blank\" rel=\"noopener\">Vers\u00e3o ampliada de \u201cUm col\u00edrio para olhos cansados. Que revela\u00e7\u00e3o!\u201d<\/a><\/p>\n<p>&nbsp;<\/p>\n<p><b>LITERATURA E CULTURA <\/b>\u2013 <em>A can\u00e7\u00e3o &#8220;Borzeguim&#8221;, de Ant\u00f4nio Carlos Brasileiro de Almeita Jobim<\/em>, por Gladir Cabral<br \/>\n<a href=\"https:\/\/www.ultimato.com.br\/conteudo\/o-fim-dos-tempos-e-o-meio-ambiente\/200\" target=\"_blank\" rel=\"noopener\">O fim dos tempos e o meio ambiente<\/a><\/p>\n<p>&nbsp;<\/p>\n<\/div>\n<p><b>VAMOS LER! <\/b>\u2013&nbsp;<em>Pessoas. Humanas? Divinas? Os dois?<\/em>, por Gesiel Borges da Silva<br \/>\n<a href=\"https:\/\/www.ultimato.com.br\/conteudo\/pessoas-humanas-divinas-os-dois\" target=\"_blank\" rel=\"noopener\">Vers\u00e3o ampliada de \u201cPessoas. Humanas? Divinas? Os dois?\u201d<\/a><\/p>\n<p>&nbsp;<\/p>\n<div class=\"entry-content\">\n<p><b>ACONTECEU COMIGO <\/b>\u2013 <em>Quem sofre sempre tem que procurar raz\u00e3o para viver<\/em>, por Nelson Bomilcar<br \/>\n<a href=\"https:\/\/www.ultimato.com.br\/conteudo\/va-a-ele-como-esta-simples-assim-um-hino-classico\" target=\"_blank\" rel=\"noopener\">\u201cV\u00e1 a ele como est\u00e1\u201d, simples assim. Um hino cl\u00e1ssico<\/a><\/p>\n<\/div>\n","protected":false},"excerpt":{"rendered":"<p>Ultimato oferece muito mais conte\u00fado para o leitor aprofundar-se nos assuntos de cada se\u00e7\u00e3o da revista. Nesta postagem voc\u00ea pode conhecer todo o conte\u00fado extra que foi divulgado na edi\u00e7\u00e3o de Setembro\/Outubro\u00a0de\u00a0Ultimato. Aproveite!<\/p>\n","protected":false},"author":21,"featured_media":0,"comment_status":"open","ping_status":"open","sticky":false,"template":"","format":"standard","meta":{"ngg_post_thumbnail":0,"footnotes":""},"categories":[5153],"tags":[5953],"class_list":["post-16950","post","type-post","status-publish","format-standard","hentry","category-prateleira","tag-revista-ultimato"],"_links":{"self":[{"href":"https:\/\/ultimato.com.br\/sites\/blogdaultimato\/wp-json\/wp\/v2\/posts\/16950","targetHints":{"allow":["GET"]}}],"collection":[{"href":"https:\/\/ultimato.com.br\/sites\/blogdaultimato\/wp-json\/wp\/v2\/posts"}],"about":[{"href":"https:\/\/ultimato.com.br\/sites\/blogdaultimato\/wp-json\/wp\/v2\/types\/post"}],"author":[{"embeddable":true,"href":"https:\/\/ultimato.com.br\/sites\/blogdaultimato\/wp-json\/wp\/v2\/users\/21"}],"replies":[{"embeddable":true,"href":"https:\/\/ultimato.com.br\/sites\/blogdaultimato\/wp-json\/wp\/v2\/comments?post=16950"}],"version-history":[{"count":4,"href":"https:\/\/ultimato.com.br\/sites\/blogdaultimato\/wp-json\/wp\/v2\/posts\/16950\/revisions"}],"predecessor-version":[{"id":16981,"href":"https:\/\/ultimato.com.br\/sites\/blogdaultimato\/wp-json\/wp\/v2\/posts\/16950\/revisions\/16981"}],"wp:attachment":[{"href":"https:\/\/ultimato.com.br\/sites\/blogdaultimato\/wp-json\/wp\/v2\/media?parent=16950"}],"wp:term":[{"taxonomy":"category","embeddable":true,"href":"https:\/\/ultimato.com.br\/sites\/blogdaultimato\/wp-json\/wp\/v2\/categories?post=16950"},{"taxonomy":"post_tag","embeddable":true,"href":"https:\/\/ultimato.com.br\/sites\/blogdaultimato\/wp-json\/wp\/v2\/tags?post=16950"}],"curies":[{"name":"wp","href":"https:\/\/api.w.org\/{rel}","templated":true}]}}