{"id":16946,"date":"2024-07-01T00:00:52","date_gmt":"2024-07-01T02:00:52","guid":{"rendered":"https:\/\/ultimato.com.br\/sites\/blogdaultimato\/?p=16946"},"modified":"2025-07-08T13:50:42","modified_gmt":"2025-07-08T15:50:42","slug":"a-um-clique-conteudo-extra-da-edicao-408-de-ultimato","status":"publish","type":"post","link":"https:\/\/ultimato.com.br\/sites\/blogdaultimato\/2024\/07\/01\/a-um-clique-conteudo-extra-da-edicao-408-de-ultimato\/","title":{"rendered":"A um clique: conte\u00fado extra da edi\u00e7\u00e3o 408 de Ultimato"},"content":{"rendered":"<p><strong>Leia mais do que foi oferecido na edi\u00e7\u00e3o de <a href=\"https:\/\/www.ultimato.com.br\/revista\/408\" target=\"_blank\" rel=\"noopener\">Julho\/Agosto<\/a>&nbsp;de Ultimato<\/strong><\/p>\n<p><a href=\"https:\/\/ultimato.com.br\/sites\/blogdaultimato\/files\/2025\/06\/Capa408.jpg\" class=\"lightview\" data-lightview-group=\"group-16946\" data-lightview-options=\"skin: 'dark', controls: 'relative', padding: '10', shadow: { color: '#000000', opacity: 0.08, blur: 3 }\"><img loading=\"lazy\" decoding=\"async\" class=\"alignright size-medium wp-image-16948\" src=\"https:\/\/ultimato.com.br\/sites\/blogdaultimato\/files\/2025\/06\/Capa408-290x300.jpg\" alt=\"\" width=\"290\" height=\"300\" srcset=\"https:\/\/ultimato.com.br\/sites\/blogdaultimato\/files\/2025\/06\/Capa408-290x300.jpg 290w, https:\/\/ultimato.com.br\/sites\/blogdaultimato\/files\/2025\/06\/Capa408.jpg 350w\" sizes=\"auto, (max-width: 290px) 100vw, 290px\" \/><\/a>Ultimato oferece muito mais conte\u00fado para o leitor aprofundar-se nos assuntos de cada se\u00e7\u00e3o da revista. Nesta postagem voc\u00ea pode conhecer todo o conte\u00fado extra que foi divulgado na edi\u00e7\u00e3o de<strong> <a href=\"https:\/\/www.ultimato.com.br\/revista\/408\" target=\"_blank\" rel=\"noopener\">Julho\/Agosto<\/a><\/strong>&nbsp;de&nbsp;<strong>Ultimato<\/strong>. Aproveite!<\/p>\n<p>&nbsp;<\/p>\n<p><b>ABERTURA <\/b>\u2013 <em>O prolongamento da dor<\/em>, por Elben C\u00e9sar<br \/>\n<a href=\"https:\/\/ultimato.com.br\/sites\/elbencesar\/\" target=\"_blank\" rel=\"noopener\">Legado Elben C\u00e9sar<\/a><\/p>\n<p>&nbsp;<\/p>\n<p><strong>PASTORAIS<\/strong> \u2013 <em>Ascens\u00e3o n\u00e3o seguida nem visualizada<\/em>, por Jony W. de Almeida<br \/>\n<a href=\"https:\/\/www.ultimato.com.br\/conteudo\/por-que-a-ascensao-de-cristo-importa\" target=\"_blank\" rel=\"noopener\">Por que a ascens\u00e3o de Cristo importa<\/a><\/p>\n<p>&nbsp;<\/p>\n<p><strong>O CAMINHO DO CORA\u00c7\u00c3O<\/strong>&nbsp;\u2013&nbsp;<em>O maior desejo<\/em>, por Ricardo Barbosa de Sousa<br \/>\n<a href=\"https:\/\/www.ultimato.com.br\/revista\/artigos\/343\/a-beleza-salvara-o-mundo\" target=\"_blank\" rel=\"noopener\">A beleza salvar\u00e1 o mundo<\/a><\/p>\n<p>&nbsp;<\/p>\n<p><strong>FAM\u00cdLIA<\/strong>&nbsp;\u2013&nbsp;<em>Lidando com as perdas<\/em>, por Carlos \u201cCatito\u201d e Dagmar Grzybowski<br \/>\n<a href=\"https:\/\/www.ultimato.com.br\/conteudo\/por-que-a-igreja-deve-se-preparar-para-responder-a-desastres\" target=\"_blank\" rel=\"noopener\">Por que a igreja deve se preparar para responder a desastres?<\/a><\/p>\n<p>&nbsp;<\/p>\n<p><b>SESSENTA <\/b><strong>+<\/strong> \u2013 <em>Ele nunca me deixou s\u00f3<\/em>, por Euza Lid\u00f3rio<br \/>\n<a href=\"https:\/\/www.ultimato.com.br\/conteudo\/deus-ouve-as-oracoes\" target=\"_blank\" rel=\"noopener\">Deus ouve as ora\u00e7\u00f5es<\/a><\/p>\n<p>&nbsp;<\/p>\n<p><strong>REDESCOBRINDO A PALAVRA DE DEUS<\/strong> \u2013 <em>Onde est\u00e1 Deus quando chove (tanto)?<\/em>, por Valdir Steuernagel<br \/>\n<a href=\"https:\/\/ultimato.com.br\/sites\/estudos-biblicos\/assunto\/aconselhamento\/socorro-em-meio-a-crise\/\" target=\"_blank\" rel=\"noopener\">Estudo b\u00edblico \u201cSocorro em meio \u00e0 crise\u201d<\/a><\/p>\n<p>&nbsp;<\/p>\n<p><strong>CAMINHOS DA MISS\u00c3O<\/strong>&nbsp;\u2013&nbsp;<em>Escrevendo e ensinando nos caminhos da miss\u00e3o<\/em>, por Maura Ju\u00e7\u00e1 Manoel<br \/>\n<a href=\"https:\/\/www.ultimato.com.br\/conteudo\/o-ministerio-literario#rene+padilla\" target=\"_blank\" rel=\"noopener\">Existe um \u201cminist\u00e9rio\u201d da palavra escrita?<\/a><\/p>\n<p>&nbsp;<\/p>\n<p><b>ESPECIAL <\/b>\u2013 <em>Robinson Cavalcanti, 80 anos: um intelectual a servi\u00e7o da igreja<\/em>, por Lyndon de A. Santos<br \/>\n<a href=\"https:\/\/ultimato.com.br\/sites\/robinsoncavalcanti\/\" target=\"_blank\" rel=\"noopener\">Memorial Robinson Cavalcanti<\/a><\/p>\n<p>&nbsp;<\/p>\n<p><strong>HIST\u00d3RIA<\/strong> \u2013 <em>\u201cUm homem para os outros&#8221;: O legado de Dietrich Bonhoeffer<\/em>, por Alderi Souza de Matos<br \/>\n<a href=\"https:\/\/ultimato.com.br\/sites\/gladircabral\/2017\/04\/28\/raio-de-sol\/\" target=\"_blank\" rel=\"noopener\">Raio de Sol<\/a><\/p>\n<p>&nbsp;<\/p>\n<p><b>REFLEX\u00c3O <\/b>\u2013 <em>\u201cDaniel, voc\u00ea \u00e9 muito amado&#8221;<\/em>, por Ana Heloysa<br \/>\n<a href=\"https:\/\/www.ultimato.com.br\/revista\/artigos\/407\/coragem-e-para-os-que-tem-medo\" target=\"_blank\" rel=\"noopener\">Coragem \u00e9 para os que t\u00eam medo<\/a><\/p>\n<p>&nbsp;<\/p>\n<p><b>TEND\u00caNCIAS <\/b>\u2013<em> Sexualidade do &#8220;controle&#8221; em um mundo desorientado, <\/em>por Davi C. Ribeiro Lin<br \/>\n<a href=\"https:\/\/www.ultimato.com.br\/editora\/conteudo\/o-evangelho-e-a-geracao-z-ministrando-a-ultima-geracao-do-mundo\" target=\"_blank\" rel=\"noopener\">O evangelho e a Gera\u00e7\u00e3o Z: ministrando \u00e0 \u201c\u00faltima gera\u00e7\u00e3o do mundo\u201d<\/a><\/p>\n<p>&nbsp;<\/p>\n<p><strong>VAMOS LER!<\/strong> \u2013 <em>Por que n\u00e3o filosofar sobre a liturgia<\/em>, por Arthur Henrique Soares dos Santos<br \/>\n<a href=\"https:\/\/www.ultimato.com.br\/conteudo\/versao-ampliada-de-por-que-nao-filosofar-sobre-a-liturgia\" target=\"_blank\" rel=\"noopener\">Vers\u00e3o ampliada de \u201cPor que n\u00e3o filosofar sobre a liturgia?\u201d<\/a><\/p>\n<p>&nbsp;<\/p>\n<p><strong>ACONTECEU COMIGO<\/strong> \u2013 \u201cPe\u00e7a-me outra coisa, pois crente eu n\u00e3o quero ser!&#8221;, por Samuel Rego<br \/>\n<a href=\"https:\/\/www.ultimato.com.br\/conteudo\/peca-me-outra-coisa-pois-crente-eu-nao-quero-ser\" target=\"_blank\" rel=\"noopener\">Vers\u00e3o ampliada de \u201cPe\u00e7a-me outra coisa, pois crente eu n\u00e3o quero ser!\u201d<\/a><\/p>\n","protected":false},"excerpt":{"rendered":"<p>Ultimato oferece muito mais conte\u00fado para o leitor aprofundar-se nos assuntos de cada se\u00e7\u00e3o da revista. Nesta postagem voc\u00ea pode conhecer todo o conte\u00fado extra que foi divulgado na edi\u00e7\u00e3o de Julho\/Agosto\u00a0de\u00a0Ultimato. Aproveite!<\/p>\n","protected":false},"author":21,"featured_media":0,"comment_status":"open","ping_status":"open","sticky":false,"template":"","format":"standard","meta":{"ngg_post_thumbnail":0,"footnotes":""},"categories":[5153],"tags":[5953],"class_list":["post-16946","post","type-post","status-publish","format-standard","hentry","category-prateleira","tag-revista-ultimato"],"_links":{"self":[{"href":"https:\/\/ultimato.com.br\/sites\/blogdaultimato\/wp-json\/wp\/v2\/posts\/16946","targetHints":{"allow":["GET"]}}],"collection":[{"href":"https:\/\/ultimato.com.br\/sites\/blogdaultimato\/wp-json\/wp\/v2\/posts"}],"about":[{"href":"https:\/\/ultimato.com.br\/sites\/blogdaultimato\/wp-json\/wp\/v2\/types\/post"}],"author":[{"embeddable":true,"href":"https:\/\/ultimato.com.br\/sites\/blogdaultimato\/wp-json\/wp\/v2\/users\/21"}],"replies":[{"embeddable":true,"href":"https:\/\/ultimato.com.br\/sites\/blogdaultimato\/wp-json\/wp\/v2\/comments?post=16946"}],"version-history":[{"count":2,"href":"https:\/\/ultimato.com.br\/sites\/blogdaultimato\/wp-json\/wp\/v2\/posts\/16946\/revisions"}],"predecessor-version":[{"id":16982,"href":"https:\/\/ultimato.com.br\/sites\/blogdaultimato\/wp-json\/wp\/v2\/posts\/16946\/revisions\/16982"}],"wp:attachment":[{"href":"https:\/\/ultimato.com.br\/sites\/blogdaultimato\/wp-json\/wp\/v2\/media?parent=16946"}],"wp:term":[{"taxonomy":"category","embeddable":true,"href":"https:\/\/ultimato.com.br\/sites\/blogdaultimato\/wp-json\/wp\/v2\/categories?post=16946"},{"taxonomy":"post_tag","embeddable":true,"href":"https:\/\/ultimato.com.br\/sites\/blogdaultimato\/wp-json\/wp\/v2\/tags?post=16946"}],"curies":[{"name":"wp","href":"https:\/\/api.w.org\/{rel}","templated":true}]}}