{"id":16923,"date":"2023-09-01T00:00:37","date_gmt":"2023-09-01T02:00:37","guid":{"rendered":"https:\/\/ultimato.com.br\/sites\/blogdaultimato\/?p=16923"},"modified":"2025-07-08T13:59:07","modified_gmt":"2025-07-08T15:59:07","slug":"a-um-clique-conteudo-extra-da-edicao-403-de-ultimato","status":"publish","type":"post","link":"https:\/\/ultimato.com.br\/sites\/blogdaultimato\/2023\/09\/01\/a-um-clique-conteudo-extra-da-edicao-403-de-ultimato\/","title":{"rendered":"A um clique: conte\u00fado extra da edi\u00e7\u00e3o 403 de Ultimato"},"content":{"rendered":"<p><strong>Leia mais do que foi oferecido na edi\u00e7\u00e3o de <a href=\"https:\/\/www.ultimato.com.br\/revista\/403\" target=\"_blank\" rel=\"noopener\">Setembro\/Outubro<\/a>&nbsp;de Ultimato<\/strong><\/p>\n<p><a href=\"https:\/\/ultimato.com.br\/sites\/blogdaultimato\/files\/2025\/06\/Ultimato_01.png\" class=\"lightview\" data-lightview-group=\"group-16923\" data-lightview-options=\"skin: 'dark', controls: 'relative', padding: '10', shadow: { color: '#000000', opacity: 0.08, blur: 3 }\"><img loading=\"lazy\" decoding=\"async\" class=\"alignright wp-image-16924\" src=\"https:\/\/ultimato.com.br\/sites\/blogdaultimato\/files\/2025\/06\/Ultimato_01.png\" alt=\"\" width=\"179\" height=\"235\"><\/a>Ultimato oferece muito mais conte\u00fado para o leitor aprofundar-se nos assuntos de cada se\u00e7\u00e3o da revista. Nesta postagem voc\u00ea pode conhecer todo o conte\u00fado extra que foi divulgado na edi\u00e7\u00e3o de<strong><a href=\"https:\/\/www.ultimato.com.br\/revista\/403\" target=\"_blank\" rel=\"noopener\"> Setembro\/Outubro<\/a><\/strong>&nbsp;de&nbsp;<strong>Ultimato<\/strong>. Aproveite!<\/p>\n<p>&nbsp;<\/p>\n<p><strong>ABERTURA<\/strong> \u2013 <em>A provid\u00eancia de Deus<\/em>, por Elber C\u00e9sar<br \/>\n<a href=\"https:\/\/ultimato.com.br\/sites\/elbencesar\/\" target=\"_blank\" rel=\"noopener\">Legado Elben C\u00e9sar<\/a><\/p>\n<p>&nbsp;<\/p>\n<p><strong>PASTORAIS<\/strong> \u2013 <em>Relacionamentos espelhados<\/em>, por Ronaldo Lid\u00f3rio<br \/>\n<a href=\"https:\/\/www.ultimato.com.br\/conteudo\/o-modelo-de-jesus-para-solucionar-conflitos-pessoais\" target=\"_blank\" rel=\"noopener\">O modelo de Jesus para solucionar conflitos pessoais<\/a><\/p>\n<p>&nbsp;<\/p>\n<p><b>CAPA <\/b>\u2013 <em>BEM-DITO! Uma cole\u00e7\u00e3o de textos de exalta\u00e7\u00e3o de Deus<\/em><br \/>\nVeja sele\u00e7\u00e3o feita por Ultimato e aprofunde-se no tema<\/p>\n<p>&nbsp;<\/p>\n<p><strong>FAM\u00cdLIA<\/strong>&nbsp;\u2013&nbsp;<em>Infidelidade \u00e9 o mesmo que adult\u00e9rio?<\/em>, por Carlos \u201cCatito\u201d e Dagmar Grzybowski<br \/>\n<a href=\"https:\/\/ultimato.com.br\/sites\/estudos-biblicos\/assunto\/etica\/a-cobica-onde-o-adulterio-comeca\/\" target=\"_blank\" rel=\"noopener\">Estudo b\u00edblico \u201cA cobi\u00e7a \u2013 onde o adult\u00e9rio come\u00e7a\u201d<\/a><\/p>\n<p>&nbsp;<\/p>\n<p><strong>REDESCOBRINDO A PALAVRA DE DEUS<\/strong>&nbsp;\u2013&nbsp;<em>O evangelho vai al\u00e9m!<\/em>, por Valdir Steuernagel<br \/>\n<a href=\"https:\/\/www.ultimato.com.br\/conteudo\/a-importancia-da-mulher-na-preservacao-da-religiao\" target=\"_blank\" rel=\"noopener\">A import\u00e2ncia da mulher na preserva\u00e7\u00e3o da religi\u00e3o<\/a><\/p>\n<p>&nbsp;<\/p>\n<p><strong>CAMINHOS DA MISS\u00c3O<\/strong>&nbsp;\u2013&nbsp;<em>Cartas a um mission\u00e1rio das \u00faltimas fronteiras<\/em>, por D\u00e9lnia Bastos<br \/>\n<a href=\"https:\/\/www.ultimato.com.br\/conteudo\/enviando-e-cuidando-dos-missionarios\" target=\"_blank\" rel=\"noopener\">Enviando e cuidando dos mission\u00e1rios<\/a><\/p>\n<p>&nbsp;<\/p>\n<p><strong>REFLEX\u00c3O<\/strong> \u2013 <em>Vislumbres de um reino que j\u00e1 come\u00e7ou<\/em>, por Ana Terra<br \/>\n<a href=\"https:\/\/www.ultimato.com.br\/conteudo\/qual-o-papel-dos-cristaos-diante-da-crise-humanitaria-de-refugiados\" target=\"_blank\" rel=\"noopener\">Qual o papel dos crist\u00e3os diante da crise humanit\u00e1ria de refugiados?<\/a><\/p>\n<p>&nbsp;<\/p>\n<p><strong>HIST\u00d3RIA<\/strong> \u2013 <em>Vermigli: um reformador italiano&#8230; e internacional<\/em>, por Alderi Souza de Matos<br \/>\n<a href=\"https:\/\/www.ultimato.com.br\/conteudo\/o-que-voce-precisa-saber-sobre-a-reforma-protestante\" target=\"_blank\" rel=\"noopener\">O que voc\u00ea precisa saber sobre a Reforma Protestante<\/a><\/p>\n<p>&nbsp;<\/p>\n<p><b>OS EVANG\u00c9LICOS NO BRASIL <\/b>\u2013 <em>Odiados pela sociedade, amados por Deus<\/em><i>, <\/i>por Clemir Fernandes<br \/>\n<a href=\"https:\/\/www.ultimato.com.br\/editora\/conteudo\/lembrem-se-dos-que-estao-na-prisao\" target=\"_blank\" rel=\"noopener\">Lembrem-se dos que est\u00e3o na pris\u00e3o<\/a><br \/>\n<a href=\"https:\/\/www.ultimato.com.br\/editora\/conteudo\/o-que-os-cristaos-tem-a-ver-com-as-prisoes\" target=\"_blank\" rel=\"noopener\">O que os crist\u00e3os t\u00eam a ver com as pris\u00f5es?<\/a><\/p>\n<p>&nbsp;<\/p>\n<p><b>TEND\u00caNCIAS <\/b>\u2013 <em>Sa\u00fade e F\u00e9<\/em>, por Karen Bomilcar&nbsp;<br \/>\n<a href=\"https:\/\/www.ultimato.com.br\/conteudo\/saude-mental-um-dos-aspectos-da-missao\" target=\"_blank\" rel=\"noopener\">Sa\u00fade mental, um dos aspectos da miss\u00e3o<\/a><\/p>\n<p>&nbsp;<\/p>\n<p><b>LITERATURA E CULTURA <\/b>\u2013 <em>O teopo\u00e9tico em &#8220;Jeremias sem Chorar&#8221;, de Cassiano Ricardo<\/em>, por Gladir Cabral<br \/>\n<a href=\"https:\/\/www.ultimato.com.br\/conteudo\/jeremias-esperanca-em-tempos-de-caos\" target=\"_blank\" rel=\"noopener\">Jeremias: esperan\u00e7a em tempos de caos<\/a><\/p>\n<p>&nbsp;<\/p>\n<p><b>VAMOS LER!<\/b>\u2013 <em>Come\u00e7ando do come\u00e7o: Filosofia da religi\u00e3o<\/em>, por Arthur Henrique Soares dos Santos<br \/>\n<a href=\"https:\/\/www.ultimato.com.br\/conteudo\/comecando-do-comeco-filosofia-da-religiao\" target=\"_blank\" rel=\"noopener\">Vers\u00e3o ampliada de \u201cCome\u00e7ando do come\u00e7o: Filosofia da Religi\u00e3o\u201d<\/a><\/p>\n<p>&nbsp;<\/p>\n<p><strong>ACONTECEU COMIGO<\/strong> \u2013 <em>A irm\u00e3 do filho pr\u00f3digo: &#8220;Eu n\u00e3o creio em voc\u00ea&#8221;<\/em>, por Thais dos Santos Zamba<br \/>\n<a href=\"https:\/\/www.ultimato.com.br\/conteudo\/um-vazio-do-tamanho-de-deus\" target=\"_blank\" rel=\"noopener\">Um vazio do tamanho de Deus<\/a><\/p>\n","protected":false},"excerpt":{"rendered":"<p>Ultimato oferece muito mais conte\u00fado para o leitor aprofundar-se nos assuntos de cada se\u00e7\u00e3o da revista. Nesta postagem voc\u00ea pode conhecer todo o conte\u00fado extra que foi divulgado na edi\u00e7\u00e3o de Setembro\/Outubro\u00a0de\u00a0Ultimato. Aproveite!<\/p>\n","protected":false},"author":21,"featured_media":0,"comment_status":"open","ping_status":"open","sticky":false,"template":"","format":"standard","meta":{"ngg_post_thumbnail":0,"footnotes":""},"categories":[5153],"tags":[5953],"class_list":["post-16923","post","type-post","status-publish","format-standard","hentry","category-prateleira","tag-revista-ultimato"],"_links":{"self":[{"href":"https:\/\/ultimato.com.br\/sites\/blogdaultimato\/wp-json\/wp\/v2\/posts\/16923","targetHints":{"allow":["GET"]}}],"collection":[{"href":"https:\/\/ultimato.com.br\/sites\/blogdaultimato\/wp-json\/wp\/v2\/posts"}],"about":[{"href":"https:\/\/ultimato.com.br\/sites\/blogdaultimato\/wp-json\/wp\/v2\/types\/post"}],"author":[{"embeddable":true,"href":"https:\/\/ultimato.com.br\/sites\/blogdaultimato\/wp-json\/wp\/v2\/users\/21"}],"replies":[{"embeddable":true,"href":"https:\/\/ultimato.com.br\/sites\/blogdaultimato\/wp-json\/wp\/v2\/comments?post=16923"}],"version-history":[{"count":4,"href":"https:\/\/ultimato.com.br\/sites\/blogdaultimato\/wp-json\/wp\/v2\/posts\/16923\/revisions"}],"predecessor-version":[{"id":16984,"href":"https:\/\/ultimato.com.br\/sites\/blogdaultimato\/wp-json\/wp\/v2\/posts\/16923\/revisions\/16984"}],"wp:attachment":[{"href":"https:\/\/ultimato.com.br\/sites\/blogdaultimato\/wp-json\/wp\/v2\/media?parent=16923"}],"wp:term":[{"taxonomy":"category","embeddable":true,"href":"https:\/\/ultimato.com.br\/sites\/blogdaultimato\/wp-json\/wp\/v2\/categories?post=16923"},{"taxonomy":"post_tag","embeddable":true,"href":"https:\/\/ultimato.com.br\/sites\/blogdaultimato\/wp-json\/wp\/v2\/tags?post=16923"}],"curies":[{"name":"wp","href":"https:\/\/api.w.org\/{rel}","templated":true}]}}