{"id":16919,"date":"2023-07-01T00:00:56","date_gmt":"2023-07-01T02:00:56","guid":{"rendered":"https:\/\/ultimato.com.br\/sites\/blogdaultimato\/?p=16919"},"modified":"2025-06-26T23:31:05","modified_gmt":"2025-06-27T01:31:05","slug":"a-um-clique-conteudo-extra-da-edicao-402-de-ultimato","status":"publish","type":"post","link":"https:\/\/ultimato.com.br\/sites\/blogdaultimato\/2023\/07\/01\/a-um-clique-conteudo-extra-da-edicao-402-de-ultimato\/","title":{"rendered":"A um clique: conte\u00fado extra da edi\u00e7\u00e3o 402 de Ultimato"},"content":{"rendered":"<p><strong>Leia mais do que foi oferecido na edi\u00e7\u00e3o de <a href=\"https:\/\/www.ultimato.com.br\/revista\/402\" target=\"_blank\" rel=\"noopener\">Julho\/Agosto<\/a>&nbsp;de Ultimato<\/strong><\/p>\n<p><a href=\"https:\/\/ultimato.com.br\/sites\/blogdaultimato\/files\/2025\/06\/61855_Revista-Ultimato-Ed.-403_r2_Pagina_08.png\" class=\"lightview\" data-lightview-group=\"group-16919\" data-lightview-options=\"skin: 'dark', controls: 'relative', padding: '10', shadow: { color: '#000000', opacity: 0.08, blur: 3 }\"><img loading=\"lazy\" decoding=\"async\" class=\"alignright wp-image-16921\" src=\"https:\/\/ultimato.com.br\/sites\/blogdaultimato\/files\/2025\/06\/61855_Revista-Ultimato-Ed.-403_r2_Pagina_08-284x300.png\" alt=\"\" width=\"239\" height=\"252\" srcset=\"https:\/\/ultimato.com.br\/sites\/blogdaultimato\/files\/2025\/06\/61855_Revista-Ultimato-Ed.-403_r2_Pagina_08-284x300.png 284w, https:\/\/ultimato.com.br\/sites\/blogdaultimato\/files\/2025\/06\/61855_Revista-Ultimato-Ed.-403_r2_Pagina_08.png 350w\" sizes=\"auto, (max-width: 239px) 100vw, 239px\" \/><\/a>Ultimato oferece muito mais conte\u00fado para o leitor aprofundar-se nos assuntos de cada se\u00e7\u00e3o da revista. Nesta postagem voc\u00ea pode conhecer todo o conte\u00fado extra que foi divulgado na edi\u00e7\u00e3o de <strong><a href=\"https:\/\/www.ultimato.com.br\/revista\/402\" target=\"_blank\" rel=\"noopener\">Julho\/Agosto<\/a><\/strong>&nbsp;de&nbsp;<strong>Ultimato<\/strong>. Aproveite!<\/p>\n<p>&nbsp;<\/p>\n<p><strong>ABERTURA<\/strong> \u2013 <em>Adore a Deus<\/em>, por Elber C\u00e9sar<br \/>\n<a href=\"https:\/\/ultimato.com.br\/sites\/elbencesar\/\" target=\"_blank\" rel=\"noopener\">Legado Elben C\u00e9sar<\/a><\/p>\n<p>&nbsp;<\/p>\n<p><strong>PASTORAIS<\/strong> \u2013 <em>Quem se atreve a nos acusar?<\/em>, por D\u00e9lnia Bastos<br \/>\n<a href=\"https:\/\/ultimato.com.br\/sites\/estudos-biblicos\/assunto\/apologetica\/cinco-perguntas-que-todo-cristao-precisa-responder\/\" target=\"_blank\" rel=\"noopener\">Estudo b\u00edblico \u201cCinco perguntas que todo crist\u00e3o precisa responder\u201d<\/a><\/p>\n<p>&nbsp;<\/p>\n<p><b>CAPA <\/b>\u2013 <em>O ensino de Jesus acerca do dinheiro<\/em>, por Luiz Felipe Xavier<br \/>\n<a href=\"https:\/\/www.ultimato.com.br\/conteudo\/o-paradigma-tornando-nos-mais-semelhantes-a-cristo\" target=\"_blank\" rel=\"noopener\">O Paradigma: tornando-nos mais semelhantes a Cristo<\/a><\/p>\n<p>&nbsp;<\/p>\n<p><b>CAPA <\/b>\u2013 <em>O culto a Mamom como ant\u00edtese do reino<\/em>, por Carlos &#8220;Cacau&#8221; Marques<br \/>\n<a href=\"https:\/\/ultimato.com.br\/sites\/estudos-biblicos\/assunto\/etica\/a-face-sombria-do-dinheiro\/\" target=\"_blank\" rel=\"noopener\">Estudo b\u00edblico \u201cA face sombria do dinheiro\u201d<\/a><\/p>\n<p>&nbsp;<\/p>\n<p><b>CAPA <\/b>\u2013 <em>Pobreza e riqueza: os ensinamentos (estranhos) dos antigos autores crist\u00e3os<\/em>, por Paul Freston<br \/>\n<a href=\"https:\/\/ultimato.com.br\/sites\/estudos-biblicos\/assunto\/etica\/generosidade-ou-avareza\/\" target=\"_blank\" rel=\"noopener\">Estudo b\u00edblico \u201cGenerosidade ou avareza?\u201d<\/a><\/p>\n<p>&nbsp;<\/p>\n<p><strong>O CAMINHO DO CORA\u00c7\u00c3O<\/strong> \u2013 <em>Renovando a igreja por meio dos mais velhos<\/em>, por Ricardo Barbosa de Sousa<br \/>\nE-book \u201cExperi\u00eancia e Esperan\u00e7a na Velhice\u201d<\/p>\n<p>&nbsp;<\/p>\n<p><strong>FAM\u00cdLIA<\/strong>&nbsp;\u2013&nbsp;<em>Um tabu a ser quebrado<\/em>, por Carlos \u201cCatito\u201d e Dagmar Grzybowski<br \/>\n<a href=\"https:\/\/ultimato.com.br\/sites\/estudos-biblicos\/assunto\/etica\/financas-planejamento-e-controle\/\" target=\"_blank\" rel=\"noopener\">Estudo b\u00edblico \u201cFinan\u00e7as, planejamento e controle\u201d<\/a><\/p>\n<p>&nbsp;<\/p>\n<p><strong>TEND\u00caNCIAS<\/strong> \u2013 <em>Humano.2. Uma transi\u00e7\u00e3o evolucion\u00e1ria?, <\/em>por Ageu Heringer Lisboa<br \/>\n<a href=\"https:\/\/www.ultimato.com.br\/conteudo\/humano-2-uma-transicao-evolucionaria\" target=\"_blank\" rel=\"noopener\">Vers\u00e3o ampliada do artigo \u201cHumano.2. Uma transi\u00e7\u00e3o evolucion\u00e1ria?\u201d<\/a><\/p>\n<p>&nbsp;<\/p>\n<p><strong>REDESCOBRINDO A PALAVRA DE DEUS<\/strong> \u2013 <em>Lado a lado: nem de lado nem de costas<\/em>, por Valdir Steuernagel<br \/>\n<a href=\"https:\/\/www.ultimato.com.br\/conteudo\/o-dificil-caminho-da-unidade-da-igreja\" target=\"_blank\" rel=\"noopener\">O dif\u00edcil caminho da unidade da igreja<\/a><\/p>\n<p>&nbsp;<\/p>\n<p><strong>CAMINHOS DA MISS\u00c3O<\/strong> \u2013 <em>Novos desafios e oportunidades mission\u00e1rias<\/em>, por Antonia Leonora van der Meer<br \/>\n<a href=\"https:\/\/www.ultimato.com.br\/pagina\/pacto-de-lausanne\" target=\"_blank\" rel=\"noopener\">Pacto de Lausanne<\/a><\/p>\n<p>&nbsp;<\/p>\n<p><strong>REPORTAGEM<\/strong> \u2013 <em>Ataques nas escolas e o papel da igreja<\/em>, por Liss\u00e2nder Dias do Amaral&nbsp;<br \/>\n<a href=\"https:\/\/www.ultimato.com.br\/conteudo\/ataques-nas-escolas-e-o-papel-da-igreja\" target=\"_blank\" rel=\"noopener\">Vers\u00e3o ampliada de \u201cAtaques nas escolas e o papel da igreja\u201d<\/a><\/p>\n<p>&nbsp;<\/p>\n<p><b>SESSENTA + <\/b>\u2013 <em>No retorno, um recome\u00e7o<\/em>, por Walter Feckinghaus<br \/>\n<a href=\"https:\/\/www.ultimato.com.br\/conteudo\/no-retorno-um-recomeco\" target=\"_blank\" rel=\"noopener\">Vers\u00e3o ampliada do artigo \u201cNo retorno, um recome\u00e7o\u201d<\/a><br \/>\n<a href=\"https:\/\/www.ultimato.com.br\/conteudo\/e-possivel-viver-bem-e-continuar-servindo-com-60\" target=\"_blank\" rel=\"noopener\">\u00c9 poss\u00edvel viver bem e continuar servindo com 60+<\/a><\/p>\n<p>&nbsp;<\/p>\n<p><strong>HIST\u00d3RIA<\/strong>&nbsp;\u2013&nbsp;<em>Preocupante mundo novo<\/em>, por Alderi Souza de Matos<br \/>\n<a href=\"https:\/\/www.ultimato.com.br\/revista\/artigos\/370\/fe-e-cultura-desafios-do-tempo-presente\" target=\"_blank\" rel=\"noopener\">F\u00e9 e cultura: desafios do tempo presente<\/a><\/p>\n<p>&nbsp;<\/p>\n<p><strong>RELEX\u00c3O<\/strong> \u2013 Cristo e a sabedoria encontrada na natureza, por Felippe Gon\u00e7alves<br \/>\n<a href=\"https:\/\/www.ultimato.com.br\/conteudo\/por-que-conservar-a-natureza\" target=\"_blank\" rel=\"noopener\">Por que conservar a natureza?<\/a><\/p>\n<p>&nbsp;<\/p>\n<p><b>NOVOS ACORDES <\/b>\u2013 <i>Colcha de retalhos: Coletivo candieiro<\/i><br \/>\n<a href=\"https:\/\/www.ultimato.com.br\/conteudo\/colcha-de-retalhos-coletivo-candiero\" target=\"_blank\" rel=\"noopener\">Entrevista \u201cColcha de retalhos \u2013 Coletivo Candiero\u201d<\/a><\/p>\n<p>&nbsp;<\/p>\n<p><strong>ACONTECEU COMIGO<\/strong> \u2013 <em>Uma experi\u00eancia radical com Cristo Encarnado<\/em>, por Ras Andr\u00e9 Guimar\u00e3es<br \/>\n<a href=\"https:\/\/www.ultimato.com.br\/conteudo\/quando-me-tornei-descrente-minha-esperanca-foi-renovada\" target=\"_blank\" rel=\"noopener\">Quando me tornei descrente, minha esperan\u00e7a foi renovada<\/a><\/p>\n","protected":false},"excerpt":{"rendered":"<p>Ultimato oferece muito mais conte\u00fado para o leitor aprofundar-se nos assuntos de cada se\u00e7\u00e3o da revista. Nesta postagem voc\u00ea pode conhecer todo o conte\u00fado extra que foi divulgado na edi\u00e7\u00e3o de Julho\/Agosto\u00a0de\u00a0Ultimato. Aproveite!<\/p>\n","protected":false},"author":21,"featured_media":0,"comment_status":"open","ping_status":"open","sticky":false,"template":"","format":"standard","meta":{"ngg_post_thumbnail":0,"footnotes":""},"categories":[5153],"tags":[5953],"class_list":["post-16919","post","type-post","status-publish","format-standard","hentry","category-prateleira","tag-revista-ultimato"],"_links":{"self":[{"href":"https:\/\/ultimato.com.br\/sites\/blogdaultimato\/wp-json\/wp\/v2\/posts\/16919","targetHints":{"allow":["GET"]}}],"collection":[{"href":"https:\/\/ultimato.com.br\/sites\/blogdaultimato\/wp-json\/wp\/v2\/posts"}],"about":[{"href":"https:\/\/ultimato.com.br\/sites\/blogdaultimato\/wp-json\/wp\/v2\/types\/post"}],"author":[{"embeddable":true,"href":"https:\/\/ultimato.com.br\/sites\/blogdaultimato\/wp-json\/wp\/v2\/users\/21"}],"replies":[{"embeddable":true,"href":"https:\/\/ultimato.com.br\/sites\/blogdaultimato\/wp-json\/wp\/v2\/comments?post=16919"}],"version-history":[{"count":2,"href":"https:\/\/ultimato.com.br\/sites\/blogdaultimato\/wp-json\/wp\/v2\/posts\/16919\/revisions"}],"predecessor-version":[{"id":16928,"href":"https:\/\/ultimato.com.br\/sites\/blogdaultimato\/wp-json\/wp\/v2\/posts\/16919\/revisions\/16928"}],"wp:attachment":[{"href":"https:\/\/ultimato.com.br\/sites\/blogdaultimato\/wp-json\/wp\/v2\/media?parent=16919"}],"wp:term":[{"taxonomy":"category","embeddable":true,"href":"https:\/\/ultimato.com.br\/sites\/blogdaultimato\/wp-json\/wp\/v2\/categories?post=16919"},{"taxonomy":"post_tag","embeddable":true,"href":"https:\/\/ultimato.com.br\/sites\/blogdaultimato\/wp-json\/wp\/v2\/tags?post=16919"}],"curies":[{"name":"wp","href":"https:\/\/api.w.org\/{rel}","templated":true}]}}