{"id":16908,"date":"2023-05-01T00:00:12","date_gmt":"2023-05-01T02:00:12","guid":{"rendered":"https:\/\/ultimato.com.br\/sites\/blogdaultimato\/?p=16908"},"modified":"2025-07-08T14:00:23","modified_gmt":"2025-07-08T16:00:23","slug":"a-um-clique-conteudo-extra-da-edicao-401-de-ultimato","status":"publish","type":"post","link":"https:\/\/ultimato.com.br\/sites\/blogdaultimato\/2023\/05\/01\/a-um-clique-conteudo-extra-da-edicao-401-de-ultimato\/","title":{"rendered":"A um clique: conte\u00fado extra da edi\u00e7\u00e3o 401 de Ultimato"},"content":{"rendered":"<p><strong>Leia mais do que foi oferecido na edi\u00e7\u00e3o de <a href=\"https:\/\/www.ultimato.com.br\/revista\/401\" target=\"_blank\" rel=\"noopener\">Maio\/Junho<\/a>&nbsp;de Ultimato<\/strong><\/p>\n<p><a href=\"https:\/\/ultimato.com.br\/sites\/blogdaultimato\/files\/2025\/06\/capa_401.jpg\" class=\"lightview\" data-lightview-group=\"group-16908\" data-lightview-options=\"skin: 'dark', controls: 'relative', padding: '10', shadow: { color: '#000000', opacity: 0.08, blur: 3 }\"><img loading=\"lazy\" decoding=\"async\" class=\"alignright wp-image-16909\" src=\"https:\/\/ultimato.com.br\/sites\/blogdaultimato\/files\/2025\/06\/capa_401-300x300.jpg\" alt=\"\" width=\"241\" height=\"241\" srcset=\"https:\/\/ultimato.com.br\/sites\/blogdaultimato\/files\/2025\/06\/capa_401-300x300.jpg 300w, https:\/\/ultimato.com.br\/sites\/blogdaultimato\/files\/2025\/06\/capa_401-1024x1024.jpg 1024w, https:\/\/ultimato.com.br\/sites\/blogdaultimato\/files\/2025\/06\/capa_401-150x150.jpg 150w, https:\/\/ultimato.com.br\/sites\/blogdaultimato\/files\/2025\/06\/capa_401-768x768.jpg 768w, https:\/\/ultimato.com.br\/sites\/blogdaultimato\/files\/2025\/06\/capa_401-732x732.jpg 732w, https:\/\/ultimato.com.br\/sites\/blogdaultimato\/files\/2025\/06\/capa_401-1140x1140.jpg 1140w, https:\/\/ultimato.com.br\/sites\/blogdaultimato\/files\/2025\/06\/capa_401.jpg 1500w\" sizes=\"auto, (max-width: 241px) 100vw, 241px\" \/><\/a>Ultimato oferece muito mais conte\u00fado para o leitor aprofundar-se nos assuntos de cada se\u00e7\u00e3o da revista. Nesta postagem voc\u00ea pode conhecer todo o conte\u00fado extra que foi divulgado na edi\u00e7\u00e3o de <strong><a href=\"https:\/\/www.ultimato.com.br\/revista\/401\" target=\"_blank\" rel=\"noopener\">Maio\/Junho<\/a><\/strong>&nbsp;de&nbsp;<strong>Ultimato<\/strong>. Aproveite!<\/p>\n<p>&nbsp;<\/p>\n<p><strong>ABERTURA<\/strong> \u2013 <em>O compromisso de n\u00e3o se gabar<\/em>, por Elber C\u00e9sar<br \/>\n<a href=\"https:\/\/ultimato.com.br\/sites\/elbencesar\/\" target=\"_blank\" rel=\"noopener\">Legado Elben C\u00e9sar<\/a><\/p>\n<p>&nbsp;<\/p>\n<p><strong>PASTORAIS<\/strong> \u2013 <em>As ora\u00e7\u00f5es do Jardim<\/em>, por William Lane<br \/>\nE-book <em>Conversando sobre a ora\u00e7\u00e3o<\/em><\/p>\n<p>&nbsp;<\/p>\n<p><b>MAIS DO QUE NOT\u00cdCIAS <\/b>\u2013 <em>Falando com crian\u00e7as sobre agress\u00e3o e morte<\/em><br \/>\n<a href=\"https:\/\/www.ultimato.com.br\/conteudo\/como-pais-podem-falar-com-seus-filhos-sobre-agressao-violencia-e-morte\" target=\"_blank\" rel=\"noopener\">Como pais podem falar com seus filhos sobre agress\u00e3o, viol\u00eancia e morte<\/a><\/p>\n<p>&nbsp;<\/p>\n<p><b>CAPA <\/b>\u2013 <em>Nosso lado fr\u00e1gil<\/em>, por Esther Carrenho<br \/>\n<a href=\"https:\/\/www.ultimato.com.br\/conteudo\/a-cura-do-orgulho-e-o-sossego-no-senhor\" target=\"_blank\" rel=\"noopener\">A cura do orgulho e o sossego no Senhor<\/a><\/p>\n<p>&nbsp;<\/p>\n<p><strong>O CAMINHO DO CORA\u00c7\u00c3O<\/strong> \u2013 <em>Ouvir e ver: um apocalipse para hoje<\/em>, por Ricardo Barbosa de Sousa<br \/>\n<a href=\"https:\/\/www.ultimato.com.br\/conteudo\/no-principio-era-o-ouvir\" target=\"_blank\" rel=\"noopener\">No princ\u00edpio era o ouvir<\/a><\/p>\n<p>&nbsp;<\/p>\n<p><strong>FAM\u00cdLIA<\/strong>&nbsp;\u2013&nbsp;<em>\u00c9 s\u00f3 um pouquinho&#8230;<\/em>, por Carlos \u201cCatito\u201d e Dagmar Grzybowski<br \/>\n<a href=\"https:\/\/ultimato.com.br\/sites\/casamentoefamilia\/2018\/02\/13\/a-midiotizacao-da-familia\/\" target=\"_blank\" rel=\"noopener\">A midiotiza\u00e7\u00e3o da fam\u00edlia<\/a><\/p>\n<p>&nbsp;<\/p>\n<p><strong>SESSENTA+<\/strong> \u2013 <em>Mudan\u00e7as e desafios e o Deus do meu socorro, <\/em>por Sandra Paiva<br \/>\n<a href=\"https:\/\/www.ultimato.com.br\/conteudo\/salmos-linguagem-para-todas-as-estacoes-da-alma\" target=\"_blank\" rel=\"noopener\">Salmos: linguagem para todas as esta\u00e7\u00f5es da alma<\/a><\/p>\n<p>&nbsp;<\/p>\n<p><strong>REDESCOBRINDO A PALAVRA DE DEUS<\/strong> \u2013 <em>Lado a lado: nem de lado nem de costas<\/em>, por Valdir Steuernagel<br \/>\n<a href=\"https:\/\/www.ultimato.com.br\/conteudo\/o-dificil-caminho-da-unidade-da-igreja\" target=\"_blank\" rel=\"noopener\">O dif\u00edcil caminho da unidade da igreja<\/a><\/p>\n<p>&nbsp;<\/p>\n<p><strong>CAMINHOS DA MISS\u00c3O<\/strong> \u2013 <em>COMIBAM realiza segunda consulta Alcance uma etnia<\/em>, por Raquel Villela Alves<br \/>\n<a href=\"https:\/\/www.ultimato.com.br\/conteudo\/comibam-realiza-2-consulta-alcance-uma-etnia\" target=\"_blank\" rel=\"noopener\">Vers\u00e3o ampliada de \u201cCOMIBAM realiza Segunda Consulta Alcance Uma Etnia\u201d<\/a><\/p>\n<p>&nbsp;<\/p>\n<p><strong>REFLEX\u00c3O<\/strong> \u2013 <em>Os salmos de lamento<\/em>, por Viktorya Zalewski Baracy<br \/>\n<a href=\"https:\/\/www.ultimato.com.br\/conteudo\/cancoes-de-lamento-e-justica-the-porters-gate\" target=\"_blank\" rel=\"noopener\">Can\u00e7\u00f5es de lamento e justi\u00e7a, The Porter\u2019s Gate<\/a><\/p>\n<p>&nbsp;<\/p>\n<p><b>ENTREVISTA <\/b>\u2013 <em>\u201cAmazing grace&#8221;: 250 anos do hino que foi muito al\u00e9m dos c\u00edrculos crist\u00e3os<\/em>, Steve Turner<br \/>\n<a href=\"https:\/\/www.ultimato.com.br\/conteudo\/hino-graca-maravilhosa-amazing-grace-completa-250-anos\" target=\"_blank\" rel=\"noopener\">Hino \u201cGra\u00e7a Maravilhosa\u201d \u2013 \u201cAmazing Grace\u201d \u2013 completa 250 anos<\/a><br \/>\n<a href=\"https:\/\/www.ultimato.com.br\/revista\/artigos\/374\/eu-era-cego-mas-agora-vejo\" target=\"_blank\" rel=\"noopener\">Eu era cego, mas agora vejo<\/a><\/p>\n<p>&nbsp;<\/p>\n<p><strong>OS EVANG\u00c9LICOS NO BRASIL<\/strong>&nbsp;\u2013&nbsp;<em>A contribui\u00e7\u00e3o protestante \u00e0 educa\u00e7\u00e3o superior<\/em>, por Marcone Bezerra Carvalho<br \/>\nUniversidades protestantes: benef\u00edcios e riscos<\/p>\n<p>&nbsp;<\/p>\n<p><strong>HIST\u00d3RIA<\/strong>&nbsp;\u2013&nbsp;<em>A Reforma Protestante na Pen\u00ednsula Ib\u00e9rica<\/em>, por Alderi Souza de Matos<br \/>\n<a href=\"https:\/\/www.ultimato.com.br\/conteudo\/a-reforma-protestante-em-estudos-biblicos\/500\" target=\"_blank\" rel=\"noopener\">A Reforma Protestante em estudos b\u00edblicos<\/a><\/p>\n<p>&nbsp;<\/p>\n<p><strong>TEND\u00caNCIAS<\/strong> \u2013 <i>ChatGPT: o que \u00e9 e os desafios para o crist\u00e3o,<\/i> por Tiago Garros e Fernando Pasquini<br \/>\n<a href=\"https:\/\/www.ultimato.com.br\/conteudo\/chatgpt-o-que-e-e-os-desafios-para-o-cristao\" target=\"_blank\" rel=\"noopener\">Vers\u00e3o ampliada de \u201cChatGPT: o que \u00e9 e os desafios para o crist\u00e3o\u201d<\/a><\/p>\n<p>&nbsp;<\/p>\n<p><strong>ACONTECEU COMIGO<\/strong> \u2013 <em>Chamada para servir!<\/em>, por Edlene de Oliveira<br \/>\n<a href=\"https:\/\/www.ultimato.com.br\/conteudo\/servir-a-sociedade-com-compaixao-e-justica\" target=\"_blank\" rel=\"noopener\">Servir a sociedade \u2013 onde isso aparece na Grande Comiss\u00e3o?<\/a><\/p>\n","protected":false},"excerpt":{"rendered":"<p>Ultimato oferece muito mais conte\u00fado para o leitor aprofundar-se nos assuntos de cada se\u00e7\u00e3o da revista. Nesta postagem voc\u00ea pode conhecer todo o conte\u00fado extra que foi divulgado na edi\u00e7\u00e3o de Maio\/Junho\u00a0de\u00a0Ultimato. Aproveite!<\/p>\n","protected":false},"author":21,"featured_media":0,"comment_status":"open","ping_status":"open","sticky":false,"template":"","format":"standard","meta":{"ngg_post_thumbnail":0,"footnotes":""},"categories":[5153],"tags":[5953],"class_list":["post-16908","post","type-post","status-publish","format-standard","hentry","category-prateleira","tag-revista-ultimato"],"_links":{"self":[{"href":"https:\/\/ultimato.com.br\/sites\/blogdaultimato\/wp-json\/wp\/v2\/posts\/16908","targetHints":{"allow":["GET"]}}],"collection":[{"href":"https:\/\/ultimato.com.br\/sites\/blogdaultimato\/wp-json\/wp\/v2\/posts"}],"about":[{"href":"https:\/\/ultimato.com.br\/sites\/blogdaultimato\/wp-json\/wp\/v2\/types\/post"}],"author":[{"embeddable":true,"href":"https:\/\/ultimato.com.br\/sites\/blogdaultimato\/wp-json\/wp\/v2\/users\/21"}],"replies":[{"embeddable":true,"href":"https:\/\/ultimato.com.br\/sites\/blogdaultimato\/wp-json\/wp\/v2\/comments?post=16908"}],"version-history":[{"count":3,"href":"https:\/\/ultimato.com.br\/sites\/blogdaultimato\/wp-json\/wp\/v2\/posts\/16908\/revisions"}],"predecessor-version":[{"id":16985,"href":"https:\/\/ultimato.com.br\/sites\/blogdaultimato\/wp-json\/wp\/v2\/posts\/16908\/revisions\/16985"}],"wp:attachment":[{"href":"https:\/\/ultimato.com.br\/sites\/blogdaultimato\/wp-json\/wp\/v2\/media?parent=16908"}],"wp:term":[{"taxonomy":"category","embeddable":true,"href":"https:\/\/ultimato.com.br\/sites\/blogdaultimato\/wp-json\/wp\/v2\/categories?post=16908"},{"taxonomy":"post_tag","embeddable":true,"href":"https:\/\/ultimato.com.br\/sites\/blogdaultimato\/wp-json\/wp\/v2\/tags?post=16908"}],"curies":[{"name":"wp","href":"https:\/\/api.w.org\/{rel}","templated":true}]}}