{"id":16869,"date":"2024-12-16T15:15:30","date_gmt":"2024-12-16T17:15:30","guid":{"rendered":"https:\/\/ultimato.com.br\/sites\/blogdaultimato\/?p=16869"},"modified":"2024-12-17T14:08:50","modified_gmt":"2024-12-17T16:08:50","slug":"muito-mais-de-lausanne-4-que-a-igreja-anuncie-e-demonstre-cristo-em-unidade","status":"publish","type":"post","link":"https:\/\/ultimato.com.br\/sites\/blogdaultimato\/2024\/12\/16\/muito-mais-de-lausanne-4-que-a-igreja-anuncie-e-demonstre-cristo-em-unidade\/","title":{"rendered":"Muito mais de &#8220;Lausanne 4 \u2013 Que a igreja anuncie e demonstre Cristo em unidade&#8221;"},"content":{"rendered":"<p style=\"margin: 0cm;\">Ultimato disponibiliza a seguir uma s\u00e9rie de artigos e recursos sobre Lausanne 4 e sobre os congressos anteriores (que aconteceram em 1974, 1989 e 2010).<\/p>\n<p>&nbsp;<\/p>\n<p><span style=\"color: #808000;\"><strong><a href=\"https:\/\/ultimato.com.br\/sites\/blogdaultimato\/files\/2024\/12\/blog_ult-13-12-24_capa-411.jpg\" class=\"lightview\" data-lightview-group=\"group-16869\" data-lightview-options=\"skin: 'dark', controls: 'relative', padding: '10', shadow: { color: '#000000', opacity: 0.08, blur: 3 }\"><img loading=\"lazy\" decoding=\"async\" class=\"alignright size-medium wp-image-16874\" src=\"https:\/\/ultimato.com.br\/sites\/blogdaultimato\/files\/2024\/12\/blog_ult-13-12-24_capa-411-227x300.jpg\" alt=\"\" width=\"227\" height=\"300\" srcset=\"https:\/\/ultimato.com.br\/sites\/blogdaultimato\/files\/2024\/12\/blog_ult-13-12-24_capa-411-227x300.jpg 227w, https:\/\/ultimato.com.br\/sites\/blogdaultimato\/files\/2024\/12\/blog_ult-13-12-24_capa-411.jpg 379w\" sizes=\"auto, (max-width: 227px) 100vw, 227px\" \/><\/a>ARTIGOS<\/strong><\/span><\/p>\n<p><a href=\"https:\/\/www.ultimato.com.br\/conteudo\/olhando-para-frente\"><strong>Olhando para frente<\/strong><\/a><br \/>\nEncontro de Jovens L\u00edderes de Lausanne (YLG) acontecer\u00e1 no Brasil em 2026.<\/p>\n<p><em>Sabrina Barroso Silva Luji\u0107 e Justin A. Schell<\/em><\/p>\n<p><strong>&nbsp;<\/strong><\/p>\n<p><a href=\"https:\/\/www.ultimato.com.br\/conteudo\/descobrindo-o-potencial-da-diaspora-um-chamado-a-igreja-brasileira\"><strong>Descobrindo o potencial da di\u00e1spora: um chamado \u00e0 igreja brasileira<\/strong><\/a><br \/>\nNunca antes houve tamanha movimenta\u00e7\u00e3o de pessoas ao redor do globo, e proje\u00e7\u00f5es indicam que os n\u00fameros continuar\u00e3o a crescer.<\/p>\n<p><em>Fabiana Braun<\/em><\/p>\n<p><strong>&nbsp;<\/strong><\/p>\n<p><a href=\"https:\/\/www.ultimato.com.br\/conteudo\/a-urgencia-da-reconciliacao-reflexoes-a-partir-do-4-congresso-de-lausanne-um-ano-apos-o-7-de-outubro\/2\"><strong>A urg\u00eancia da reconcilia\u00e7\u00e3o<\/strong><\/a><\/p>\n<p>Reflex\u00f5es a partir do 4\u00ba Congresso Lausanne, um ano ap\u00f3s o 7 de outubro.<\/p>\n<p><em>Rula Khoury Mansour<\/em><\/p>\n<p>&nbsp;<\/p>\n<p><strong><a href=\"https:\/\/www.ultimato.com.br\/conteudo\/brasileiros-em-lausanne-4-a-alegria-a-irreverencia-e-o-potencial-missionario-verde-amarelo\">Brasileiros em Lausanne 4: a alegria, a irrever\u00eancia e o potencial mission\u00e1rio verde-amarelo<\/a><br \/>\n<\/strong>Como a igreja brasileira pode ser relevante para a miss\u00e3o global a partir desse movimento?<\/p>\n<p><em>Phelipe Reis<\/em><\/p>\n<p>&nbsp;<\/p>\n<p><a href=\"https:\/\/www.ultimato.com.br\/conteudo\/quatro-modos-em-que-o-congresso-de-lausanne-anterior-moldou-minha-visao\"><strong>Quatro modos em que o Congresso de Lausanne anterior moldou minha vis\u00e3o<\/strong><\/a><\/p>\n<p>Lembran\u00e7as e li\u00e7\u00f5es do Lausanne 3 ressurgem moldando minhas ora\u00e7\u00f5es para o que o Senhor reservou para sua igreja este ano.<\/p>\n<p><em>Ren\u00e9 Breuel<\/em><\/p>\n<p>&nbsp;<\/p>\n<p><a href=\"https:\/\/www.ultimato.com.br\/conteudo\/ao-meu-eu-mais-jovem-reflexoes-de-lausanne-1974-a-seul-incheon-2024\"><strong>Ao meu eu mais jovem: Reflex\u00f5es de Lausanne 1974 a Seul-Incheon 2024<\/strong><\/a><\/p>\n<p>Em meu di\u00e1rio de julho de 1974 h\u00e1 muitas lembran\u00e7as da minha participa\u00e7\u00e3o no primeiro Congresso Lausanne sobre Evangeliza\u00e7\u00e3o Mundial, na Su\u00ed\u00e7a. Eu tinha 27 anos e conhecia Jesus h\u00e1 menos de quatro anos.<\/p>\n<p><em>Tuvia Zaretsky<\/em><\/p>\n<p>&nbsp;<\/p>\n<p><a href=\"https:\/\/www.ultimato.com.br\/conteudo\/o-que-eu-aprendi-com-a-igreja-sul-coreana\"><strong>O que eu aprendi com a igreja sul-coreana<\/strong><\/a><br \/>\nJornalista brasileiro do interior do Amazonas relata sobre a igreja sul-coreana a partir de sua participa\u00e7\u00e3o no Quarto Congresso Lausanne.<\/p>\n<p><em>Phelipe Reis<\/em><\/p>\n<p><strong>&nbsp;<\/strong><\/p>\n<p><a href=\"https:\/\/www.ultimato.com.br\/conteudo\/onde-estao-as-criancas\"><strong>Onde est\u00e3o as crian\u00e7as?<\/strong><\/a><\/p>\n<p>Se realmente queremos ouvir e incluir os mais jovens, \u00e9 hora de empregar medidas pr\u00e1ticas. Eles n\u00e3o s\u00e3o apenas o futuro da igreja; eles s\u00e3o a igreja hoje.<\/p>\n<p><em>Susan Greener<\/em><\/p>\n<p>&nbsp;<\/p>\n<p><a href=\"https:\/\/ultimato.com.br\/sites\/lausanne\/2014\/07\/22\/movimento-lausanne-quatro-decadas-em-missao\/\"><strong>Movimento Lausanne: quatro d\u00e9cadas em tempo de miss\u00e3o<\/strong><\/a><\/p>\n<p>O movimento Lausanne \u00e9 uma corrente singular no mundo evang\u00e9lico contempor\u00e2neo.<\/p>\n<p><em>Samuel Escobar<\/em><\/p>\n<p>&nbsp;<\/p>\n<p><a href=\"https:\/\/www.ultimato.com.br\/conteudo\/o-legado-de-john-stott-atraves-do-movimento-de-lausanne\"><strong>O legado de John Stott atrav\u00e9s do movimento Lausanne<\/strong><\/a><\/p>\n<p>Foi a parceria \u00fanica entre Billy Graham e John Stott que possibilitou o surgimento de Lausanne \u2013 um movimento comprometido em levar \u201co evangelho todo para o mundo todo\u201d<em>.<\/em><\/p>\n<p><em>Julia Cameron<\/em><\/p>\n<p>&nbsp;<\/p>\n<p><a href=\"https:\/\/www.ultimato.com.br\/revista\/artigos\/328\/o-espirito-de-lausanne\"><strong>O esp\u00edrito de Lausanne<\/strong><\/a><\/p>\n<p>Compreender a miss\u00e3o integral da igreja e reconhecer que o evangelho de Jesus envolve todo o prop\u00f3sito de Deus para todo o ser humano continua sendo um grande desafio.<\/p>\n<p><em>Ricardo Barbosa<\/em><\/p>\n<p>&nbsp;<\/p>\n<p><a href=\"https:\/\/www.ultimato.com.br\/revista\/artigos\/328\/lausanne-o-olhar-de-um-veterano\"><strong>Lausanne: o olhar de um veterano<\/strong><\/a><\/p>\n<p>Sou o \u00fanico remanescente da delega\u00e7\u00e3o brasileira presente em Lausanne 1 (1974), na Su\u00ed\u00e7a: uma parte da bancada j\u00e1 est\u00e1 na gl\u00f3ria e a outra veste merecido pijama&#8230;<\/p>\n<p><em>Robinson Cavalcanti<\/em><\/p>\n<p>&nbsp;<\/p>\n<p><strong><a href=\"https:\/\/ultimato.com.br\/sites\/blogdaultimato\/files\/2024\/12\/blog_ult-13-12-24_capa-411_328.jpg\" class=\"lightview\" data-lightview-group=\"group-16869\" data-lightview-options=\"skin: 'dark', controls: 'relative', padding: '10', shadow: { color: '#000000', opacity: 0.08, blur: 3 }\"><img loading=\"lazy\" decoding=\"async\" class=\"size-medium wp-image-16875 alignleft\" src=\"https:\/\/ultimato.com.br\/sites\/blogdaultimato\/files\/2024\/12\/blog_ult-13-12-24_capa-411_328-230x300.jpg\" alt=\"\" width=\"230\" height=\"300\" srcset=\"https:\/\/ultimato.com.br\/sites\/blogdaultimato\/files\/2024\/12\/blog_ult-13-12-24_capa-411_328-230x300.jpg 230w, https:\/\/ultimato.com.br\/sites\/blogdaultimato\/files\/2024\/12\/blog_ult-13-12-24_capa-411_328.jpg 383w\" sizes=\"auto, (max-width: 230px) 100vw, 230px\" \/><\/a><a href=\"https:\/\/www.ultimato.com.br\/conteudo\/sentimentos-e-impressoes-sobre-lausanne-3\">Sentimentos e impress\u00f5es sobre Lausanne 3<\/a><\/strong><\/p>\n<p>&#8220;O que achou de Lausanne 3?&#8221;. Por isso, creio que n\u00e3o posso deixar Cape Town sem fazer esta reflex\u00e3o final, mesmo que a considere ainda em constru\u00e7\u00e3o.<\/p>\n<p><em>Ricardo Agreste<\/em><\/p>\n<p>&nbsp;<\/p>\n<p><a href=\"https:\/\/www.ultimato.com.br\/conteudo\/um-olhar-critico-sobre-lausanne-3\"><strong>Um olhar cr\u00edtico sobre Lausanne 3<\/strong><\/a><\/p>\n<p>Apesar das desvantagens do tempo passado e do imediatismo das respostas, as palavras de Bertil Ekstrom ainda soam atuais, principalmente diante da gradiosidade de um movimento global que \u00e9 Lausanne, da complexidade do mundo atual e da relev\u00e2ncia dos caminhos mission\u00e1rios da Igreja.<\/p>\n<p><em>&nbsp;<\/em><\/p>\n<p><a href=\"https:\/\/www.ultimato.com.br\/conteudo\/o-futuro-do-movimento-de-lausanne\"><strong>O futuro do movimento Lausanne<\/strong><\/a><\/p>\n<p>A melhor maneira de comprovar o valor de uma confer\u00eancia como Lausanne III \u00e9 analisar os resultados concretos que ela produz posteriormente em rela\u00e7\u00e3o com a vida e miss\u00e3o da igreja.<\/p>\n<p><em>Ren\u00e9 Padilla<\/em><\/p>\n<p>&nbsp;<\/p>\n<p><a href=\"https:\/\/www.ultimato.com.br\/conteudo\/dialogos-de-esperanca-nova-temporada-conversa-sobre-a-igreja-e-lausanne-4\"><strong>Di\u00e1logos de Esperan\u00e7a<\/strong><\/a><\/p>\n<p>Nova temporada conversa sobre a Igreja e Lausanne 4 com temas relevantes sobre o papel da igreja hoje.<\/p>\n<p><em>Liss\u00e2nder Dias<\/em><\/p>\n<p>&nbsp;<\/p>\n<p><strong>Blog Movimento de Lausanne<\/strong><\/p>\n<p><a href=\"http:\/\/ultimato.com.br\/sites\/lausanne\">ultimato.com.br\/sites\/lausanne<\/a><\/p>\n<p>&nbsp;<\/p>\n<p><span style=\"color: #808000;\"><strong>EDI\u00c7\u00d5ES ULTIMATO<\/strong><\/span><\/p>\n<p><a href=\"https:\/\/www.ultimato.com.br\/revista\/328\">Lausanne 3 \u2013 Li\u00e7\u00f5es e desafios para a Igreja de Cristo<\/a><\/p>\n<p>Clique <a href=\"https:\/\/ultimato.com.br\/edt\/downloads\/Ultimato2011.pdf\"><strong>aqui<\/strong> <\/a>e acesse o arquivo da mat\u00e9ria em PDF<\/p>\n<p>&nbsp;<\/p>\n<p><a href=\"https:\/\/ultimato.com.br\/sites\/blogdaultimato\/files\/2024\/12\/blog_ult-13-12-24_capa-411_201.jpg\" class=\"lightview\" data-lightview-group=\"group-16869\" data-lightview-options=\"skin: 'dark', controls: 'relative', padding: '10', shadow: { color: '#000000', opacity: 0.08, blur: 3 }\"><img loading=\"lazy\" decoding=\"async\" class=\"alignright size-medium wp-image-16876\" src=\"https:\/\/ultimato.com.br\/sites\/blogdaultimato\/files\/2024\/12\/blog_ult-13-12-24_capa-411_201-232x300.jpg\" alt=\"\" width=\"232\" height=\"300\" srcset=\"https:\/\/ultimato.com.br\/sites\/blogdaultimato\/files\/2024\/12\/blog_ult-13-12-24_capa-411_201-232x300.jpg 232w, https:\/\/ultimato.com.br\/sites\/blogdaultimato\/files\/2024\/12\/blog_ult-13-12-24_capa-411_201.jpg 387w\" sizes=\"auto, (max-width: 232px) 100vw, 232px\" \/><\/a><a href=\"https:\/\/ultimato.com.br\/edt\/downloads\/Ultimato1989.pdf\"><span style=\"color: #008080;\">Lausanne 2 &#8211; A igreja tem condi\u00e7\u00f5es de evangelizar o mundo?<\/span><\/a><\/p>\n<p>Clique <a href=\"https:\/\/ultimato.com.br\/edt\/downloads\/Ultimato1989.pdf\"><strong>aqui<\/strong> <\/a>e acesse o arquivo da mat\u00e9ria em PDF.<\/p>\n<p>&nbsp;<\/p>\n<p><span style=\"color: #808000;\"><strong>LIVROS<\/strong><\/span><\/p>\n<p><a href=\"https:\/\/loja.ultimato.com.br\/livros\/o-compromisso-da-cidade-do-cabo\">O Compromisso da Cidade do Cabo \u2013 Uma declara\u00e7\u00e3o de f\u00e9 e uma chamado para agir<\/a><\/p>\n<p><em>Movimento Lausanne<\/em><\/p>\n<p>&nbsp;<\/p>\n<p><a href=\"https:\/\/loja.ultimato.com.br\/cristo-nosso-reconciliador\">Cristo, Nosso Reconciliador \u2013 Evangelho, Igreja, Mundo<\/a><\/p>\n<p>Terceiro Congresso Lausanne<\/p>\n<p>&nbsp;<\/p>\n<p><span style=\"color: #808000;\"><strong>DOCUMENTOS<\/strong><\/span><\/p>\n<p><strong>Pacto de Lausanne, clique <a href=\"https:\/\/www.ultimato.com.br\/pagina\/pacto-de-lausanne\">aqui<\/a>.<br \/>\n<\/strong><\/p>\n<p>&nbsp;<\/p>\n","protected":false},"excerpt":{"rendered":"<p>Ultimato disponibiliza a seguir uma s\u00e9rie de artigos e recursos sobre Lausanne 4 e sobre os congressos anteriores (que aconteceram em 1974, 1989 e 2010).<br \/>\n&nbsp;<br \/>\nARTIGOS<br \/>\nOlhando para frente<br \/>\nEncontro de Jovens L\u00edderes de Lausanne (YLG) acontecer\u00e1 no Brasil em 2026.<br \/>\nSabrina Barroso Silva Luji\u0107 e Justin A. Schell<br \/>\n&nbsp;<br \/>\nDescobrindo o potencial da di\u00e1spora: um chamado \u00e0 igreja brasileira<br \/>\nNunca antes [&#8230;]<\/p>\n","protected":false},"author":21,"featured_media":0,"comment_status":"open","ping_status":"open","sticky":false,"template":"","format":"standard","meta":{"ngg_post_thumbnail":0,"footnotes":""},"categories":[5153],"tags":[],"class_list":["post-16869","post","type-post","status-publish","format-standard","hentry","category-prateleira"],"_links":{"self":[{"href":"https:\/\/ultimato.com.br\/sites\/blogdaultimato\/wp-json\/wp\/v2\/posts\/16869","targetHints":{"allow":["GET"]}}],"collection":[{"href":"https:\/\/ultimato.com.br\/sites\/blogdaultimato\/wp-json\/wp\/v2\/posts"}],"about":[{"href":"https:\/\/ultimato.com.br\/sites\/blogdaultimato\/wp-json\/wp\/v2\/types\/post"}],"author":[{"embeddable":true,"href":"https:\/\/ultimato.com.br\/sites\/blogdaultimato\/wp-json\/wp\/v2\/users\/21"}],"replies":[{"embeddable":true,"href":"https:\/\/ultimato.com.br\/sites\/blogdaultimato\/wp-json\/wp\/v2\/comments?post=16869"}],"version-history":[{"count":9,"href":"https:\/\/ultimato.com.br\/sites\/blogdaultimato\/wp-json\/wp\/v2\/posts\/16869\/revisions"}],"predecessor-version":[{"id":16871,"href":"https:\/\/ultimato.com.br\/sites\/blogdaultimato\/wp-json\/wp\/v2\/posts\/16869\/revisions\/16871"}],"wp:attachment":[{"href":"https:\/\/ultimato.com.br\/sites\/blogdaultimato\/wp-json\/wp\/v2\/media?parent=16869"}],"wp:term":[{"taxonomy":"category","embeddable":true,"href":"https:\/\/ultimato.com.br\/sites\/blogdaultimato\/wp-json\/wp\/v2\/categories?post=16869"},{"taxonomy":"post_tag","embeddable":true,"href":"https:\/\/ultimato.com.br\/sites\/blogdaultimato\/wp-json\/wp\/v2\/tags?post=16869"}],"curies":[{"name":"wp","href":"https:\/\/api.w.org\/{rel}","templated":true}]}}