{"id":16857,"date":"2024-11-15T10:25:18","date_gmt":"2024-11-15T12:25:18","guid":{"rendered":"https:\/\/ultimato.com.br\/sites\/blogdaultimato\/?p=16857"},"modified":"2024-11-15T10:33:43","modified_gmt":"2024-11-15T12:33:43","slug":"ajudando-pessoas-com-o-mesmo-consolo-que-deus-me-deu","status":"publish","type":"post","link":"https:\/\/ultimato.com.br\/sites\/blogdaultimato\/2024\/11\/15\/ajudando-pessoas-com-o-mesmo-consolo-que-deus-me-deu\/","title":{"rendered":"Ajudando pessoas com o mesmo consolo que Deus me deu"},"content":{"rendered":"<blockquote><p>\u201cBendito seja o Deus e Pai de nosso Senhor Jesus Cristo, que nos consola em nossa tribula\u00e7\u00e3o, para que tamb\u00e9m possamos consolar os que estiverem em alguma tribula\u00e7\u00e3o, com a consola\u00e7\u00e3o com que somos consolados por Deus\u201d (2Co 1. 3, 4).<\/p><\/blockquote>\n<p>&nbsp;<\/p>\n<p><span style=\"color: #808000;\"><strong>Por Rafaella Bonfim Trist\u00e3o<a href=\"https:\/\/ultimato.com.br\/sites\/blogdaultimato\/files\/2024\/11\/blog_ult_15-11-24_omlm_rafaella_1.jpg\" class=\"lightview\" data-lightview-group=\"group-16857\" data-lightview-options=\"skin: 'dark', controls: 'relative', padding: '10', shadow: { color: '#000000', opacity: 0.08, blur: 3 }\" data-lightview-title=\"Unsplash\"><img loading=\"lazy\" decoding=\"async\" class=\"alignright wp-image-16859 size-medium\" title=\"Unsplash\" src=\"https:\/\/ultimato.com.br\/sites\/blogdaultimato\/files\/2024\/11\/blog_ult_15-11-24_omlm_rafaella_1-300x284.jpg\" alt=\"\" width=\"300\" height=\"284\" srcset=\"https:\/\/ultimato.com.br\/sites\/blogdaultimato\/files\/2024\/11\/blog_ult_15-11-24_omlm_rafaella_1-300x284.jpg 300w, https:\/\/ultimato.com.br\/sites\/blogdaultimato\/files\/2024\/11\/blog_ult_15-11-24_omlm_rafaella_1-768x727.jpg 768w, https:\/\/ultimato.com.br\/sites\/blogdaultimato\/files\/2024\/11\/blog_ult_15-11-24_omlm_rafaella_1-732x692.jpg 732w, https:\/\/ultimato.com.br\/sites\/blogdaultimato\/files\/2024\/11\/blog_ult_15-11-24_omlm_rafaella_1.jpg 1000w\" sizes=\"auto, (max-width: 300px) 100vw, 300px\" \/><\/a><\/strong><\/span><\/p>\n<p><strong><span style=\"color: #993300;\">O Meu Lugar no Mundo<\/span><\/strong><\/p>\n<p>O vers\u00edculo de 2 Cor\u00edntios diz muito sobre a hist\u00f3ria do meu chamado desde o in\u00edcio. Tive uma inf\u00e2ncia normal e feliz at\u00e9 os 10 anos, quando passei pelo momento mais dif\u00edcil, ao perder meu pai devido a um AVC. <a href=\"https:\/\/loja.ultimato.com.br\/livros\/quando-a-alegria-nao-vem-pela-manha\">Entrei num processo de luto muito dif\u00edcil de superar<\/a>, desenvolvendo muitos problemas emocionais e necessitando da ajuda de conselheiras que me fizeram entender sobre os prop\u00f3sitos de Deus em meio \u00e0s nossas tristezas.<\/p>\n<p>Assim, bem cedo tamb\u00e9m, <a href=\"https:\/\/loja.ultimato.com.br\/livros\/quando-a-alegria-nao-vem-pela-manha\">acabei me desenvolvendo na \u00e1rea de aconselhamento para ajudar pessoas<\/a>, e decidi cursar psicologia aos 21 anos, para usar a minha profiss\u00e3o como minist\u00e9rio na igreja, entendendo que Deus tinha um chamado pra mim.<\/p>\n<p>Anos depois, atuando na minha \u00e1rea de forma\u00e7\u00e3o, comecei a sentir um total des\u00e2nimo em rela\u00e7\u00e3o ao meu trabalho, por\u00e9m, ao fazer a mesma coisa na igreja sentia-me muito realizada e feliz. Sem entender, orei e ouvi Deus me dizer que n\u00e3o havia me formado para o trabalho secular, mas, para o seu pr\u00f3prio Reino e que eu devia me preparar, pois estava chegando o momento em que Ele me pediria para renunciar tudo.<\/p>\n<p>O momento de ren\u00fancia sobre o qual Deus me falou enquanto eu orava chegou aos 31 anos, quando comecei a sonhar intensamente em conhecer a <a href=\"https:\/\/missoesnacionais.org.br\/cristolandia\">Cristol\u00e2ndia<\/a>, projeto dos batistas brasileiros que resgata e ressocializa pessoas em situa\u00e7\u00e3o de vulnerabilidade social, em sua maioria, dependentes qu\u00edmicos vindos da rua.<\/p>\n<p><a href=\"https:\/\/ultimato.com.br\/sites\/blogdaultimato\/files\/2024\/10\/selo_meulugarnomundo-01-01.png\" class=\"lightview\" data-lightview-group=\"group-16857\" data-lightview-options=\"skin: 'dark', controls: 'relative', padding: '10', shadow: { color: '#000000', opacity: 0.08, blur: 3 }\" target=\"_blank\" rel=\"https:\/\/ultimato.com.br\/sites\/blogdaultimato\/tag\/o-meu-lugar-no-mundo\/ noopener\"><img loading=\"lazy\" decoding=\"async\" class=\"alignright wp-image-16851 size-thumbnail\" src=\"https:\/\/ultimato.com.br\/sites\/blogdaultimato\/files\/2024\/10\/selo_meulugarnomundo-01-01-150x150.png\" alt=\"\" width=\"150\" height=\"150\"><\/a>Esse chamado queimou dentro de mim de forma irremedi\u00e1vel, com um amor muito forte pela vida dessas pessoas. Em 2018, j\u00e1 com 32 anos n\u00e3o tive d\u00favidas, completamente segura de que estava indo rumo ao \u201cmeu lugar no mundo\u201d, quer dizer, \u201cmeu lugar no Reino\u201d, persegui a boa, perfeita e agrad\u00e1vel vontade de Deus, deixando tudo o que eu tinha no interior do Maranh\u00e3o \u2013 fam\u00edlia, igreja, trabalho, carreira e amigos \u2013 para realizar o sonho de viver para levar salva\u00e7\u00e3o e colaborar para a transforma\u00e7\u00e3o de vidas.<\/p>\n<p>Hoje, quase sete anos depois de dizer sim a esse chamado que me arrebatou a alma, trabalho na gest\u00e3o da <a href=\"https:\/\/missoesnacionais.org.br\/cristolandia\">Cristol\u00e2ndia<\/a> Parelheiros em S\u00e3o Paulo, junto com o meu esposo, o mission\u00e1rio Alex Trist\u00e3o, com quem Deus me aben\u00e7oou quando eu j\u00e1 estava no campo mission\u00e1rio, e com quem sou casada h\u00e1 quatro anos. Alex foi resgatado das ruas h\u00e1 quase nove anos e \u00e9 fruto do projeto Cristol\u00e2ndia.<\/p>\n<p>Juntos, temos a felicidade de ver e fazer parte de muitos milagres, vidas salvas e transformadas por Jesus, filhos voltando para os pais, pais e m\u00e3es para os filhos, enfim, vida em abund\u00e2ncia chegando aos vales de ossos secos onde imperava a destrui\u00e7\u00e3o causada pelas drogas.<\/p>\n<p><a href=\"https:\/\/ultimato.com.br\/sites\/blogdaultimato\/files\/2024\/11\/blog_ult_15-11-24_omlm_rafaella_2.jpeg\" class=\"lightview\" data-lightview-group=\"group-16857\" data-lightview-options=\"skin: 'dark', controls: 'relative', padding: '10', shadow: { color: '#000000', opacity: 0.08, blur: 3 }\"><img loading=\"lazy\" decoding=\"async\" class=\"alignright size-medium wp-image-16858\" src=\"https:\/\/ultimato.com.br\/sites\/blogdaultimato\/files\/2024\/11\/blog_ult_15-11-24_omlm_rafaella_2-300x257.jpeg\" alt=\"\" width=\"300\" height=\"257\" srcset=\"https:\/\/ultimato.com.br\/sites\/blogdaultimato\/files\/2024\/11\/blog_ult_15-11-24_omlm_rafaella_2-300x257.jpeg 300w, https:\/\/ultimato.com.br\/sites\/blogdaultimato\/files\/2024\/11\/blog_ult_15-11-24_omlm_rafaella_2.jpeg 720w\" sizes=\"auto, (max-width: 300px) 100vw, 300px\" \/><\/a>Sim, hoje sou realizada por poder ajudar pessoas e fam\u00edlias em sua tribula\u00e7\u00e3o, com o mesmo consolo que Deus me deu.<\/p>\n<p>&nbsp;<\/p>\n<ul>\n<li><strong>Rafaella Bonfim Trist\u00e3o<\/strong>, casada com Alex, \u00e9 gestora na <a href=\"https:\/\/missoesnacionais.org.br\/cristolandia\">Cristol\u00e2ndia<\/a> Parelheiros em S\u00e3o Paulo, SP \u2013 um projeto da Junta de Miss\u00f5es Nacionais da Conven\u00e7\u00e3o Batista Brasileira.<\/li>\n<\/ul>\n<p>&nbsp;<\/p>\n<p>&nbsp;<\/p>\n<hr>\n<p><span style=\"color: #808000;\"><strong><a href=\"https:\/\/ultimato.com.br\/sites\/blogdaultimato\/files\/2024\/11\/Ultimato_410_001.jpg\" class=\"lightview\" data-lightview-group=\"group-16857\" data-lightview-options=\"skin: 'dark', controls: 'relative', padding: '10', shadow: { color: '#000000', opacity: 0.08, blur: 3 }\"><img loading=\"lazy\" decoding=\"async\" class=\"alignleft wp-image-16860 size-full\" src=\"https:\/\/ultimato.com.br\/sites\/blogdaultimato\/files\/2024\/11\/Ultimato_410_001-e1731673603493.jpg\" alt=\"\" width=\"151\" height=\"200\"><\/a>REVISTA ULTIMATO \u2013 B\u00cdBLIA: REVELA\u00c7\u00c3O E LITERATURA<\/strong><\/span><\/p>\n<p><strong>Ultimato <\/strong>mostra, entre outras coisas, a riqueza das Escrituras quando lidas como literatura, sem diminuir o seu car\u00e1ter sagrado \u2014 a sua inspira\u00e7\u00e3o divina.<\/p>\n<p>E reafirmamos o que publicamos em outra edi\u00e7\u00e3o recente: A B\u00edblia Ainda Fala \u2014 \u201cAs Escrituras cont\u00eam a narrativa que d\u00e1 sentido, esclarece e comunica a soberania e sabedoria de Deus. A lealdade ao que est\u00e1 exposto no Livro deve ser a marca dos crist\u00e3os\u201d.<\/p>\n<p>\u00c9 disso que trata a mat\u00e9ria de capa da <a href=\"https:\/\/www.ultimato.com.br\/revista\/\">edi\u00e7\u00e3o 410<\/a> da revista <strong>Ultimato<\/strong>. Para assinar, clique <a href=\"https:\/\/loja.ultimato.com.br\/categorias\/explore\/assine-a-revista\">aqui<\/a>.<\/p>\n<hr>\n<p><strong>Saiba mais:<\/strong><\/p>\n<p>&gt;&gt; <a href=\"https:\/\/loja.ultimato.com.br\/livros\/quando-a-alegria-nao-vem-pela-manha\">Quando a Alegria N\u00e3o Vem Pela Manh\u00e3<\/a>, Ricardo Barbosa<\/p>\n<p>&gt;&gt; <a href=\"https:\/\/loja.ultimato.com.br\/livros\/a-pessoa-mais-importante-do-mundo\">A Pessoa Mais Importante do Mundo<\/a>, Elben C\u00e9sar<\/p>\n","protected":false},"excerpt":{"rendered":"<p>\u201cBendito seja o Deus e Pai de nosso Senhor Jesus Cristo, que nos consola em nossa tribula\u00e7\u00e3o, para que tamb\u00e9m possamos consolar os que estiverem em alguma tribula\u00e7\u00e3o, com a consola\u00e7\u00e3o com que somos consolados por Deus\u201d (2Co 1. 3, 4).<br \/>\n&nbsp;<br \/>\nPor Rafaella Bonfim Trist\u00e3o<br \/>\nO Meu Lugar no Mundo<br \/>\nO vers\u00edculo de 2 Cor\u00edntios diz muito sobre [&#8230;]<\/p>\n","protected":false},"author":21,"featured_media":0,"comment_status":"open","ping_status":"open","sticky":false,"template":"","format":"standard","meta":{"ngg_post_thumbnail":0,"footnotes":""},"categories":[5153],"tags":[],"class_list":["post-16857","post","type-post","status-publish","format-standard","hentry","category-prateleira"],"_links":{"self":[{"href":"https:\/\/ultimato.com.br\/sites\/blogdaultimato\/wp-json\/wp\/v2\/posts\/16857","targetHints":{"allow":["GET"]}}],"collection":[{"href":"https:\/\/ultimato.com.br\/sites\/blogdaultimato\/wp-json\/wp\/v2\/posts"}],"about":[{"href":"https:\/\/ultimato.com.br\/sites\/blogdaultimato\/wp-json\/wp\/v2\/types\/post"}],"author":[{"embeddable":true,"href":"https:\/\/ultimato.com.br\/sites\/blogdaultimato\/wp-json\/wp\/v2\/users\/21"}],"replies":[{"embeddable":true,"href":"https:\/\/ultimato.com.br\/sites\/blogdaultimato\/wp-json\/wp\/v2\/comments?post=16857"}],"version-history":[{"count":5,"href":"https:\/\/ultimato.com.br\/sites\/blogdaultimato\/wp-json\/wp\/v2\/posts\/16857\/revisions"}],"predecessor-version":[{"id":16865,"href":"https:\/\/ultimato.com.br\/sites\/blogdaultimato\/wp-json\/wp\/v2\/posts\/16857\/revisions\/16865"}],"wp:attachment":[{"href":"https:\/\/ultimato.com.br\/sites\/blogdaultimato\/wp-json\/wp\/v2\/media?parent=16857"}],"wp:term":[{"taxonomy":"category","embeddable":true,"href":"https:\/\/ultimato.com.br\/sites\/blogdaultimato\/wp-json\/wp\/v2\/categories?post=16857"},{"taxonomy":"post_tag","embeddable":true,"href":"https:\/\/ultimato.com.br\/sites\/blogdaultimato\/wp-json\/wp\/v2\/tags?post=16857"}],"curies":[{"name":"wp","href":"https:\/\/api.w.org\/{rel}","templated":true}]}}