{"id":16836,"date":"2024-10-04T16:46:05","date_gmt":"2024-10-04T18:46:05","guid":{"rendered":"https:\/\/ultimato.com.br\/sites\/blogdaultimato\/?p=16836"},"modified":"2024-10-04T16:54:56","modified_gmt":"2024-10-04T18:54:56","slug":"deus-por-que-estou-aqui-tao-longe-qual-e-o-proposito-disso","status":"publish","type":"post","link":"https:\/\/ultimato.com.br\/sites\/blogdaultimato\/2024\/10\/04\/deus-por-que-estou-aqui-tao-longe-qual-e-o-proposito-disso\/","title":{"rendered":"&#8220;Deus, por que estou aqui, t\u00e3o longe? Qual \u00e9 o prop\u00f3sito disso?&#8221;"},"content":{"rendered":"<blockquote><p>Em momentos de incerteza, o segredo est\u00e1 em n\u00e3o duvidar que Deus est\u00e1 nos guiando, mesmo quando n\u00e3o conseguimos ver o caminho claramente<\/p><\/blockquote>\n<p>&nbsp;<\/p>\n<p><span style=\"color: #808000;\"><strong>Por L\u00e9rderis Guerra<\/strong><\/span><\/p>\n<p><strong><span style=\"color: #800000;\">O Meu Lugar no Mundo<\/span><\/strong><\/p>\n<p><a href=\"https:\/\/ultimato.com.br\/sites\/blogdaultimato\/files\/2024\/10\/blog_ult_3-10-24_OMLM_Lerderis_topo.jpg\" class=\"lightview\" data-lightview-group=\"group-16836\" data-lightview-options=\"skin: 'dark', controls: 'relative', padding: '10', shadow: { color: '#000000', opacity: 0.08, blur: 3 }\" data-lightview-title=\"Pixabay\"><img loading=\"lazy\" decoding=\"async\" class=\"alignright wp-image-16841\" title=\"Pixabay\" src=\"https:\/\/ultimato.com.br\/sites\/blogdaultimato\/files\/2024\/10\/blog_ult_3-10-24_OMLM_Lerderis_topo.jpg\" alt=\"\" width=\"350\" height=\"233\" srcset=\"https:\/\/ultimato.com.br\/sites\/blogdaultimato\/files\/2024\/10\/blog_ult_3-10-24_OMLM_Lerderis_topo.jpg 500w, https:\/\/ultimato.com.br\/sites\/blogdaultimato\/files\/2024\/10\/blog_ult_3-10-24_OMLM_Lerderis_topo-300x200.jpg 300w\" sizes=\"auto, (max-width: 350px) 100vw, 350px\" \/><\/a>Ol\u00e1, meu nome \u00e9 L\u00e9rderis Guerra, sou venezuelana e \u00e9 uma alegria compartilhar um pouco da minha trajet\u00f3ria com voc\u00eas. Claro, em um artigo curto n\u00e3o consigo contar toda a hist\u00f3ria de uma vida de 33 anos, mas espero que algumas partes inspirem e toquem o seu cora\u00e7\u00e3o.<\/p>\n<p>Desde crian\u00e7a, eu sonhava em ser mission\u00e1ria. Para mim, isso parecia um chamado divino, mas, \u00e0 medida que crescia, comecei a achar que esse sonho talvez fosse para outros momentos da vida, ou que eu precisaria primeiro desenvolver uma carreira profissional antes de seguir esse caminho. Era o que eu pensava, pois todos ao meu redor cobravam isso, e eu comecei a acreditar que era o mais &#8220;correto&#8221;.<\/p>\n<p>Depois de terminar o Ensino M\u00e9dio, passei por dois cursos diferentes: educa\u00e7\u00e3o e design gr\u00e1fico. No entanto, n\u00e3o conclu\u00ed nenhuma dessas forma\u00e7\u00f5es. Embora eu gostasse desses cursos, sentia em meu cora\u00e7\u00e3o que n\u00e3o era o que eu havia sido chamada para fazer. Era como se algo mais forte dentro de mim estivesse dizendo que meu caminho era outro, mas nunca falei isso para ningu\u00e9m. Tinha receio de que as pessoas achassem que eram apenas desculpas para n\u00e3o continuar estudando, quando, na verdade, o que eu desejava mesmo era seguir o chamado que Deus havia plantado em meu cora\u00e7\u00e3o.<\/p>\n<p>Durante o curso de design gr\u00e1fico, conheci aquele que hoje \u00e9 meu marido, e foi ele quem me ajudou a voltar a acreditar que era poss\u00edvel viver para Deus de uma forma mais completa. Juntos, estudamos teologia, mas nunca trabalhamos como te\u00f3logos. Apesar de n\u00e3o ter conclu\u00eddo o curso de educa\u00e7\u00e3o, sempre trabalhei como educadora em diversas \u00e1reas: educa\u00e7\u00e3o infantil, m\u00fasica, artes e, mais recentemente, ensino de idiomas.<\/p>\n<p>O primeiro trabalho que eu e meu esposo desenvolviemos juntos na igreja foi com crian\u00e7as. O templo onde atu\u00e1vamos estava localizado em uma \u00e1rea desafiadora, cercada de dificuldades sociais. Sent\u00edamos que Deus nos chamava para levar o evangelho de maneira pr\u00e1tica, oferecendo orienta\u00e7\u00e3o educativa e afetiva para as crian\u00e7as que viviam ali perto. Organiz\u00e1vamos atividades e procur\u00e1vamos ensinar n\u00e3o s\u00f3 as hist\u00f3rias da B\u00edblia, mas o amor de Deus de maneira concreta, mostrando que havia esperan\u00e7a, mesmo em meio \u00e0s adversidades.<\/p>\n<p>No entanto, al\u00e9m das dificuldades das crian\u00e7as, tamb\u00e9m enfrent\u00e1vamos as nossas. A crise &nbsp;na Venezuela estava ficando insustent\u00e1vel. Foi nesse momento que, ap\u00f3s minha m\u00e3e j\u00e1 ter se mudado para o Brasil, decidimos segui-la e fazer do Brasil nosso novo lar. Um ano e meio depois da sua partida, fomos para Boa Vista, Roraima, em 2018, no meio de um grande fluxo de migrantes.<\/p>\n<p>A chegada ao Brasil foi um dos momentos mais desafiadores da nossa jornada. Boa Vista estava lotada de fam\u00edlias venezuelanas que, assim como n\u00f3s, buscavam uma nova vida em meio \u00e0 crise que assolava nosso pa\u00eds. As ruas estavam cheias de migrantes sem lar, enfrentando dificuldades extremas, dormindo ao relento e lidando com incertezas. N\u00f3s nos encontr\u00e1vamos em uma situa\u00e7\u00e3o semelhante, tentando nos adaptar \u00e0 nova realidade e enfrentando os desafios que vinham com ela.<\/p>\n<p><a href=\"https:\/\/ultimato.com.br\/sites\/blogdaultimato\/files\/2024\/10\/bannerB_box_stott_.gif\" class=\"lightview\" data-lightview-group=\"group-16836\" data-lightview-options=\"skin: 'dark', controls: 'relative', padding: '10', shadow: { color: '#000000', opacity: 0.08, blur: 3 }\" target=\"_blank\" rel=\"https:\/\/loja.ultimato.com.br\/livros\/box-stott-serie-o-cristao-contemporaneo noopener\"><img loading=\"lazy\" decoding=\"async\" class=\"alignright wp-image-16846 size-full\" src=\"https:\/\/ultimato.com.br\/sites\/blogdaultimato\/files\/2024\/10\/bannerB_box_stott_.gif\" alt=\"\" width=\"720\" height=\"90\"><\/a><\/p>\n<p>Mesmo em meio \u00e0s nossas pr\u00f3prias lutas, sentimos o chamado de Deus para servir. Nosso cora\u00e7\u00e3o, sempre voltado para as crian\u00e7as, nos impulsionou a agir. Eu e minha irm\u00e3 come\u00e7amos a reunir as crian\u00e7as migrantes para oferecer cuidado, aten\u00e7\u00e3o e atividades que traziam um pouco de alegria em meio \u00e0quele cen\u00e1rio t\u00e3o dif\u00edcil. Enquanto isso, meu marido e minha m\u00e3e ajudavam os adultos como podiam: acompanhando-os nos processos de documenta\u00e7\u00e3o, orientando sobre os tr\u00e2mites migrat\u00f3rios e at\u00e9 levando-os para atendimentos m\u00e9dicos. Apesar de nossa situa\u00e7\u00e3o fr\u00e1gil, aprendemos a confiar em Deus ainda mais, vendo Sua presen\u00e7a em cada gesto de solidariedade, em cada sorriso das crian\u00e7as e em cada fam\u00edlia que conseguia avan\u00e7ar um passo a mais.<\/p>\n<p>Algum tempo depois, tivemos a oportunidade de mudar para Recife, onde j\u00e1 t\u00ednhamos empregos garantidos. Parecia ser o recome\u00e7o que precis\u00e1vamos, mas, mais uma vez, nos vimos tendo que come\u00e7ar do zero. Por alguns anos, senti que estava distante do meu prop\u00f3sito. Estava ocupada com as necessidades financeiras e materiais, e me perguntava: &#8220;Deus, por que estou aqui t\u00e3o longe? Qual o prop\u00f3sito disso?&#8221;<\/p>\n<p>Foi no in\u00edcio de 2024, quando completei 33 anos, que comecei a entender melhor o que Deus estava fazendo. Algu\u00e9m me disse: &#8220;Eita, a idade em que Cristo morreu.&#8221; Levei essa reflex\u00e3o para casa e, em ora\u00e7\u00e3o, falei ao Senhor: &#8220;Jesus, Tu como humano ficaste at\u00e9 os 33 anos na terra. Agora que eu completei 33, quero continuar a viver refletindo a Tua presen\u00e7a. Quero ser um reflexo de Ti no mundo e transmitir as b\u00ean\u00e7\u00e3os que recebi\u201d.<\/p>\n<p>Sinto que desde ent\u00e3o, mais do que nunca Deus tem realinhado minha vida ao Seu prop\u00f3sito, ou talvez eu estou percebendo isso mais agora. Hoje, at\u00e9 sou chamada de mission\u00e1ria na &#8220;Casa de Deus&#8221;, onde participo colaborando nos cultos dedicados \u00e0s crian\u00e7as de uma comunidade que ganhou meu cora\u00e7\u00e3o, todas as quintas-feiras. Vejo o trabalho de Deus na vida dessas crian\u00e7as e sei que Ele continuar\u00e1 transformando esse lugar, Ele me juntou aos queridos irm\u00e3os que h\u00e1 muito tempo evangelizam esse lugar.<\/p>\n<p>Tamb\u00e9m lidero o primeiro clube de venezuelanos em Recife, onde nos reunimos todos os meses para celebrar nossa cultura, adorar a Deus e agradecer por tudo o que Ele tem feito em nossas vidas.<a href=\"https:\/\/ultimato.com.br\/sites\/blogdaultimato\/files\/2024\/10\/selo_meulugarnomundo-01-01.png\" class=\"lightview\" data-lightview-group=\"group-16836\" data-lightview-options=\"skin: 'dark', controls: 'relative', padding: '10', shadow: { color: '#000000', opacity: 0.08, blur: 3 }\"><img loading=\"lazy\" decoding=\"async\" class=\"alignright wp-image-16851\" src=\"https:\/\/ultimato.com.br\/sites\/blogdaultimato\/files\/2024\/10\/selo_meulugarnomundo-01-01-300x280.png\" alt=\"\" width=\"200\" height=\"187\" srcset=\"https:\/\/ultimato.com.br\/sites\/blogdaultimato\/files\/2024\/10\/selo_meulugarnomundo-01-01-300x280.png 300w, https:\/\/ultimato.com.br\/sites\/blogdaultimato\/files\/2024\/10\/selo_meulugarnomundo-01-01.png 703w\" sizes=\"auto, (max-width: 200px) 100vw, 200px\" \/><\/a><\/p>\n<p>Hoje, mais do que nunca, vejo como tudo o que aconteceu na minha vida faz sentido para o que estou vivenciando agora. \u00c0s vezes, passamos por momentos de incerteza, sem saber se estamos no caminho certo para alcan\u00e7ar os desejos mais profundos do nosso cora\u00e7\u00e3o. O segredo est\u00e1 em n\u00e3o duvidar que Deus est\u00e1 nos guiando, mesmo quando n\u00e3o conseguimos ver claramente. Confie nEle e n\u00e3o desista dos planos que Ele tem para voc\u00ea, mesmo que voc\u00ea ainda n\u00e3o saiba exatamente quais s\u00e3o.<\/p>\n<p>Am\u00e9m.<\/p>\n<p>&nbsp;<\/p>\n<p><strong><a href=\"https:\/\/ultimato.com.br\/sites\/blogdaultimato\/files\/2024\/10\/blog_ult_3-10-24_OMLM_Lerderis-1.jpeg\" class=\"lightview\" data-lightview-group=\"group-16836\" data-lightview-options=\"skin: 'dark', controls: 'relative', padding: '10', shadow: { color: '#000000', opacity: 0.08, blur: 3 }\"><img loading=\"lazy\" decoding=\"async\" class=\"alignleft wp-image-16838\" src=\"https:\/\/ultimato.com.br\/sites\/blogdaultimato\/files\/2024\/10\/blog_ult_3-10-24_OMLM_Lerderis-1-267x300.jpeg\" alt=\"\" width=\"178\" height=\"200\" srcset=\"https:\/\/ultimato.com.br\/sites\/blogdaultimato\/files\/2024\/10\/blog_ult_3-10-24_OMLM_Lerderis-1-267x300.jpeg 267w, https:\/\/ultimato.com.br\/sites\/blogdaultimato\/files\/2024\/10\/blog_ult_3-10-24_OMLM_Lerderis-1.jpeg 500w\" sizes=\"auto, (max-width: 178px) 100vw, 178px\" \/><\/a>L\u00e9rderis Guerra <\/strong>\u00e9 professora de idiomas e de m\u00fasica, e atua em projetos sociais voltados para migrantes e refugiados. \u00c9 volunt\u00e1ria em iniciativas que promovem a integra\u00e7\u00e3o cultural e a adapta\u00e7\u00e3o de migrantes no Brasil, al\u00e9m de coordenar o Clube Venezuelano de Recife, que tem como objetivo manter viva a cultura do seu pa\u00eds.&nbsp; Cursa gest\u00e3o p\u00fablica, com o objetivo de ampliar o impacto de seu trabalho em projetos sociais.<\/p>\n<p>&nbsp;<\/p>\n<p>&nbsp;<\/p>\n<p>&nbsp;<\/p>\n<p><strong>Saiba mais:<\/strong><\/p>\n<p>&gt;&gt; <a href=\"https:\/\/www.ultimato.com.br\/conteudo\/oitava-edicao-do-forum-refugiados-reflete-sobre-acolhimento-e-apoio-a-refugiados-no-brasil\">Oitava edi\u00e7\u00e3o do F\u00f3rum Refugiados reflete sobre acolhimento e apoio a migrantes e refugiados no Brasil<\/a><\/p>\n<p>&gt;&gt; <a href=\"https:\/\/loja.ultimato.com.br\/livros\/o-mundo\" target=\"_blank\" rel=\"noopener\">O Mundo: Uma miss\u00e3o a ser cumprida<\/a>, John Stott e Tim Chester<\/p>\n<p>&gt;&gt; <a href=\"https:\/\/loja.ultimato.com.br\/livros\/a-igreja-do-futuro-e-o-futuro-da-igreja\" target=\"_blank\" rel=\"noopener\">A Igreja do Futuro e o Futuro da Igreja<\/a>, Leandro Silva (org.)<\/p>\n","protected":false},"excerpt":{"rendered":"<p>Em momentos de incerteza, o segredo est\u00e1 em n\u00e3o duvidar que Deus est\u00e1 nos guiando, mesmo quando n\u00e3o conseguimos ver o caminho claramente<br \/>\n&nbsp;<br \/>\nPor L\u00e9rderis Guerra<br \/>\nO Meu Lugar no Mundo<br \/>\nOl\u00e1, meu nome \u00e9 L\u00e9rderis Guerra, sou venezuelana e \u00e9 uma alegria compartilhar um pouco da minha trajet\u00f3ria com voc\u00eas. Claro, em um artigo curto n\u00e3o consigo [&#8230;]<\/p>\n","protected":false},"author":21,"featured_media":0,"comment_status":"open","ping_status":"open","sticky":false,"template":"","format":"standard","meta":{"ngg_post_thumbnail":0,"footnotes":""},"categories":[5153],"tags":[],"class_list":["post-16836","post","type-post","status-publish","format-standard","hentry","category-prateleira"],"_links":{"self":[{"href":"https:\/\/ultimato.com.br\/sites\/blogdaultimato\/wp-json\/wp\/v2\/posts\/16836","targetHints":{"allow":["GET"]}}],"collection":[{"href":"https:\/\/ultimato.com.br\/sites\/blogdaultimato\/wp-json\/wp\/v2\/posts"}],"about":[{"href":"https:\/\/ultimato.com.br\/sites\/blogdaultimato\/wp-json\/wp\/v2\/types\/post"}],"author":[{"embeddable":true,"href":"https:\/\/ultimato.com.br\/sites\/blogdaultimato\/wp-json\/wp\/v2\/users\/21"}],"replies":[{"embeddable":true,"href":"https:\/\/ultimato.com.br\/sites\/blogdaultimato\/wp-json\/wp\/v2\/comments?post=16836"}],"version-history":[{"count":12,"href":"https:\/\/ultimato.com.br\/sites\/blogdaultimato\/wp-json\/wp\/v2\/posts\/16836\/revisions"}],"predecessor-version":[{"id":16853,"href":"https:\/\/ultimato.com.br\/sites\/blogdaultimato\/wp-json\/wp\/v2\/posts\/16836\/revisions\/16853"}],"wp:attachment":[{"href":"https:\/\/ultimato.com.br\/sites\/blogdaultimato\/wp-json\/wp\/v2\/media?parent=16836"}],"wp:term":[{"taxonomy":"category","embeddable":true,"href":"https:\/\/ultimato.com.br\/sites\/blogdaultimato\/wp-json\/wp\/v2\/categories?post=16836"},{"taxonomy":"post_tag","embeddable":true,"href":"https:\/\/ultimato.com.br\/sites\/blogdaultimato\/wp-json\/wp\/v2\/tags?post=16836"}],"curies":[{"name":"wp","href":"https:\/\/api.w.org\/{rel}","templated":true}]}}