{"id":16814,"date":"2024-05-29T09:48:41","date_gmt":"2024-05-29T11:48:41","guid":{"rendered":"https:\/\/ultimato.com.br\/sites\/blogdaultimato\/?p=16814"},"modified":"2024-05-29T10:06:25","modified_gmt":"2024-05-29T12:06:25","slug":"desafios-eticos-das-novas-tecnologias-o-que-mais-voce-precisa-saber-sobre-o-assunto","status":"publish","type":"post","link":"https:\/\/ultimato.com.br\/sites\/blogdaultimato\/2024\/05\/29\/desafios-eticos-das-novas-tecnologias-o-que-mais-voce-precisa-saber-sobre-o-assunto\/","title":{"rendered":"Desafios \u00e9ticos das novas tecnologias \u2013 O que mais voc\u00ea precisa saber sobre o assunto"},"content":{"rendered":"<p><a href=\"https:\/\/ultimato.com.br\/sites\/blogdaultimato\/files\/2024\/05\/imag_blog_29-5-24_mais-scaled.jpeg\" class=\"lightview\" data-lightview-group=\"group-16814\" data-lightview-options=\"skin: 'dark', controls: 'relative', padding: '10', shadow: { color: '#000000', opacity: 0.08, blur: 3 }\"><img loading=\"lazy\" decoding=\"async\" class=\"alignright size-medium wp-image-16815\" src=\"https:\/\/ultimato.com.br\/sites\/blogdaultimato\/files\/2024\/05\/imag_blog_29-5-24_mais-300x268.jpeg\" alt=\"Caroline Freitas\" width=\"300\" height=\"268\" srcset=\"https:\/\/ultimato.com.br\/sites\/blogdaultimato\/files\/2024\/05\/imag_blog_29-5-24_mais-300x268.jpeg 300w, https:\/\/ultimato.com.br\/sites\/blogdaultimato\/files\/2024\/05\/imag_blog_29-5-24_mais-1024x914.jpeg 1024w, https:\/\/ultimato.com.br\/sites\/blogdaultimato\/files\/2024\/05\/imag_blog_29-5-24_mais-768x686.jpeg 768w, https:\/\/ultimato.com.br\/sites\/blogdaultimato\/files\/2024\/05\/imag_blog_29-5-24_mais-1536x1371.jpeg 1536w, https:\/\/ultimato.com.br\/sites\/blogdaultimato\/files\/2024\/05\/imag_blog_29-5-24_mais-2048x1828.jpeg 2048w, https:\/\/ultimato.com.br\/sites\/blogdaultimato\/files\/2024\/05\/imag_blog_29-5-24_mais-732x653.jpeg 732w, https:\/\/ultimato.com.br\/sites\/blogdaultimato\/files\/2024\/05\/imag_blog_29-5-24_mais-1140x1018.jpeg 1140w\" sizes=\"auto, (max-width: 300px) 100vw, 300px\" \/><\/a>O avan\u00e7o da tecnologia nas \u00faltimas d\u00e9cadas \u00e9 maior do que em qualquer outra \u00e9poca da hist\u00f3ria. Tal aumento se d\u00e1 em muitas frentes e, mais significativo, confere um car\u00e1ter tecnol\u00f3gico \u00e0 vida contempor\u00e2nea.<\/p>\n<p>Os otimistas veem nos avan\u00e7os tecnol\u00f3gicos a esperan\u00e7a de melhoria nas diferentes \u00e1reas da vida individual e social. Outros temem pelas consequ\u00eancias desse desenvolvimento.<\/p>\n<p>Quais s\u00e3o esses desafios? Por que os crist\u00e3os e a igreja t\u00eam de se envolver nessa quest\u00e3o? A \u00e9tica crist\u00e3 \u00e9 suficiente para responder aos aspectos relacionados \u00e0s novas tecnologias? H\u00e1 \u00e1reas que demandam novas formula\u00e7\u00f5es \u00e9ticas? Como a igreja pode atuar nesse cen\u00e1rio t\u00e3o desafiador?<\/p>\n<p>&nbsp;<\/p>\n<p><strong>ARTIGOS<\/strong><\/p>\n<p><a href=\"https:\/\/www.ultimato.com.br\/conteudo\/fe-em-cristo-ou-fe-na-tecnologia\">F\u00e9 em Cristo ou f\u00e9 na tecnologia?<\/a> | Egbert Schuurman<\/p>\n<p><a href=\"https:\/\/www.ultimato.com.br\/conteudo\/tecnologia-nossa-esperanca-para-o-futuro\">Tecnologia: nossa esperan\u00e7a para o futuro?<\/a> | Egbert Schuurman<\/p>\n<p><a href=\"https:\/\/www.ultimato.com.br\/conteudo\/fe-e-esperanca-na-tecnologia-o-pensamento-de-egbert-schuurman\">F\u00e9 e esperan\u00e7a na tecnologia<\/a> | Egbert Schuurman<\/p>\n<p><a href=\"https:\/\/www.ultimato.com.br\/conteudo\/o-deus-digital-como-a-tecnologia-afeta-as-nossas-relacoes-humanas-e-fraternas-e-com-deus\">O Deus digital &#8211; como a tecnologia afeta as nossas rela\u00e7\u00f5es humanas e fraternas, e com Deus<\/a> | William Lane<\/p>\n<p><a href=\"https:\/\/www.ultimato.com.br\/conteudo\/a-tecnologia-no-drama-das-escrituras-e-os-desafios-de-hoje\">A tecnologia no drama das Escrituras e os desafios de hoje<\/a> | Bruno Maroni<\/p>\n<p><a href=\"https:\/\/www.ultimato.com.br\/conteudo\/inteligencia-artificial-pode-banalizar-a-espiritualidade\">Intelig\u00eancia Artificial pode banalizar a espiritualidade?<\/a> | Paulo Ribeiro<\/p>\n<p><a href=\"https:\/\/www.ultimato.com.br\/editora\/conteudo\/o-surgimento-e-o-papel-biblico-da-tecnologia-e-da-ciencia\">O surgimento e o papel b\u00edblico da tecnologia e da ci\u00eancia<\/a> | Tim\u00f3teo Carriker<\/p>\n<p><a href=\"https:\/\/www.ultimato.com.br\/conteudo\/nossos-habitos-tecnologicos-podem-moldar-nosso-coracao\">Nossos h\u00e1bitos tecnol\u00f3gicos podem moldar nosso cora\u00e7\u00e3o?<\/a> | Breno Oliveira Perdig\u00e3o<\/p>\n<p><a href=\"https:\/\/www.ultimato.com.br\/revista\/artigos\/352\/silenciar-a-compulsao-pela-tecnologia\">Silenciar a compuls\u00e3o pela tecnologia<\/a> | Ricardo Wesley M. Borges<\/p>\n<p><a href=\"https:\/\/www.ultimato.com.br\/conteudo\/realidade-produzida-uma-analise-sobre-o-dilema-das-redes-da-netflix\">Realidade produzida: uma an\u00e1lise sobre \u201cO Dilema das Redes\u201d, da Netflix<\/a> | Fillipe Mendes Cotta<\/p>\n<p><a href=\"https:\/\/www.ultimato.com.br\/conteudo\/tecnologia-e-criatividade-desafios-e-limitacoes\">Tecnologia e criatividade: desafios e limita\u00e7\u00f5es<\/a> | Paulo Ribeiro<\/p>\n<p><a href=\"https:\/\/www.ultimato.com.br\/conteudo\/tecnologia-politica-e-progresso-que-tragedias-ainda-estao-por-vir\">Tecnologia, pol\u00edtica e progresso: que trag\u00e9dias ainda est\u00e3o por vir?<\/a> | Paulo F. Ribeiro<\/p>\n<p><a href=\"https:\/\/www.ultimato.com.br\/conteudo\/efeitos-da-tecnologia-quem-os-achara\">Efeitos da tecnologia. Quem os achar\u00e1?<\/a> | Ta\u00eds Machado&nbsp;<\/p>\n<p><a href=\"https:\/\/www.ultimato.com.br\/conteudo\/criancas-adolescentes-e-o-uso-excessivo-das-telas\">Crian\u00e7as, adolescentes e o uso excessivo das telas<\/a> | Ursula Regina Schmidt Affini<\/p>\n<p><a href=\"https:\/\/www.ultimato.com.br\/conteudo\/como-lidar-com-a-tecnologia-na-infancia\">Como lidar com a tecnologia na inf\u00e2ncia<\/a> | M\u00e1rcia Barbutti<\/p>\n<p><a href=\"https:\/\/www.ultimato.com.br\/conteudo\/por-que-a-obsessao-pela-inovacao\">Por que a obsess\u00e3o pela inova\u00e7\u00e3o?<\/a> | Paulo Ribeiro<\/p>\n<p><a href=\"https:\/\/www.ultimato.com.br\/conteudo\/dialogos-de-esperanca-vai-discutir-o-impacto-da-inteligencia-artificial-na-fe-crista\">Di\u00e1logos de Esperan\u00e7a vai discutir o impacto da Intelig\u00eancia Artificial na f\u00e9 crist\u00e3<\/a> |&nbsp;Liss\u00e2nder Dias<\/p>\n<p><a href=\"https:\/\/www.ultimato.com.br\/editora\/conteudo\/chatgpt-o-que-e-e-os-desafios-para-o-cristao\">ChatGPT: o que \u00e9 e os desafios para o crist\u00e3o<\/a> | Tiago Garros e Fernando Pasquini<\/p>\n<p><a href=\"https:\/\/www.ultimato.com.br\/conteudo\/o-frade-franciscano-e-a-etica-do-algoritmo\">O frade franciscano e a \u00e9tica do algoritmo<\/a> | Ultimatoonline<\/p>\n<p><a href=\"https:\/\/www.ultimato.com.br\/conteudo\/inteligencia-nao-e-uma-virtude\">Intelig\u00eancia n\u00e3o \u00e9 uma virtude<\/a> | Paulo Ribeiro<\/p>\n<p><a href=\"https:\/\/www.ultimato.com.br\/conteudo\/inteligencia-artificial-no-contexto-cristao\">Intelig\u00eancia Artificial no contexto crist\u00e3o<\/a> |&nbsp;Elis Am\u00e2ncio<\/p>\n<p><a href=\"https:\/\/www.ultimato.com.br\/conteudo\/cultivando-o-jardim-digital\">Cultivando o jardim digital<\/a> | Kaiky Fernandez<\/p>\n<p><a href=\"https:\/\/www.ultimato.com.br\/conteudo\/como-pagar-o-preco-da-evolucao-tecnologica\">Como pagar o pre\u00e7o da evolu\u00e7\u00e3o tecnol\u00f3gica<\/a> |&nbsp;Mauricio Z\u00e1gari<\/p>\n<p><a href=\"https:\/\/www.ultimato.com.br\/conteudo\/a-igreja-na-era-digital\/2\">A Igreja na era digital<\/a> | Jonas Kurlberg<\/p>\n<p><a href=\"https:\/\/www.ultimato.com.br\/conteudo\/a-tecnologia-e-o-mapeamento-de-florestas-no-cuidado-da-criacao\">A tecnologia e o mapeamento de florestas no cuidado da cria\u00e7\u00e3o<\/a> | Jeremy Lindsell<\/p>\n<p><a href=\"https:\/\/www.ultimato.com.br\/conteudo\/um-dilema-moderno-ciencia-versus-sapiencia\">Um dilema moderno: ci\u00eancia versus sapi\u00eancia<\/a> |&nbsp;Paulo F. Ribeiro<\/p>\n<p><a href=\"https:\/\/www.ultimato.com.br\/conteudo\/o-deus-digital-como-a-tecnologia-afeta-as-nossas-relacoes-humanas-e-fraternas-e-com-deus\">O Deus digital &#8211; como a tecnologia afeta as nossas rela\u00e7\u00f5es humanas e fraternas, e com Deus<\/a> | William Lane<\/p>\n<p><a href=\"https:\/\/www.ultimato.com.br\/conteudo\/tecnologia-nossa-esperanca-para-o-futuro\">Tecnologia: nossa esperan\u00e7a para o futuro?<\/a> | Egbert Schuurman<\/p>\n<p><a href=\"https:\/\/www.ultimato.com.br\/conteudo\/a-tecnologia-no-drama-das-escrituras-e-os-desafios-de-hoje\">A tecnologia no drama das Escrituras e os desafios de hoje<\/a> | Bruno Maroni<\/p>\n<p><a href=\"https:\/\/www.ultimato.com.br\/conteudo\/inteligencia-artificial-pode-banalizar-a-espiritualidade\">Intelig\u00eancia Artificial pode banalizar a espiritualidade?<\/a> | Paulo Ribeiro<\/p>\n<p>&nbsp;<\/p>\n<p><strong>LIVROS<\/strong><\/p>\n<p><a href=\"https:\/\/loja.ultimato.com.br\/livros\/filosofia-da-tecnologia\">Filosofia da Tecnologia<\/a>, Carl Mitcham<\/p>\n<p><a href=\"https:\/\/loja.ultimato.com.br\/livros\/o-ajuste-fino-do-universo\">O ajuste fino do Universo<\/a>, Alister McGrath<\/p>\n<p><a href=\"https:\/\/loja.ultimato.com.br\/livros\/fe-esperanca-e-tecnologia\">F\u00e9, esperan\u00e7a e tecnologia<\/a>, Egbert Schuurman<\/p>\n","protected":false},"excerpt":{"rendered":"<p>O avan\u00e7o da tecnologia nas \u00faltimas d\u00e9cadas \u00e9 maior do que em qualquer outra \u00e9poca da hist\u00f3ria. Tal aumento se d\u00e1 em muitas frentes e, mais significativo, confere um car\u00e1ter tecnol\u00f3gico \u00e0 vida contempor\u00e2nea.<br \/>\nOs otimistas veem nos avan\u00e7os tecnol\u00f3gicos a esperan\u00e7a de melhoria nas diferentes \u00e1reas da vida individual e social. Outros temem pelas consequ\u00eancias [&#8230;]<\/p>\n","protected":false},"author":21,"featured_media":0,"comment_status":"open","ping_status":"open","sticky":false,"template":"","format":"standard","meta":{"ngg_post_thumbnail":0,"footnotes":""},"categories":[5153],"tags":[],"class_list":["post-16814","post","type-post","status-publish","format-standard","hentry","category-prateleira"],"_links":{"self":[{"href":"https:\/\/ultimato.com.br\/sites\/blogdaultimato\/wp-json\/wp\/v2\/posts\/16814","targetHints":{"allow":["GET"]}}],"collection":[{"href":"https:\/\/ultimato.com.br\/sites\/blogdaultimato\/wp-json\/wp\/v2\/posts"}],"about":[{"href":"https:\/\/ultimato.com.br\/sites\/blogdaultimato\/wp-json\/wp\/v2\/types\/post"}],"author":[{"embeddable":true,"href":"https:\/\/ultimato.com.br\/sites\/blogdaultimato\/wp-json\/wp\/v2\/users\/21"}],"replies":[{"embeddable":true,"href":"https:\/\/ultimato.com.br\/sites\/blogdaultimato\/wp-json\/wp\/v2\/comments?post=16814"}],"version-history":[{"count":4,"href":"https:\/\/ultimato.com.br\/sites\/blogdaultimato\/wp-json\/wp\/v2\/posts\/16814\/revisions"}],"predecessor-version":[{"id":16819,"href":"https:\/\/ultimato.com.br\/sites\/blogdaultimato\/wp-json\/wp\/v2\/posts\/16814\/revisions\/16819"}],"wp:attachment":[{"href":"https:\/\/ultimato.com.br\/sites\/blogdaultimato\/wp-json\/wp\/v2\/media?parent=16814"}],"wp:term":[{"taxonomy":"category","embeddable":true,"href":"https:\/\/ultimato.com.br\/sites\/blogdaultimato\/wp-json\/wp\/v2\/categories?post=16814"},{"taxonomy":"post_tag","embeddable":true,"href":"https:\/\/ultimato.com.br\/sites\/blogdaultimato\/wp-json\/wp\/v2\/tags?post=16814"}],"curies":[{"name":"wp","href":"https:\/\/api.w.org\/{rel}","templated":true}]}}