{"id":16808,"date":"2024-05-21T10:41:52","date_gmt":"2024-05-21T12:41:52","guid":{"rendered":"https:\/\/ultimato.com.br\/sites\/blogdaultimato\/?p=16808"},"modified":"2025-06-26T23:35:05","modified_gmt":"2025-06-27T01:35:05","slug":"a-um-clique-conteudo-extra-da-edicao-407-de-ultimato","status":"publish","type":"post","link":"https:\/\/ultimato.com.br\/sites\/blogdaultimato\/2024\/05\/21\/a-um-clique-conteudo-extra-da-edicao-407-de-ultimato\/","title":{"rendered":"A um clique: conte\u00fado extra da edi\u00e7\u00e3o 407 de Ultimato"},"content":{"rendered":"<header class=\"page-header\">\n<h1 class=\"entry-title\"><strong style=\"font-size: 16px;\">Leia mais do que foi oferecido na edi\u00e7\u00e3o de <a href=\"https:\/\/www.ultimato.com.br\/revista\/407\" target=\"_blank\" rel=\"noopener\">Maio\/Junho<\/a>&nbsp;de Ultimato<\/strong><\/h1>\n<\/header>\n<div class=\"entry-content\">\n<p><a href=\"https:\/\/ultimato.com.br\/sites\/blogdaultimato\/files\/2024\/05\/Capa407-1.jpg\" class=\"lightview\" data-lightview-group=\"group-16808\" data-lightview-options=\"skin: 'dark', controls: 'relative', padding: '10', shadow: { color: '#000000', opacity: 0.08, blur: 3 }\"><img loading=\"lazy\" decoding=\"async\" class=\"alignright wp-image-16906\" src=\"https:\/\/ultimato.com.br\/sites\/blogdaultimato\/files\/2024\/05\/Capa407-1-300x274.jpg\" alt=\"\" width=\"218\" height=\"199\" srcset=\"https:\/\/ultimato.com.br\/sites\/blogdaultimato\/files\/2024\/05\/Capa407-1-300x274.jpg 300w, https:\/\/ultimato.com.br\/sites\/blogdaultimato\/files\/2024\/05\/Capa407-1.jpg 350w\" sizes=\"auto, (max-width: 218px) 100vw, 218px\" \/><\/a>Ultimato oferece muito mais conte\u00fado para o leitor aprofundar-se nos assuntos de cada se\u00e7\u00e3o da revista. Nesta postagem voc\u00ea pode conhecer todo o conte\u00fado extra que foi divulgado na edi\u00e7\u00e3o de&nbsp;<strong><a href=\"https:\/\/www.ultimato.com.br\/revista\/407\" target=\"_blank\" rel=\"noopener\">Maio\/Junho<\/a><\/strong>&nbsp;de&nbsp;<strong>Ultimato<\/strong>. Aproveite!<\/p>\n<p>&nbsp;<\/p>\n<p><strong>PASTORAIS<\/strong>&nbsp;\u2013&nbsp;<em>Adora\u00e7\u00e3o: mais uma vez &#8211; e sempre<\/em>, por Jonathan Sim\u00f5es Freitas<br \/>\n<a href=\"http:\/\/bit.ly\/407-pastorais\">N\u00e3o existe cristianismo sem adora\u00e7\u00e3o<\/a><\/p>\n<p>&nbsp;<\/p>\n<p><strong>O CAMINHO DO CORA\u00c7\u00c3O<\/strong>&nbsp;\u2013&nbsp;<em>Olhem para os l\u00edrios e busquem o reino de Deus<\/em>, por Ricardo Barbosa de Souza<br \/>\n<a href=\"http:\/\/bit.ly\/406-caminho-coracao\">A paz do contentamento<\/a><\/p>\n<p>&nbsp;<\/p>\n<p><strong>FAM\u00cdLIA<\/strong>&nbsp;\u2013&nbsp;<em>Quem manda em casa?<\/em>, por Carlos \u201cCatito\u201d e Dagmar Grzybowski<br \/>\n<a href=\"http:\/\/bit.ly\/407-familia\">Estudo b\u00edblico: Pais crentes, pastores dos filhos<\/a><\/p>\n<p>&nbsp;<\/p>\n<p><strong>SESSENTA+<\/strong>&nbsp;\u2013&nbsp;<em>Uma cr\u00f4nica da minha vida<\/em>, por T\u00e1cito L. Maranh\u00e3o Pinto<br \/>\n<a href=\"http:\/\/bit.ly\/407-sessenta\">Vers\u00e3o ampliada de \u201cUma cr\u00f4nica da minha vida\u201d<\/a><\/p>\n<p>&nbsp;<\/p>\n<p><strong>REDESCOBRINDO A PALAVRA DE DEUS<\/strong>&nbsp;\u2013&nbsp;<em>&#8220;Nem s\u00f3 de p\u00e3o vivemos&#8221;<\/em>, por Valdir Steuernagel<br \/>\n<a href=\"http:\/\/bit.ly\/407-redescobrindo\" target=\"_blank\" rel=\"noopener\">Cinco coisas que aprendi sobre espiritualidade crist\u00e3 desenhando<\/a><\/p>\n<p>&nbsp;<\/p>\n<p><strong>CAMINHOS DA MISS\u00c3O<\/strong>&nbsp;\u2013&nbsp;<em>Cinco coisas que aprendi com os jovens na miss\u00e3o, <\/em>por D\u00e9lnia Bastos<br \/>\n<a href=\"http:\/\/bit.ly\/407-caminhos-missao\">Eu tamb\u00e9m aprendi com os jovens!<\/a><\/p>\n<p>&nbsp;<\/p>\n<p><strong>REFLEX\u00c3O<\/strong>&nbsp;\u2013&nbsp;<em>O man\u00e1 de amanh\u00e3<\/em>, por Susan Chou<br \/>\n<a href=\"http:\/\/bit.ly\/406-reflexao\">Confian\u00e7a paciente<\/a><\/p>\n<p>&nbsp;<\/p>\n<p><strong>HIST\u00d3RIA&nbsp;<\/strong>\u2013&nbsp;<em>Tirania, democracia e f\u00e9 crist\u00e3<\/em>, por Alderi Souza De Matos<br \/>\n<a href=\"http:\/\/bit.ly\/407-historia\">Democracia e f\u00e9 crist\u00e3<\/a><\/p>\n<p>&nbsp;<\/p>\n<p><strong>LITERATURA E CULTURA<\/strong>&nbsp;\u2013&nbsp;<em>Desafios \u00e0 sobreviv\u00eancia humana em &#8220;S\u00f3 a terra permanece&#8221; de George R. Stewart<\/em>, por Gladir Cabral<br \/>\n<a href=\"http:\/\/bit.ly\/407-literatura\">Como a morte pode nos ajudar a viver melhor<\/a><\/p>\n<p>&nbsp;<\/p>\n<p><b>VAMOS LER! <\/b>\u2013&nbsp;<em>Amor \u00e0 b\u00edblia, vida intelectual e f\u00e9 p\u00fablica<\/em>, por Erica Neves<br \/>\n<a href=\"http:\/\/bit.ly\/407-vamos-ler\">Live de lan\u00e7amento de Cristianismo Antigo para Tempos Novos<\/a><\/p>\n<p>&nbsp;<\/p>\n<p><b>ACONTECEU COMIGO <\/b>\u2013&nbsp;<em>&#8220;N\u00e3o volta vazia&#8221;<\/em>, por Gilberto Celeti<br \/>\n<a href=\"http:\/\/bit.ly\/407-testemunho\">Vers\u00e3o ampliada de &#8220;N\u00e3o volta vazia&#8221;<\/a><\/p>\n<\/div>\n","protected":false},"excerpt":{"rendered":"<p>Ultimato oferece muito mais conte\u00fado para o leitor aprofundar-se nos assuntos de cada se\u00e7\u00e3o da revista. Nesta postagem voc\u00ea pode conhecer todo o conte\u00fado extra que foi divulgado na edi\u00e7\u00e3o de\u00a0Maio\/Junho\u00a0de\u00a0Ultimato. Aproveite!<\/p>\n","protected":false},"author":21,"featured_media":0,"comment_status":"open","ping_status":"open","sticky":false,"template":"","format":"standard","meta":{"ngg_post_thumbnail":0,"footnotes":""},"categories":[5153],"tags":[5953],"class_list":["post-16808","post","type-post","status-publish","format-standard","hentry","category-prateleira","tag-revista-ultimato"],"_links":{"self":[{"href":"https:\/\/ultimato.com.br\/sites\/blogdaultimato\/wp-json\/wp\/v2\/posts\/16808","targetHints":{"allow":["GET"]}}],"collection":[{"href":"https:\/\/ultimato.com.br\/sites\/blogdaultimato\/wp-json\/wp\/v2\/posts"}],"about":[{"href":"https:\/\/ultimato.com.br\/sites\/blogdaultimato\/wp-json\/wp\/v2\/types\/post"}],"author":[{"embeddable":true,"href":"https:\/\/ultimato.com.br\/sites\/blogdaultimato\/wp-json\/wp\/v2\/users\/21"}],"replies":[{"embeddable":true,"href":"https:\/\/ultimato.com.br\/sites\/blogdaultimato\/wp-json\/wp\/v2\/comments?post=16808"}],"version-history":[{"count":5,"href":"https:\/\/ultimato.com.br\/sites\/blogdaultimato\/wp-json\/wp\/v2\/posts\/16808\/revisions"}],"predecessor-version":[{"id":16812,"href":"https:\/\/ultimato.com.br\/sites\/blogdaultimato\/wp-json\/wp\/v2\/posts\/16808\/revisions\/16812"}],"wp:attachment":[{"href":"https:\/\/ultimato.com.br\/sites\/blogdaultimato\/wp-json\/wp\/v2\/media?parent=16808"}],"wp:term":[{"taxonomy":"category","embeddable":true,"href":"https:\/\/ultimato.com.br\/sites\/blogdaultimato\/wp-json\/wp\/v2\/categories?post=16808"},{"taxonomy":"post_tag","embeddable":true,"href":"https:\/\/ultimato.com.br\/sites\/blogdaultimato\/wp-json\/wp\/v2\/tags?post=16808"}],"curies":[{"name":"wp","href":"https:\/\/api.w.org\/{rel}","templated":true}]}}