{"id":16804,"date":"2024-05-15T11:45:48","date_gmt":"2024-05-15T13:45:48","guid":{"rendered":"https:\/\/ultimato.com.br\/sites\/blogdaultimato\/?p=16804"},"modified":"2025-06-26T23:35:20","modified_gmt":"2025-06-27T01:35:20","slug":"ultimatoonline-na-revista-impressa-edicao-407","status":"publish","type":"post","link":"https:\/\/ultimato.com.br\/sites\/blogdaultimato\/2024\/05\/15\/ultimatoonline-na-revista-impressa-edicao-407\/","title":{"rendered":"ULTIMATOONLINE na revista impressa, edi\u00e7\u00e3o 407"},"content":{"rendered":"<h4><span style=\"color: #808000;\">Confira os destaques da se\u00e7\u00e3o ULTIMATOONLINE publicados na edi\u00e7\u00e3o&nbsp;<a style=\"color: #808000;\" href=\"http:\/\/www.ultimato.com.br\/revista\/407\" target=\"_blank\" rel=\"noopener noreferrer\">407<\/a>&nbsp;da revista Ultimato.<\/span><\/h4>\n<p>Para encontrar mais conte\u00fado, com atualiza\u00e7\u00e3o di\u00e1ria, acesse portal<strong>&nbsp;<a href=\"http:\/\/www.ultimato.com.br\/\">Ultimatoonline<\/a><\/strong>&nbsp;ou a<strong>&nbsp;<a href=\"http:\/\/www.ultimato.com.br\/loja\/\" target=\"_blank\" rel=\"noopener\">loja virtual<\/a><\/strong>&nbsp;com os lan\u00e7amentos e tudo sobre os nossos livros. Conhe\u00e7a tamb\u00e9m o<strong>&nbsp;<a href=\"http:\/\/www.ultimato.com.br\/revista\/edicoes-anteriores\" target=\"_blank\" rel=\"noopener\">acervo digital<\/a><\/strong>&nbsp;da revista Ultimato.<\/p>\n<p>&nbsp;<\/p>\n<p><strong>ALGUNS DOS MAIS LIDOS<\/strong><\/p>\n<p><a href=\"https:\/\/www.ultimato.com.br\/conteudo\/o-poderoso-deus-de-servos-inuteis\" target=\"_blank\" rel=\"noopener\">O poderoso Deus de servos in\u00fateis<\/a> [T\u00e1bata Mori]<br \/>\n<a href=\"https:\/\/www.ultimato.com.br\/conteudo\/o-que-o-autismo-tem-me-ensinado\/revista+n%BA242\" target=\"_blank\" rel=\"noopener\">O que o autismo tem me ensinado<\/a> [Davi Daniel de Oliveira]<br \/>\n<a href=\"https:\/\/www.ultimato.com.br\/conteudo\/movimento-cristao-60-e-editora-ultimato-firmam-parceria-para-producao-e-divulgacao-de-conteudos-com-foco-no-publico-de-sessenta-anos-ou-mais\/202\" target=\"_blank\" rel=\"noopener\">Movimento Crist\u00e3o 60+ e Editora Ultimato firmam parceria para produ\u00e7\u00e3o e divulga\u00e7\u00e3o de conte\u00fado com foco no p\u00fablico de sessenta anos ou mais<\/a> [Not\u00edcia]<\/p>\n<p>&nbsp;<\/p>\n<p><strong>ALGUNS DOS MAIS VISTOS<\/strong><\/p>\n<p><a href=\"https:\/\/loja.ultimato.com.br\/livros\/a-biblia-toda-o-ano-todo-2ed\" target=\"_blank\" rel=\"noopener\">A B\u00edblia Toda, o Ano Todo<\/a>, John Stott<br \/>\n<a href=\"https:\/\/loja.ultimato.com.br\/livros\/deus-em-questao\" target=\"_blank\" rel=\"noopener\">Deus em Quest\u00e3o<\/a>, Armand Nicholli<br \/>\n<a href=\"https:\/\/loja.ultimato.com.br\/livros\/a-cruz-e-o-paradoxo-da-autoestima\" target=\"_blank\" rel=\"noopener\">A Cruz e o Paradoxo da Autoestima<\/a>, Ricardo Barbosa<\/p>\n<p>&nbsp;<\/p>\n<p><strong>O ACERVO DIGITAL DA REVISTA ULTIMATO<\/strong><br \/>\nO acervo digital da revista <strong>Ultimato<\/strong> est\u00e1 dispon\u00edvel para o assinante 24 horas por dia, todos os dias da semana. \u00c9 f\u00e1cil encontrar a revista que voc\u00ea procura. Pela capa, pelo n\u00famero da edi\u00e7\u00e3o ou pelo ano de publica\u00e7\u00e3o. Depois, fique \u00e0 vontade para ler, pesquisar e compartilhar a sua revista.<\/p>\n<p>Navegue pelas edi\u00e7\u00f5es anteriores da revista em www.ultimato.com.br\/revista\/edicoes-anteriores. <strong>Assine Ultimato<\/strong> e compartilhe conosco o minist\u00e9rio (2Co 5.18-19).<\/p>\n<p>&nbsp;<\/p>\n<p><strong>A UM CLIQUE<\/strong><br \/>\nTodo o conte\u00fado desta se\u00e7\u00e3o e o conte\u00fado oferecido em \u201cMAIS NA INTERNET\u201d desta edi\u00e7\u00e3o&nbsp;<a href=\"http:\/\/bit.ly\/ult407-mais\" target=\"_blank\" rel=\"noopener\">aqui<\/a>.<\/p>\n","protected":false},"excerpt":{"rendered":"<p>Confira os destaques da se\u00e7\u00e3o ULTIMATOONLINE publicados na edi\u00e7\u00e3o\u00a0407\u00a0da revista Ultimato.<\/p>\n","protected":false},"author":21,"featured_media":0,"comment_status":"open","ping_status":"open","sticky":false,"template":"","format":"standard","meta":{"ngg_post_thumbnail":0,"footnotes":""},"categories":[5153],"tags":[5953],"class_list":["post-16804","post","type-post","status-publish","format-standard","hentry","category-prateleira","tag-revista-ultimato"],"_links":{"self":[{"href":"https:\/\/ultimato.com.br\/sites\/blogdaultimato\/wp-json\/wp\/v2\/posts\/16804","targetHints":{"allow":["GET"]}}],"collection":[{"href":"https:\/\/ultimato.com.br\/sites\/blogdaultimato\/wp-json\/wp\/v2\/posts"}],"about":[{"href":"https:\/\/ultimato.com.br\/sites\/blogdaultimato\/wp-json\/wp\/v2\/types\/post"}],"author":[{"embeddable":true,"href":"https:\/\/ultimato.com.br\/sites\/blogdaultimato\/wp-json\/wp\/v2\/users\/21"}],"replies":[{"embeddable":true,"href":"https:\/\/ultimato.com.br\/sites\/blogdaultimato\/wp-json\/wp\/v2\/comments?post=16804"}],"version-history":[{"count":3,"href":"https:\/\/ultimato.com.br\/sites\/blogdaultimato\/wp-json\/wp\/v2\/posts\/16804\/revisions"}],"predecessor-version":[{"id":16936,"href":"https:\/\/ultimato.com.br\/sites\/blogdaultimato\/wp-json\/wp\/v2\/posts\/16804\/revisions\/16936"}],"wp:attachment":[{"href":"https:\/\/ultimato.com.br\/sites\/blogdaultimato\/wp-json\/wp\/v2\/media?parent=16804"}],"wp:term":[{"taxonomy":"category","embeddable":true,"href":"https:\/\/ultimato.com.br\/sites\/blogdaultimato\/wp-json\/wp\/v2\/categories?post=16804"},{"taxonomy":"post_tag","embeddable":true,"href":"https:\/\/ultimato.com.br\/sites\/blogdaultimato\/wp-json\/wp\/v2\/tags?post=16804"}],"curies":[{"name":"wp","href":"https:\/\/api.w.org\/{rel}","templated":true}]}}