{"id":16788,"date":"2024-04-24T15:10:32","date_gmt":"2024-04-24T17:10:32","guid":{"rendered":"https:\/\/ultimato.com.br\/sites\/blogdaultimato\/?p=16788"},"modified":"2024-04-24T15:10:32","modified_gmt":"2024-04-24T17:10:32","slug":"quando-a-inspiracao-nao-vem-a-pressao-e-o-melhor-remedio-na-varanda-com-a-autora","status":"publish","type":"post","link":"https:\/\/ultimato.com.br\/sites\/blogdaultimato\/2024\/04\/24\/quando-a-inspiracao-nao-vem-a-pressao-e-o-melhor-remedio-na-varanda-com-a-autora\/","title":{"rendered":"Quando a inspira\u00e7\u00e3o n\u00e3o vem, a press\u00e3o \u00e9 o melhor rem\u00e9dio | Na varanda com a autora"},"content":{"rendered":"<p><em>Por D\u00e9lnia Bastos<\/em><\/p>\n<p><strong>&nbsp;<\/strong><\/p>\n<p><img loading=\"lazy\" decoding=\"async\" class=\"alignright wp-image-16789\" src=\"https:\/\/ultimato.com.br\/sites\/blogdaultimato\/files\/2024\/04\/blog_ult_24-4-24_varanda_1-300x216.jpg\" alt=\"\" width=\"350\" height=\"252\" srcset=\"https:\/\/ultimato.com.br\/sites\/blogdaultimato\/files\/2024\/04\/blog_ult_24-4-24_varanda_1-300x216.jpg 300w, https:\/\/ultimato.com.br\/sites\/blogdaultimato\/files\/2024\/04\/blog_ult_24-4-24_varanda_1-1024x738.jpg 1024w, https:\/\/ultimato.com.br\/sites\/blogdaultimato\/files\/2024\/04\/blog_ult_24-4-24_varanda_1-768x554.jpg 768w, https:\/\/ultimato.com.br\/sites\/blogdaultimato\/files\/2024\/04\/blog_ult_24-4-24_varanda_1-732x528.jpg 732w, https:\/\/ultimato.com.br\/sites\/blogdaultimato\/files\/2024\/04\/blog_ult_24-4-24_varanda_1-1140x822.jpg 1140w, https:\/\/ultimato.com.br\/sites\/blogdaultimato\/files\/2024\/04\/blog_ult_24-4-24_varanda_1.jpg 1280w\" sizes=\"auto, (max-width: 350px) 100vw, 350px\" \/>Talvez n\u00e3o seja um caso raro, mas a nutricionista que virou mission\u00e1ria e queria ler somente o Salmo 23 na inf\u00e2ncia, agora, na terceira idade, combina press\u00e3o com criatividade.<\/p>\n<p>Professora no Centro Evang\u00e9lico de Miss\u00f5es e membro do Conselho Nacional da ag\u00eancia mission\u00e1ria Interserve, D\u00e9lnia Bastos trabalhou em Angola e Mo\u00e7ambique nos anos 90, com e sem mal\u00e1ria, e \u00e9 editora da se\u00e7\u00e3o Caminhos da Miss\u00e3o da revista Ultimato.<\/p>\n<p>O blog da Ultimato conversou com a nossa colaboradora na varanda e descobriu alguns segredos da sua caminhada.<\/p>\n<p><strong>Alguma pessoa ou livro, em especial, influenciou sua aproxima\u00e7\u00e3o da leitura e da escrita?<\/strong><\/p>\n<p>N\u00e3o \u00e9 dif\u00edcil responder a esta pergunta quando voc\u00ea v\u00ea nascer um jornal na sua casa aos 4 anos de idade! Creio que meus pais me influenciaram desde cedo \u2014 eles n\u00e3o s\u00f3 liam, como escreviam. Mas interessante que eles n\u00e3o nos obrigavam a ler.<\/p>\n<p>Lembro-me da minha primeira leitura ser numa B\u00edblia que recebi deles de presente. Eu s\u00f3 queria ler o Salmo 23, repetidamente, mais nada.<\/p>\n<p>Anos mais tarde, acho que a biblioteca do meu pai me influenciou. No in\u00edcio da adolesc\u00eancia, descobri numa prateleira o <em>Coment\u00e1rio do Evangelho segundo Jo\u00e3o<\/em>, de J. C. Ryle. Foi minha primeira leitura \u201cs\u00e9ria\u201d. Eu estava fazendo minha devocional em Jo\u00e3o (a gente chamava de cultinho, e n\u00e3o devocional), meio que imitando meu pai. Eu queria respostas para v\u00e1rias d\u00favidas que surgiam durante a leitura. Ent\u00e3o comecei a ler coment\u00e1rios b\u00edblicos ap\u00f3s a leitura da B\u00edblia. Achei a coisa mais maravilhosa do mundo! Eu n\u00e3o consultava os coment\u00e1rios, eu os lia inteiros. Hoje acho isso bem estranho.<\/p>\n<p><strong>Quando a inspira\u00e7\u00e3o para escrever n\u00e3o vem\u2026<\/strong><\/p>\n<p>Pra mim, ela nunca vem. Acabo escrevendo sob press\u00e3o, quando algu\u00e9m me pede algo com um prazo determinado. Essa \u00e9 a verdade.<\/p>\n<p><strong><img loading=\"lazy\" decoding=\"async\" class=\"alignleft wp-image-16790\" src=\"https:\/\/ultimato.com.br\/sites\/blogdaultimato\/files\/2024\/04\/blog_ult_24-4-24_varanda_2-135x300.jpg\" alt=\"\" width=\"180\" height=\"400\" srcset=\"https:\/\/ultimato.com.br\/sites\/blogdaultimato\/files\/2024\/04\/blog_ult_24-4-24_varanda_2-135x300.jpg 135w, https:\/\/ultimato.com.br\/sites\/blogdaultimato\/files\/2024\/04\/blog_ult_24-4-24_varanda_2-461x1024.jpg 461w, https:\/\/ultimato.com.br\/sites\/blogdaultimato\/files\/2024\/04\/blog_ult_24-4-24_varanda_2-768x1704.jpg 768w, https:\/\/ultimato.com.br\/sites\/blogdaultimato\/files\/2024\/04\/blog_ult_24-4-24_varanda_2-692x1536.jpg 692w, https:\/\/ultimato.com.br\/sites\/blogdaultimato\/files\/2024\/04\/blog_ult_24-4-24_varanda_2-923x2048.jpg 923w, https:\/\/ultimato.com.br\/sites\/blogdaultimato\/files\/2024\/04\/blog_ult_24-4-24_varanda_2-732x1624.jpg 732w, https:\/\/ultimato.com.br\/sites\/blogdaultimato\/files\/2024\/04\/blog_ult_24-4-24_varanda_2.jpg 1000w\" sizes=\"auto, (max-width: 180px) 100vw, 180px\" \/>O que os adultos devem ler para as crian\u00e7as?<\/strong><\/p>\n<p>Ainda estou me perguntando isso. Com os netos, conheci alguns livros interessantes sobre as emo\u00e7\u00f5es. Na nossa \u00e9poca isso n\u00e3o existia. Acho que s\u00e3o muito interessantes, pois ensinam as crian\u00e7as como lidar com alegria, tristeza, raiva, nojo, medo, saudade, confian\u00e7a.<\/p>\n<p>Claro, antes de tudo, devemos ler hist\u00f3rias b\u00edblicas com as crian\u00e7as \u2014 mas tamb\u00e9m bons livros de est\u00f3rias e poemas. Aqui em casa temos uma prateleira de livros para os netinhos. Eles curtem (e bagun\u00e7am) bastante. Temos um livro sobre p\u00e1ssaros do Brasil com lindas ilustra\u00e7\u00f5es e poemas \u2014 \u00e9 lindo! Temos outro com fotos dos animais do Pantanal. O neto mais velho j\u00e1 decorou todos os nomes dos bichos e os biomas em que cada um vive.<\/p>\n<p><strong>Que conselho voc\u00ea gostaria de ter recebido&nbsp;na&nbsp;sua juventude?<\/strong><\/p>\n<p>Tenha paci\u00eancia com voc\u00ea mesmo.<\/p>\n<p><strong>Como voc\u00ea lida com o envelhecer?<\/strong><\/p>\n<p>Dif\u00edcil responder a esta pergunta, porque <a href=\"https:\/\/loja.ultimato.com.br\/livros\/aprender-a-envelhecer\">ainda estou aprendendo<\/a>. Estou no in\u00edcio desta fase, com 61 anos.<\/p>\n<p>H\u00e1 momentos de intensa alegria: parece que a produ\u00e7\u00e3o intelectual nesta fase \u00e9 melhorada, tanto pelo somat\u00f3rio das experi\u00eancias vividas, como pelo racioc\u00ednio mais maduro, bem formado.<\/p>\n<p>H\u00e1 tamb\u00e9m momentos de tristeza: o corpo n\u00e3o acompanha o c\u00e9rebro, definitivamente; a mem\u00f3ria parece estar cansada, sem aquela rapidez de antes. Tenho minhas falcatruas ou macacoas da idade, como diz minha m\u00e3e.<\/p>\n<p>Estou me disciplinando para aprender coisas novas, como diferentes receitas na cozinha, como fazer mudas de beijinhos, coisas assim. Sinto que isso faz muito bem ao corpo e \u00e0 alma, e cada dia sinto mais necessidade do contato com a natureza.<\/p>\n<p>Tamb\u00e9m estou buscando o equil\u00edbrio entre o fazer certas tarefas ou deixar para outros fazerem. Isso \u00e9 um desafio e uma arte! Sei que devemos dar espa\u00e7o aos jovens, mas tamb\u00e9m n\u00e3o devemos abandonar a nossa voca\u00e7\u00e3o. <a href=\"https:\/\/loja.ultimato.com.br\/livros\/aprender-a-envelhecer\">Concordo com Paul Tournier sobre ter uma segunda carreira<\/a>, que seja mais leve mas n\u00e3o menos comprometida. Estou no processo de buscar o equil\u00edbrio em tudo isso.<\/p>\n<p><strong><img loading=\"lazy\" decoding=\"async\" class=\"alignright wp-image-16791\" src=\"https:\/\/ultimato.com.br\/sites\/blogdaultimato\/files\/2024\/04\/blog_ult_24-4-24_varanda_3-206x300.jpg\" alt=\"\" width=\"241\" height=\"350\" srcset=\"https:\/\/ultimato.com.br\/sites\/blogdaultimato\/files\/2024\/04\/blog_ult_24-4-24_varanda_3-206x300.jpg 206w, https:\/\/ultimato.com.br\/sites\/blogdaultimato\/files\/2024\/04\/blog_ult_24-4-24_varanda_3-704x1024.jpg 704w, https:\/\/ultimato.com.br\/sites\/blogdaultimato\/files\/2024\/04\/blog_ult_24-4-24_varanda_3-768x1118.jpg 768w, https:\/\/ultimato.com.br\/sites\/blogdaultimato\/files\/2024\/04\/blog_ult_24-4-24_varanda_3-732x1065.jpg 732w, https:\/\/ultimato.com.br\/sites\/blogdaultimato\/files\/2024\/04\/blog_ult_24-4-24_varanda_3.jpg 991w\" sizes=\"auto, (max-width: 241px) 100vw, 241px\" \/>O que mais&nbsp;a&nbsp;anima e o que mais&nbsp;a&nbsp;incomoda no meio evang\u00e9lico?<\/strong><\/p>\n<p>O que mais me anima \u00e9 ver jovens e jovens adultos assumindo seu papel, se envolvendo na miss\u00e3o de Deus, na Hist\u00f3ria da Reden\u00e7\u00e3o.<\/p>\n<p>O que mais me incomoda (e entristece) \u00e9 a divis\u00e3o partid\u00e1ria ter abalado profundamente nossos relacionamentos na igreja brasileira.<\/p>\n<p><strong>Voc\u00ea e Tonica s\u00e3o editoras da se\u00e7\u00e3o &#8220;Caminhos da miss\u00e3o&#8221; da&nbsp;Ultimato&nbsp;h\u00e1 v\u00e1rios anos. Qual \u00e9 o objetivo da se\u00e7\u00e3o? Que hist\u00f3rias ela conta?<\/strong><\/p>\n<p>O objetivo \u00e9 apresentar, de forma muito resumida, novos desafios e novas tend\u00eancias em miss\u00e3o global e local. Outro objetivo \u00e9 compartilhar algumas experi\u00eancias de mission\u00e1rios, especialmente brasileiros.<\/p>\n<p><strong>OS DESAFIOS \u00c9TICOS DAS NOVAS TECNOLOGIAS<\/strong><\/p>\n<p>O avan\u00e7o da tecnologia nas \u00faltimas d\u00e9cadas \u00e9 maior do que em qualquer outra \u00e9poca da hist\u00f3ria. Tal aumento se d\u00e1 em muitas frentes e, mais significativo, confere um car\u00e1ter tecnol\u00f3gico \u00e0 vida contempor\u00e2nea.<\/p>\n<p>Quais s\u00e3o os desafios trazidos por esse avan\u00e7o? A \u00e9tica crist\u00e3 \u00e9 suficiente para responder aos aspectos relacionados \u00e0s novas tecnologias? Como a igreja pode atuar nesse cen\u00e1rio t\u00e3o desafiador?\u00c9 disso que trata a mat\u00e9ria de capa da edi\u00e7\u00e3o 407 da revista Ultimato. Para assinar, clique <a href=\"https:\/\/loja.ultimato.com.br\/categorias\/explore\/assine-a-revista\">aqui<\/a>.<\/p>\n<hr>\n<p><strong>Saiba mais:<\/strong><br \/>\n\u00bb <a href=\"https:\/\/loja.ultimato.com.br\/livros\/eleicao-e-livre-arbitrio\">Elei\u00e7\u00e3o e Livre-Arb\u00edtrio &#8211; confiss\u00f5es de um peregrino<\/a>, Francisco Leonardo Schalkwijk<strong><br \/>\n<\/strong>\u00bb <a href=\"https:\/\/loja.ultimato.com.br\/livros\/aprender-a-envelhecer\">Aprender a Envelhecer<\/a>, Paul Tournier<br \/>\n\u00bb <a href=\"https:\/\/www.ultimato.com.br\/conteudo\/a-vocacao-nao-tem-data-de-validade\">A voca\u00e7\u00e3o n\u00e3o tem validade<\/a>, por Marcos Bontempo<br \/>\n\u00bb <a href=\"https:\/\/loja.ultimato.com.br\/livros\/eu-um-missionario\">Eu, um Mission\u00e1rio? \u2013 Quando o jovem crist\u00e3o leva a s\u00e9rio o seu chamado<\/a>, Antonia Leonora van der Meer<\/p>\n","protected":false},"excerpt":{"rendered":"<p>Por D\u00e9lnia Bastos<br \/>\n&nbsp;<br \/>\nTalvez n\u00e3o seja um caso raro, mas a nutricionista que virou mission\u00e1ria e queria ler somente o Salmo 23 na inf\u00e2ncia, agora, na terceira idade, combina press\u00e3o com criatividade.<br \/>\nProfessora no Centro Evang\u00e9lico de Miss\u00f5es e membro do Conselho Nacional da ag\u00eancia mission\u00e1ria Interserve, D\u00e9lnia Bastos trabalhou em Angola e Mo\u00e7ambique nos anos 90, [&#8230;]<\/p>\n","protected":false},"author":21,"featured_media":0,"comment_status":"open","ping_status":"open","sticky":false,"template":"","format":"standard","meta":{"ngg_post_thumbnail":0,"footnotes":""},"categories":[5153],"tags":[],"class_list":["post-16788","post","type-post","status-publish","format-standard","hentry","category-prateleira"],"_links":{"self":[{"href":"https:\/\/ultimato.com.br\/sites\/blogdaultimato\/wp-json\/wp\/v2\/posts\/16788","targetHints":{"allow":["GET"]}}],"collection":[{"href":"https:\/\/ultimato.com.br\/sites\/blogdaultimato\/wp-json\/wp\/v2\/posts"}],"about":[{"href":"https:\/\/ultimato.com.br\/sites\/blogdaultimato\/wp-json\/wp\/v2\/types\/post"}],"author":[{"embeddable":true,"href":"https:\/\/ultimato.com.br\/sites\/blogdaultimato\/wp-json\/wp\/v2\/users\/21"}],"replies":[{"embeddable":true,"href":"https:\/\/ultimato.com.br\/sites\/blogdaultimato\/wp-json\/wp\/v2\/comments?post=16788"}],"version-history":[{"count":1,"href":"https:\/\/ultimato.com.br\/sites\/blogdaultimato\/wp-json\/wp\/v2\/posts\/16788\/revisions"}],"predecessor-version":[{"id":16792,"href":"https:\/\/ultimato.com.br\/sites\/blogdaultimato\/wp-json\/wp\/v2\/posts\/16788\/revisions\/16792"}],"wp:attachment":[{"href":"https:\/\/ultimato.com.br\/sites\/blogdaultimato\/wp-json\/wp\/v2\/media?parent=16788"}],"wp:term":[{"taxonomy":"category","embeddable":true,"href":"https:\/\/ultimato.com.br\/sites\/blogdaultimato\/wp-json\/wp\/v2\/categories?post=16788"},{"taxonomy":"post_tag","embeddable":true,"href":"https:\/\/ultimato.com.br\/sites\/blogdaultimato\/wp-json\/wp\/v2\/tags?post=16788"}],"curies":[{"name":"wp","href":"https:\/\/api.w.org\/{rel}","templated":true}]}}