{"id":16775,"date":"2024-03-26T16:03:50","date_gmt":"2024-03-26T18:03:50","guid":{"rendered":"https:\/\/ultimato.com.br\/sites\/blogdaultimato\/?p=16775"},"modified":"2024-03-27T15:55:06","modified_gmt":"2024-03-27T17:55:06","slug":"para-comemorar-a-pascoa-com-gratidao-e-alegria","status":"publish","type":"post","link":"https:\/\/ultimato.com.br\/sites\/blogdaultimato\/2024\/03\/26\/para-comemorar-a-pascoa-com-gratidao-e-alegria\/","title":{"rendered":"Para comemorar a P\u00e1scoa com gratid\u00e3o e alegria"},"content":{"rendered":"<p><img loading=\"lazy\" decoding=\"async\" class=\"alignright wp-image-16782\" src=\"https:\/\/ultimato.com.br\/sites\/blogdaultimato\/files\/2024\/03\/Cruz_Vazada_CEM_Ana_Claudia-255x300.jpg\" alt=\"\" width=\"300\" height=\"353\" srcset=\"https:\/\/ultimato.com.br\/sites\/blogdaultimato\/files\/2024\/03\/Cruz_Vazada_CEM_Ana_Claudia-255x300.jpg 255w, https:\/\/ultimato.com.br\/sites\/blogdaultimato\/files\/2024\/03\/Cruz_Vazada_CEM_Ana_Claudia-871x1024.jpg 871w, https:\/\/ultimato.com.br\/sites\/blogdaultimato\/files\/2024\/03\/Cruz_Vazada_CEM_Ana_Claudia-768x902.jpg 768w, https:\/\/ultimato.com.br\/sites\/blogdaultimato\/files\/2024\/03\/Cruz_Vazada_CEM_Ana_Claudia-1307x1536.jpg 1307w, https:\/\/ultimato.com.br\/sites\/blogdaultimato\/files\/2024\/03\/Cruz_Vazada_CEM_Ana_Claudia-1743x2048.jpg 1743w, https:\/\/ultimato.com.br\/sites\/blogdaultimato\/files\/2024\/03\/Cruz_Vazada_CEM_Ana_Claudia-732x860.jpg 732w, https:\/\/ultimato.com.br\/sites\/blogdaultimato\/files\/2024\/03\/Cruz_Vazada_CEM_Ana_Claudia-1140x1340.jpg 1140w, https:\/\/ultimato.com.br\/sites\/blogdaultimato\/files\/2024\/03\/Cruz_Vazada_CEM_Ana_Claudia.jpg 2000w\" sizes=\"auto, (max-width: 300px) 100vw, 300px\" \/>Seguindo a solenidade do caminho de Jesus at\u00e9 a morte na cruz, vem a alegria trazida pela manh\u00e3 do domingo em que ele apresentou-se vivo \u00e0s mulheres e aos disc\u00edpulos. Solenidade e gratid\u00e3o, alegria e esperan\u00e7a acompanham o primeiro e o segundo evento.<\/p>\n<p><strong>A cruz est\u00e1 vazia. Cristo ressuscitou!<\/strong><\/p>\n<p>&nbsp;<\/p>\n<p><strong>Ultimato<\/strong> quer ajudar o leitor no caminho da devo\u00e7\u00e3o at\u00e9 a Sexta-feira Santa e na sua celebra\u00e7\u00e3o da P\u00e1scoa e tamb\u00e9m no domingo da ressurrei\u00e7\u00e3o:<\/p>\n<p><strong>&gt; Relembre<\/strong> <a href=\"https:\/\/www.ultimato.com.br\/conteudo\/8-razoes-para-celebrar-a-pascoa\">8 raz\u00f5es para celebrar a P\u00e1scoa<\/a>.<\/p>\n<p><strong>&gt; Descubra<\/strong> a <a href=\"http:\/\/emkt.ultimato.com.br\/emkt\/tracer\/?2,6759636,082a639d,5ef4,24\">sele\u00e7\u00e3o de artigos e outros recursos<\/a> para entender melhor a P\u00e1scoa.<\/p>\n<p><strong>&gt; Conhe\u00e7a<\/strong> uma <a href=\"https:\/\/www.ultimato.com.br\/conteudo\/preparando-se-para-a-pascoa-uma-liturgia-para-anteceder-domingo-de-ramos-e-para-celebrar-esta-festa-crista\">liturgia de prepara\u00e7\u00e3o para a P\u00e1scoa<\/a>.<\/p>\n<p><strong>&gt; Ou\u00e7a <\/strong>uma <a href=\"https:\/\/open.spotify.com\/playlist\/4Lz7VhRFZ2glVDMeJEXtxH\">playlist de devocionais di\u00e1rias<\/a> sobre a P\u00e1scoa.<\/p>\n<p>&nbsp;<\/p>\n<p>E, para saber mais, confira tamb\u00e9m <a href=\"https:\/\/loja.ultimato.com.br\/livros\/os-ultimos-dias-de-jesus\">Os \u00daltimos Dias de Jesus<\/a>.<\/p>\n<hr>\n<p><span style=\"color: #008080;\"><strong>REVISTA ULTIMATO | GRATID\u00c3O \u2013 O QUE VOC\u00ca TEM QUE N\u00c3O TENHA RECEBIDO?<\/strong><\/span><\/p>\n<p>Reconhecer que \u00e9 necess\u00e1rio dar gra\u00e7as pela igreja \u2013 a que \u00e9 e a que ser\u00e1 (\u201cigreja triunfante\u201d) \u2013 pode ser uma chave para nos aproximar da comunidade dos fi\u00e9is, nestes dias em que a confian\u00e7a nas igrejas e a frequ\u00eancia nelas est\u00e3o em baixa. Ter feito as pazes com Deus por meio de Jesus Cristo, ter a sua presen\u00e7a pr\u00f3xima, experimentar isso \u2013 este \u00e9 o maior motivo de gratid\u00e3o.<\/p>\n<p>\u00c9 disso que se trata a <a href=\"https:\/\/www.ultimato.com.br\/revista\/\" target=\"_blank\" rel=\"noopener\">edi\u00e7\u00e3o 406<\/a> da revista Ultimato. Para assinar, clique <a href=\"https:\/\/loja.ultimato.com.br\/categorias\/explore\/assine-a-revista\" target=\"_blank\" rel=\"noopener\">aqui<\/a>.<\/p>\n","protected":false},"excerpt":{"rendered":"<p>Seguindo a solenidade do caminho de Jesus at\u00e9 a morte na cruz, vem a alegria trazida pela manh\u00e3 do domingo em que ele apresentou-se vivo \u00e0s mulheres e aos disc\u00edpulos. Solenidade e gratid\u00e3o, alegria e esperan\u00e7a acompanham o primeiro e o segundo evento.<br \/>\nA cruz est\u00e1 vazia. Cristo ressuscitou!<br \/>\n&nbsp;<br \/>\nUltimato quer ajudar o leitor no caminho da [&#8230;]<\/p>\n","protected":false},"author":21,"featured_media":0,"comment_status":"open","ping_status":"open","sticky":false,"template":"","format":"standard","meta":{"ngg_post_thumbnail":0,"footnotes":""},"categories":[5153],"tags":[],"class_list":["post-16775","post","type-post","status-publish","format-standard","hentry","category-prateleira"],"_links":{"self":[{"href":"https:\/\/ultimato.com.br\/sites\/blogdaultimato\/wp-json\/wp\/v2\/posts\/16775","targetHints":{"allow":["GET"]}}],"collection":[{"href":"https:\/\/ultimato.com.br\/sites\/blogdaultimato\/wp-json\/wp\/v2\/posts"}],"about":[{"href":"https:\/\/ultimato.com.br\/sites\/blogdaultimato\/wp-json\/wp\/v2\/types\/post"}],"author":[{"embeddable":true,"href":"https:\/\/ultimato.com.br\/sites\/blogdaultimato\/wp-json\/wp\/v2\/users\/21"}],"replies":[{"embeddable":true,"href":"https:\/\/ultimato.com.br\/sites\/blogdaultimato\/wp-json\/wp\/v2\/comments?post=16775"}],"version-history":[{"count":7,"href":"https:\/\/ultimato.com.br\/sites\/blogdaultimato\/wp-json\/wp\/v2\/posts\/16775\/revisions"}],"predecessor-version":[{"id":16783,"href":"https:\/\/ultimato.com.br\/sites\/blogdaultimato\/wp-json\/wp\/v2\/posts\/16775\/revisions\/16783"}],"wp:attachment":[{"href":"https:\/\/ultimato.com.br\/sites\/blogdaultimato\/wp-json\/wp\/v2\/media?parent=16775"}],"wp:term":[{"taxonomy":"category","embeddable":true,"href":"https:\/\/ultimato.com.br\/sites\/blogdaultimato\/wp-json\/wp\/v2\/categories?post=16775"},{"taxonomy":"post_tag","embeddable":true,"href":"https:\/\/ultimato.com.br\/sites\/blogdaultimato\/wp-json\/wp\/v2\/tags?post=16775"}],"curies":[{"name":"wp","href":"https:\/\/api.w.org\/{rel}","templated":true}]}}