{"id":16773,"date":"2024-03-18T17:36:21","date_gmt":"2024-03-18T19:36:21","guid":{"rendered":"https:\/\/ultimato.com.br\/sites\/blogdaultimato\/?p=16773"},"modified":"2025-06-26T23:35:36","modified_gmt":"2025-06-27T01:35:36","slug":"a-um-clique-conteudo-extra-da-edicao-406-de-ultimato","status":"publish","type":"post","link":"https:\/\/ultimato.com.br\/sites\/blogdaultimato\/2024\/03\/18\/a-um-clique-conteudo-extra-da-edicao-406-de-ultimato\/","title":{"rendered":"A um clique: conte\u00fado extra da edi\u00e7\u00e3o 406 de Ultimato"},"content":{"rendered":"<p><strong>Leia mais do que foi oferecido na edi\u00e7\u00e3o de <a href=\"https:\/\/www.ultimato.com.br\/revista\/406\" target=\"_blank\" rel=\"noopener\">Mar\u00e7o\/Abril<\/a> de Ultimato<\/strong><\/p>\n<p><a href=\"https:\/\/ultimato.com.br\/sites\/blogdaultimato\/files\/2024\/03\/capa_406.jpg\" class=\"lightview\" data-lightview-group=\"group-16773\" data-lightview-options=\"skin: 'dark', controls: 'relative', padding: '10', shadow: { color: '#000000', opacity: 0.08, blur: 3 }\"><img loading=\"lazy\" decoding=\"async\" class=\"alignright wp-image-16911\" src=\"https:\/\/ultimato.com.br\/sites\/blogdaultimato\/files\/2024\/03\/capa_406-300x300.jpg\" alt=\"\" width=\"239\" height=\"239\" srcset=\"https:\/\/ultimato.com.br\/sites\/blogdaultimato\/files\/2024\/03\/capa_406-300x300.jpg 300w, https:\/\/ultimato.com.br\/sites\/blogdaultimato\/files\/2024\/03\/capa_406-150x150.jpg 150w, https:\/\/ultimato.com.br\/sites\/blogdaultimato\/files\/2024\/03\/capa_406.jpg 500w\" sizes=\"auto, (max-width: 239px) 100vw, 239px\" \/><\/a>Ultimato oferece muito mais conte\u00fado para o leitor aprofundar-se nos assuntos de cada se\u00e7\u00e3o da revista. Nesta postagem voc\u00ea pode conhecer todo o conte\u00fado extra que foi divulgado na edi\u00e7\u00e3o de <strong><a href=\"https:\/\/www.ultimato.com.br\/revista\/\">Mar\u00e7o\/Abril<\/a><\/strong>&nbsp;de <strong>Ultimato<\/strong>. Aproveite!<\/p>\n<p>&nbsp;<\/p>\n<p><strong>ABERTURA<\/strong> \u2013<em> Suplantemos uns aos outros<\/em>, por Elben C\u00e9sar<br \/>\n<a href=\"http:\/\/ultimato.com.br\/sites\/elbencesar\">Legado Elben C\u00e9sar<\/a><\/p>\n<p>&nbsp;<\/p>\n<p><strong>PASTORAIS<\/strong> &#8211; <em>Vida frut\u00edfera versus religiosidade infrut\u00edfera<\/em>, por William Lane<br \/>\n<a href=\"https:\/\/ultimato.com.br\/sites\/elbencesar\/2019\/01\/04\/raizes-na-profundidade-frutos-no-topo\/\">Ra\u00edzes na profundidade, frutos no topo<\/a><\/p>\n<p>&nbsp;<\/p>\n<p><strong>MAT\u00c9RIA DE CAPA<\/strong>\u2013<em> Gratid\u00e3o &#8211; \u201cO que voc\u00ea tem que n\u00e3o tenha recebido?\u201d (1Co 4.7)<\/em>, por Ariane Gomes<br \/>\n<a href=\"http:\/\/bit.ly\/406-mais-gratidao\">No portal Ultimatoonline voc\u00ea encontra artigos, can\u00e7\u00f5es, estudos b\u00edblicos que complementam o assunto<\/a><\/p>\n<p>&nbsp;<\/p>\n<p><strong>MAT\u00c9RIA DE CAPA<\/strong> \u2013 <em>Gra\u00e7a e gratid\u00e3o<\/em>, por Vilson Scholz<br \/>\n<a href=\"http:\/\/bit.ly\/406-acao-gracas\" target=\"_blank\" rel=\"noopener\">A\u00e7\u00e3o de gra\u00e7as \u2013 uma reflex\u00e3o a partir da B\u00edblia<\/a><\/p>\n<p>&nbsp;<\/p>\n<p><strong>O CAMINHO DO CORA\u00c7\u00c3O<\/strong> \u2013 <em>Odres novos para vinho novo<\/em>, por Ricardo Barbosa de Souza<br \/>\n<a href=\"http:\/\/bit.ly\/406-caminho-coracao\">Gra\u00e7a para ser disc\u00edpulo<\/a><\/p>\n<p>&nbsp;<\/p>\n<p><strong>FAM\u00cdLIA<\/strong> \u2013 <em>Adolescentes agressivos \u2013 como lidar com eles?<\/em>, por Carlos \u201cCatito\u201d e Dagmar Grzybowski<br \/>\n<a href=\"http:\/\/bit.ly\/406-familia\">Cuidemos de nossos adolescentes<\/a><\/p>\n<p>&nbsp;<\/p>\n<p><strong>SESSENTA+<\/strong> \u2013 <em>Que marcha voc\u00ea usa nos 60+?<\/em>, por Nancy Gon\u00e7alves Dusilek<br \/>\n<a href=\"http:\/\/bit.ly\/406-sessenta\">Vers\u00e3o ampliada de \u201cQue marcha voc\u00ea usa nos 60+?\u201d<\/a><\/p>\n<p>&nbsp;<\/p>\n<p><strong>REDESCOBRINDO A PALAVRA DE DEUS<\/strong> \u2013 <em>Maria, a cruz&#8230; e n\u00f3s<\/em>, por Valdir Steuernagel<br \/>\n<a href=\"http:\/\/bit.ly\/406-redescobrindo\" target=\"_blank\" rel=\"noopener\">Cruz, sofrimento e espiritualidade<\/a><\/p>\n<p>&nbsp;<\/p>\n<p><strong>CAMINHOS DA MISS\u00c3O<\/strong> &#8211; <em>O poderoso Deus de servos in\u00fateis,&nbsp;<\/em>por T\u00e1bata Mori<br \/>\n<a href=\"http:\/\/bit.ly\/406-caminhos-missao\">Vers\u00e3o ampliada de \u201cO poderoso Deus de servos in\u00fateis\u201d<\/a><\/p>\n<p>&nbsp;<\/p>\n<p><strong>REFLEX\u00c3O<\/strong> \u2013 <em>Se somos todos iguais, por que para n\u00f3s \u00e9 diferente?<\/em>, por Caio Couto<br \/>\n<a href=\"http:\/\/bit.ly\/406-reflexao\">Para combater o racismo \u2013 portas e cora\u00e7\u00f5es abertos<\/a><\/p>\n<p>&nbsp;<\/p>\n<p><strong>REPORTAGEM<\/strong> \u2013 <em>A voca\u00e7\u00e3o que move o mundo<\/em>, por Liss\u00e2nder Dias do Amaral<br \/>\n<a href=\"http:\/\/bit.ly\/406-reportagem\">Por que apoiar o Vocare?<\/a><\/p>\n<p>&nbsp;<\/p>\n<p><strong>HIST\u00d3RIA <\/strong>\u2013 <em>A dimens\u00e3o religiosa de um intelectual brasileiro<\/em>, por Alderi Souza De Matos<br \/>\n<a href=\"http:\/\/bit.ly\/406-historia\">Quero estar ao p\u00e9 da cruz<\/a><\/p>\n<p>&nbsp;<\/p>\n<p><strong>TEND\u00caNCIAS<\/strong> \u2013 <em>Alzheimer, uma teologia saud\u00e1vel da mem\u00f3ria e o Deus que se lembra<\/em>, por Chien Hsin Fen, Andr\u00e9 T. C. Chen e Wu Tu Hsing<br \/>\nVers\u00e3o ampliada de \u201c<a href=\"http:\/\/bit.ly\/406-tendencias\">Alzheimer, uma teologia saud\u00e1vel da mem\u00f3ria e o Deus que se lembra<\/a>\u201d<\/p>\n","protected":false},"excerpt":{"rendered":"<p>Ultimato oferece muito mais conte\u00fado para o leitor aprofundar-se nos assuntos de cada se\u00e7\u00e3o da revista. Nesta postagem voc\u00ea pode conhecer todo o conte\u00fado extra que foi divulgado na edi\u00e7\u00e3o de Mar\u00e7o\/Abril\u00a0de Ultimato. Aproveite!<\/p>\n","protected":false},"author":21,"featured_media":0,"comment_status":"open","ping_status":"open","sticky":false,"template":"","format":"standard","meta":{"ngg_post_thumbnail":0,"footnotes":""},"categories":[5153],"tags":[5953],"class_list":["post-16773","post","type-post","status-publish","format-standard","hentry","category-prateleira","tag-revista-ultimato"],"_links":{"self":[{"href":"https:\/\/ultimato.com.br\/sites\/blogdaultimato\/wp-json\/wp\/v2\/posts\/16773","targetHints":{"allow":["GET"]}}],"collection":[{"href":"https:\/\/ultimato.com.br\/sites\/blogdaultimato\/wp-json\/wp\/v2\/posts"}],"about":[{"href":"https:\/\/ultimato.com.br\/sites\/blogdaultimato\/wp-json\/wp\/v2\/types\/post"}],"author":[{"embeddable":true,"href":"https:\/\/ultimato.com.br\/sites\/blogdaultimato\/wp-json\/wp\/v2\/users\/21"}],"replies":[{"embeddable":true,"href":"https:\/\/ultimato.com.br\/sites\/blogdaultimato\/wp-json\/wp\/v2\/comments?post=16773"}],"version-history":[{"count":6,"href":"https:\/\/ultimato.com.br\/sites\/blogdaultimato\/wp-json\/wp\/v2\/posts\/16773\/revisions"}],"predecessor-version":[{"id":16937,"href":"https:\/\/ultimato.com.br\/sites\/blogdaultimato\/wp-json\/wp\/v2\/posts\/16773\/revisions\/16937"}],"wp:attachment":[{"href":"https:\/\/ultimato.com.br\/sites\/blogdaultimato\/wp-json\/wp\/v2\/media?parent=16773"}],"wp:term":[{"taxonomy":"category","embeddable":true,"href":"https:\/\/ultimato.com.br\/sites\/blogdaultimato\/wp-json\/wp\/v2\/categories?post=16773"},{"taxonomy":"post_tag","embeddable":true,"href":"https:\/\/ultimato.com.br\/sites\/blogdaultimato\/wp-json\/wp\/v2\/tags?post=16773"}],"curies":[{"name":"wp","href":"https:\/\/api.w.org\/{rel}","templated":true}]}}