{"id":16748,"date":"2023-12-22T13:00:17","date_gmt":"2023-12-22T15:00:17","guid":{"rendered":"https:\/\/ultimato.com.br\/sites\/blogdaultimato\/?p=16748"},"modified":"2024-02-14T17:28:44","modified_gmt":"2024-02-14T19:28:44","slug":"doencas-que-fazem-sofrer-tambem-os-que-creem-2","status":"publish","type":"post","link":"https:\/\/ultimato.com.br\/sites\/blogdaultimato\/2023\/12\/22\/doencas-que-fazem-sofrer-tambem-os-que-creem-2\/","title":{"rendered":"O que mais voc\u00ea pode ler sobre sa\u00fade mental"},"content":{"rendered":"<p><img loading=\"lazy\" decoding=\"async\" class=\"alignright wp-image-16753\" src=\"https:\/\/ultimato.com.br\/sites\/blogdaultimato\/files\/2023\/12\/prat_22-12-23_saude-300x200.jpg\" alt=\"\" width=\"400\" height=\"267\" srcset=\"https:\/\/ultimato.com.br\/sites\/blogdaultimato\/files\/2023\/12\/prat_22-12-23_saude-300x200.jpg 300w, https:\/\/ultimato.com.br\/sites\/blogdaultimato\/files\/2023\/12\/prat_22-12-23_saude-768x512.jpg 768w, https:\/\/ultimato.com.br\/sites\/blogdaultimato\/files\/2023\/12\/prat_22-12-23_saude-732x488.jpg 732w, https:\/\/ultimato.com.br\/sites\/blogdaultimato\/files\/2023\/12\/prat_22-12-23_saude.jpg 1000w\" sizes=\"auto, (max-width: 400px) 100vw, 400px\" \/>N\u00e3o se trata de fraqueza moral, pecado, aus\u00eancia de esfor\u00e7o nem pregui\u00e7a. Tamb\u00e9m n\u00e3o significa imaturidade espiritual, puni\u00e7\u00e3o por alguma inconsequ\u00eancia, falta de ora\u00e7\u00e3o ou de leitura da B\u00edblia. Todas as pessoas \u2013 tamb\u00e9m os que creem \u2013 correm o risco de adoecer mentalmente.<\/p>\n<p>\u00c9 isso mesmo. Assim como sofrem fraturas, t\u00eam press\u00e3o alta ou diabetes ou c\u00e2ncer, os crist\u00e3os \u2013 mulheres, homens, crian\u00e7as, jovens e velhos, l\u00edderes e leigos \u2013 podem sofrer com doen\u00e7as mentais.<\/p>\n<p>A igreja tem uma grande tarefa e oportunidade neste contexto: ser um lugar de acolhimento e promo\u00e7\u00e3o da sa\u00fade, garantindo seguran\u00e7a, respeito, quebra de estigmas, restaura\u00e7\u00e3o, apoio pr\u00e1tico, encorajamento e esperan\u00e7a. Um lugar para onde corre o aflito.<\/p>\n<p>Ultimato selecionou conte\u00fados sobre sa\u00fade e doen\u00e7a mental \u2013 artigos, livros, edi\u00e7\u00f5es da revista, lives, frases ilustradas, entre outros. Desejamos que a leitura seja um incentivo e encorajamento aos que sofrem e aos que estendem as m\u00e3os para promover a sa\u00fade mental.<\/p>\n<p><strong>ARTIGOS<\/strong><br \/>\n<a href=\"https:\/\/www.ultimato.com.br\/conteudo\/saude-e-fe\">Sa\u00fade e f\u00e9 &#8211; Mais do que nunca \u00e9 preciso integrar a f\u00e9 crist\u00e3 aos desafios globais de sa\u00fade mental<\/a> | Karen Bomilcar<\/p>\n<p><a href=\"https:\/\/www.ultimato.com.br\/conteudo\/saude-emocional-e-maturidade-espiritual-o-que-a-igreja-pode-fazer\">Sa\u00fade emocional e maturidade espiritual: o que a igreja pode fazer?<\/a> | Karen Bomilcar<\/p>\n<p><a href=\"https:\/\/www.ultimato.com.br\/conteudo\/criatividade-e-saude-mental-o-que-artistas-e-comunidades-podem-fazer\">Criatividade e sa\u00fade mental: o que artistas e comunidades podem fazer?<\/a> | Karen Bomilcar<\/p>\n<p><a href=\"https:\/\/www.ultimato.com.br\/conteudo\/jeremias-com-a-sindrome-de-burnout\">Jeremias com a s\u00edndrome de Burnout?<\/a> | Elben C\u00e9sar<\/p>\n<p><a href=\"https:\/\/ultimato.com.br\/sites\/blogdaultimato\/2017\/07\/07\/livra-me-da-depressao\/\">Livra-me da depress\u00e3o<\/a> | Elben C\u00e9sar<\/p>\n<p><a href=\"https:\/\/www.ultimato.com.br\/conteudo\/saude-e-vida-em-abundancia\">Sa\u00fade \u00e9 vida em abund\u00e2ncia<\/a> | Ren\u00e9 Padilla<\/p>\n<p><a href=\"https:\/\/www.ultimato.com.br\/conteudo\/igrejas-comunidades-terapeuticas\">Igrejas, comunidades terap\u00eauticas<\/a> | Uriel Heckert<\/p>\n<p><a href=\"https:\/\/www.ultimato.com.br\/conteudo\/dona-aparecida-22-anos-depois-da-decisao-eu-vou-frequentar-esta-igreja\">Dona Aparecida, 22 anos depois da decis\u00e3o \u201cEu vou frequentar esta igreja!\u201d<\/a> | Por Uriel Heckert<\/p>\n<p><a href=\"https:\/\/www.ultimato.com.br\/conteudo\/um-dia-de-cada-vez-nao-confie-em-sua-mente-nem-em-suas-emocoes\">Um dia de cada vez: n\u00e3o confie em sua mente nem em suas emo\u00e7\u00f5es<\/a> | Emma Scrivener<\/p>\n<p><a href=\"https:\/\/www.ultimato.com.br\/conteudo\/o-que-voce-sente-nao-e-quem-voce-e-entao-como-seguir-em-frente\">O que voc\u00ea sente n\u00e3o \u00e9 quem voc\u00ea \u00e9. Ent\u00e3o, como seguir em frente?<\/a> | Emma Scrivener<\/p>\n<p><a href=\"https:\/\/www.ultimato.com.br\/conteudo\/como-deixar-de-se-odiar-dez-razoes-para-ser-quem-nos-somos-e-descobrir-como-deus-nos-ve\">Como deixar de se odiar? Dez raz\u00f5es para ser quem n\u00f3s somos e descobrir como Deus nos v\u00ea<\/a> | Emma Scrivener<\/p>\n<p><a href=\"https:\/\/www.ultimato.com.br\/conteudo\/saude-integral-e-fe-crista\">Sa\u00fade integral e f\u00e9 crist\u00e3<\/a> | Compromisso da Cidade do Cabo<\/p>\n<p><a href=\"https:\/\/www.ultimato.com.br\/conteudo\/depressao-e-cristianismo-cristaos-tambem-enfrentam-a-depressao-parte-1\">Depress\u00e3o e cristianismo \u2013 Crist\u00e3os tamb\u00e9m enfrentam a depress\u00e3o? \u2013 parte 1<\/a> | Aline J. M. Cho, Andr\u00e9 T. C. Chen, Giovanni Hsiao e Wu Tu Hsing em nome da Associa\u00e7\u00e3o M\u00e9dica \u00c1gape<\/p>\n<p><a href=\"https:\/\/www.ultimato.com.br\/conteudo\/depressao-e-cristianismo-comunidades-de-fe-como-instrumentos-e-nao-perturbadores-parte-2\">Depress\u00e3o e cristianismo \u2013 Comunidades de f\u00e9 como instrumentos e n\u00e3o perturbadores \u2013 parte 2<\/a> | Aline J. M. Cho, Andr\u00e9 T. C. Chen, Giovanni Hsiao e Wu Tu Hsing em nome da Associa\u00e7\u00e3o M\u00e9dica \u00c1gape<\/p>\n<p><a href=\"https:\/\/www.ultimato.com.br\/conteudo\/saude-mental-um-dos-aspectos-da-missao\">Sa\u00fade mental, um dos aspectos da miss\u00e3o<\/a> | Esther Carrenho<\/p>\n<p><a href=\"https:\/\/www.ultimato.com.br\/conteudo\/olhando-para-dentro\">Olhando para dentro<\/a> | Esther Carrenho<\/p>\n<p><a href=\"https:\/\/www.ultimato.com.br\/conteudo\/o-amor-procede-de-deus-aspectos-psicoterapeuticos-e-curativos-da-biblia\">\u201cO amor procede de Deus\u201d \u2013 aspectos psicoterap\u00eauticos e curativos da B\u00edblia<\/a> | Esther Carrenho<\/p>\n<p><a href=\"https:\/\/www.ultimato.com.br\/conteudo\/nao-desperdice-seu-sofrimento\">N\u00e3o desperdice seu sofrimento<\/a> | Samara Monteiro<\/p>\n<p><a href=\"https:\/\/www.ultimato.com.br\/conteudo\/setembro-amarelo-igreja-de-luto-precisamos-falar-sobre-saude-mental\">Setembro amarelo, igreja de luto: precisamos falar sobre sa\u00fade mental<\/a> | Ravena Albuquerque<\/p>\n<p><a href=\"https:\/\/www.ultimato.com.br\/conteudo\/igreja-e-saude-mental\">Igreja e sa\u00fade mental<\/a> | Gladys Mwiti e Bradford Smith<\/p>\n<p><a href=\"https:\/\/www.ultimato.com.br\/conteudo\/cinco-insights-sobre-cuidado-pastoral-e-saude-mental-na-pandemia\">Cinco sugest\u00f5es sobre cuidado pastoral e sa\u00fade mental na pandemia<\/a> | Phelipe Reis<\/p>\n<p><a href=\"https:\/\/www.ultimato.com.br\/conteudo\/10-atitudes-para-prevenir-e-manter-a-saude-emocional-em-tempos-de-quarentena\/2\">10 atitudes para prevenir e manter a sa\u00fade emocional em tempos de quarentena<\/a> | Abner Morillas<\/p>\n<p><a href=\"https:\/\/www.ultimato.com.br\/conteudo\/como-a-igreja-pode-ajudar-na-causa-dos-que-sofrem-com-doencas-mentais\">Como a igreja pode ajudar na causa dos que sofrem com doen\u00e7as mentais<\/a> | Maria Aparecida Ant\u00e3o<\/p>\n<p><a href=\"https:\/\/www.ultimato.com.br\/conteudo\/como-lidar-com-traumas-e-lembrancas-ruins-do-passado\">Como lidar com traumas e lembran\u00e7as ruins do passado<\/a> | Maria Luiza R\u00fcckert<\/p>\n<p><a href=\"https:\/\/www.ultimato.com.br\/conteudo\/7-em-cada-10-adolescentes-identificam-ansiedade-e-depressao-como-um-grande-problema#identificam\">7 em cada 10 adolescentes identificam \u201cansiedade e depress\u00e3o\u201d como um grande problema<\/a> | Not\u00edcia<\/p>\n<p><a href=\"https:\/\/ultimato.com.br\/sites\/maosdadas\/2015\/01\/05\/equilibrio-emocional-sua-falta-pode-nos-levar-ao-fundo-do-poco\/\">Equil\u00edbrio emocional: sua falta pode nos levar ao fundo do po\u00e7o<\/a> | Revista M\u00e3os Dadas<\/p>\n<p><a href=\"https:\/\/www.ultimato.com.br\/conteudo\/quando-viver-se-torna-uma-angustia\">Quando viver se torna uma ang\u00fastia<\/a> | Zilda Rossi Araujo<\/p>\n<p><a href=\"https:\/\/www.ultimato.com.br\/conteudo\/crente-fica-doente\">Crente fica doente<\/a> | Augustus Nicodemus<\/p>\n<p><a href=\"https:\/\/www.ultimato.com.br\/conteudo\/quando-a-dor-se-torna-insuportavel\">Quando a dor se torna insuport\u00e1vel<\/a> | Rubens Ruprecht<\/p>\n<p><a href=\"https:\/\/www.ultimato.com.br\/conteudo\/corrigindo-as-lentes\">Corrigindo as lentes<\/a> | Dan Bianchin<\/p>\n<p><a href=\"https:\/\/www.ultimato.com.br\/conteudo\/o-descanso-esta-virando-um-espantalho\">O descanso est\u00e1 virando um espantalho<\/a> | Mariana Albuquerque<\/p>\n<p><a href=\"https:\/\/www.ultimato.com.br\/conteudo\/convite-a-saude-emocional\">Cinco raz\u00f5es para cuidar das emo\u00e7\u00f5es<\/a> | Isabelle Ludovico<\/p>\n<p><a href=\"https:\/\/www.ultimato.com.br\/conteudo\/voce-dorme-bem-dez-dicas-para-quem-nao-quer-perder-o-sono\">Dez dicas para quem n\u00e3o quer perder o sono<\/a> | Ita O. M. Costa<\/p>\n<p><a href=\"https:\/\/www.ultimato.com.br\/conteudo\/a-equacao-de-uma-vida-boa-em-2024\">A equa\u00e7\u00e3o de uma vida boa em 2024<\/a> | Paulo Ribeiro<\/p>\n<p><a href=\"https:\/\/www.ultimato.com.br\/conteudo\/saude-mental-e-comunidade-crista\">Sa\u00fade mental e comunidade crist\u00e3<\/a> | Karen Bomilcar<\/p>\n<p><a href=\"https:\/\/www.ultimato.com.br\/conteudo\/o-jovem-e-suas-cargas-emocionais\">O jovem e suas cargas emocionais<\/a> | Liss\u00e2nder Dias<\/p>\n<p><a href=\"https:\/\/www.ultimato.com.br\/conteudo\/pastores-adoecem-e-nao-e-de-hoje\">Pastores adoecem. E n\u00e3o \u00e9 de hoje<\/a> | Gerson Borges<\/p>\n<p><strong>REVISTA ULTIMATO<\/strong><br \/>\n<a href=\"https:\/\/www.ultimato.com.br\/revista\/312\">Doen\u00e7as que podem e devem ser tratadas<\/a> | Edi\u00e7\u00e3o 312 (Maio-Junho 2008)<br \/>\n<a href=\"https:\/\/www.ultimato.com.br\/revista\/334\">Como se livrar da culpa e da mancha<\/a> | Edi\u00e7\u00e3o 334 (Janeiro-Fevereiro 2012)<br \/>\n<a href=\"https:\/\/www.ultimato.com.br\/revista\/339\">Somos todos inconstantes, mas Deus n\u00e3o desiste de n\u00f3s<\/a> | Edi\u00e7\u00e3o 339 (Novembro-Dezembro 2012)<br \/>\n<a href=\"https:\/\/www.ultimato.com.br\/revista\/341\">Doen\u00e7as que pouco matam e muito fazem sofrer<\/a> | Edi\u00e7\u00e3o 341 (Mar\u00e7o-Abril 2013)<br \/>\n<a href=\"https:\/\/www.ultimato.com.br\/revista\/347\">Depress\u00e3o, ansiedade, tenta\u00e7\u00e3o, culpa<\/a> | Edi\u00e7\u00e3o 347 (Mar\u00e7o-Abril 2014)<br \/>\n<a href=\"https:\/\/www.ultimato.com.br\/revista\/357\">Todo mundo \u00e9 t\u00e3o humano quanto todo mundo<\/a> | Edi\u00e7\u00e3o 357 (Novembro-Dezembro 2015)<br \/>\n<a href=\"https:\/\/www.ultimato.com.br\/revista\/380\">Cansados de qu\u00ea?<\/a> | Edi\u00e7\u00e3o 380 (Novembro-Dezembro 2019)<\/p>\n<p><strong>LIVROS<\/strong><br \/>\n<a href=\"https:\/\/loja.ultimato.com.br\/livros\/a-cruz-e-o-paradoxo-da-autoestima\">A Cruz e o Paradoxo da Autoestima<\/a>, Ricardo Barbosa<br \/>\n<a href=\"https:\/\/loja.ultimato.com.br\/livros\/caminhos-da-graca\">Caminhos da Gra\u00e7a<\/a>, Karin Wondracek<br \/>\n<a href=\"https:\/\/loja.ultimato.com.br\/livros\/cartas-entre-freud-amp-pfister\">Cartas Entre Freud e Pfister<\/a>, Sigmund Freud &amp; Oskar Pfister<br \/>\n<a href=\"https:\/\/loja.ultimato.com.br\/livros\/crises-e-perdas-na-familia\">Crises e Perdas na Fam\u00edlia<\/a>, Jorge Maldonado<br \/>\n<a href=\"https:\/\/loja.ultimato.com.br\/livros\/culpa-e-graca\">Culpa e Gra\u00e7a<\/a>, Paul Tournier<br \/>\nCura para Pessoas Feridas, Dan Harrison<br \/>\n<a href=\"https:\/\/loja.ultimato.com.br\/livros\/deus-em-questao\">Deus em Quest\u00e3o<\/a>, Armand M. Nicholi, Jr.<br \/>\n<a href=\"https:\/\/loja.ultimato.com.br\/livros\/encorajamento-que-vem-do-alto\">Encorajamento Que Vem do Alto<\/a>, Robert Cho<br \/>\n<a href=\"https:\/\/loja.ultimato.com.br\/livros\/freud-versus-deus\">Freud versus Deus<\/a>, Dan G. Blazer<br \/>\n<a href=\"https:\/\/loja.ultimato.com.br\/livros\/geografia-do-recolhimento\">Geografia do Recolhimento \u2013 O lugar da vida devocional<\/a>, Cayo C\u00e9sar Santos<br \/>\n<a href=\"https:\/\/loja.ultimato.com.br\/livros\/lamento\">Lamento<\/a>, Nicholas Wolterstorff<br \/>\nM\u00e1scaras da Melancolia, John White<br \/>\n<a href=\"https:\/\/loja.ultimato.com.br\/livros\/mentes-cerebros-almas-e-deuses\">Mentes, C\u00e9rebros, Almas e Deuses<\/a>, Malcolm Jeeves<br \/>\nMitos e Neuroses, Paul Tournier<br \/>\n<a href=\"https:\/\/loja.ultimato.com.br\/livros\/o-que-rouba-a-sua-alegria\">O Que Rouba a Sua Alegria<\/a>, Marta Carriker<br \/>\n<a href=\"https:\/\/loja.ultimato.com.br\/livros\/para-melhor-enfrentar-o-sofrimento\">Para (Melhor) Enfrentar o Sofrimento<\/a>, Elben C\u00e9sar<br \/>\n<a href=\"https:\/\/loja.ultimato.com.br\/livros\/pare-de-conjugar-o-verbo-sofrer\">Pare de Conjugar o Verbo Sofrer<\/a>, Ariovaldo Ramos<br \/>\n<a href=\"https:\/\/loja.ultimato.com.br\/livros\/pensamentos-transformados-emocoes-redimidas\">Pensamentos Transformados, Emo\u00e7\u00f5es Redimidas<\/a>, Ricardo Barbosa<br \/>\n<a href=\"https:\/\/loja.ultimato.com.br\/livros\/quando-a-alegria-nao-vem-pela-manha\">Quando a Alegria n\u00e3o Vem Pela Manh\u00e3<\/a>, Ricardo Barbosa<br \/>\n<a href=\"https:\/\/loja.ultimato.com.br\/livros\/saude-emocional-e-vida-crista\">Sa\u00fade Emocional e Vida Crist\u00e3, Curando as feridas do cora\u00e7\u00e3o<\/a>, Esly Regina<br \/>\n<a href=\"https:\/\/loja.ultimato.com.br\/livros\/suplicas-de-um-necessitado-2ed\">S\u00faplicas de Um Necessitado<\/a>, Elben C\u00e9sar<br \/>\n<a href=\"https:\/\/loja.ultimato.com.br\/livros\/um-novo-dia\">Um Novo Dia<\/a>, Emma Scrivener<\/p>\n<p><strong>FRASES ILUSTRADAS<\/strong><\/p>\n<p>Do livro <a href=\"https:\/\/ultimato.com.br\/sites\/blogdaultimato\/2019\/06\/10\/voce-sente-que-sua-vida-e-um-desastre\/\">Um Novo Dia<\/a>, de Emma Scrivener<\/p>\n<p><strong>ESTUDOS B\u00cdBLICOS<\/strong><br \/>\n<a href=\"https:\/\/ultimato.com.br\/sites\/estudos-biblicos\/assunto\/aconselhamento\/elias-um-crente-deprimido\/\">Elias, um crente deprimido<\/a><\/p>\n<p><a href=\"https:\/\/ultimato.com.br\/sites\/estudos-biblicos\/assunto\/aconselhamento\/como-superar-a-ansiedade-e-o-medo\/\">Como superar a ansiedade e o medo<\/a><\/p>\n<p><strong>LIVES<\/strong><br \/>\n<a href=\"https:\/\/www.youtube.com\/watch?v=ikCRMjMdtig\">Sa\u00fade integral e f\u00e9 crist\u00e3<\/a>, com Karen Bomilcar e Davi Chang<\/p>\n<p><a href=\"https:\/\/www.youtube.com\/watch?v=yyk2fUbOaXY&amp;t=2398s\">Encorajamento Que Vem do Alto<\/a>, com Robert Cho, D\u00e9lnia e Emanuel Bastos<\/p>\n<p><a href=\"https:\/\/www.ultimato.com.br\/conteudo\/vem-pra-vida-disponibiliza-material-gratuito-contra-suicidio-entre-adolescentes-e-jovens\">Campanha \u201cVem pra vida\u201d<\/a><\/p>\n","protected":false},"excerpt":{"rendered":"<p>N\u00e3o se trata de fraqueza moral, pecado, aus\u00eancia de esfor\u00e7o nem pregui\u00e7a. Tamb\u00e9m n\u00e3o significa imaturidade espiritual, puni\u00e7\u00e3o por alguma inconsequ\u00eancia, falta de ora\u00e7\u00e3o ou de leitura da B\u00edblia. Todas as pessoas \u2013 tamb\u00e9m os que creem \u2013 correm o risco de adoecer mentalmente.<br \/>\n\u00c9 isso mesmo. Assim como sofrem fraturas, t\u00eam press\u00e3o alta ou diabetes [&#8230;]<\/p>\n","protected":false},"author":21,"featured_media":0,"comment_status":"open","ping_status":"open","sticky":false,"template":"","format":"standard","meta":{"ngg_post_thumbnail":0,"footnotes":""},"categories":[5153],"tags":[],"class_list":["post-16748","post","type-post","status-publish","format-standard","hentry","category-prateleira"],"_links":{"self":[{"href":"https:\/\/ultimato.com.br\/sites\/blogdaultimato\/wp-json\/wp\/v2\/posts\/16748","targetHints":{"allow":["GET"]}}],"collection":[{"href":"https:\/\/ultimato.com.br\/sites\/blogdaultimato\/wp-json\/wp\/v2\/posts"}],"about":[{"href":"https:\/\/ultimato.com.br\/sites\/blogdaultimato\/wp-json\/wp\/v2\/types\/post"}],"author":[{"embeddable":true,"href":"https:\/\/ultimato.com.br\/sites\/blogdaultimato\/wp-json\/wp\/v2\/users\/21"}],"replies":[{"embeddable":true,"href":"https:\/\/ultimato.com.br\/sites\/blogdaultimato\/wp-json\/wp\/v2\/comments?post=16748"}],"version-history":[{"count":5,"href":"https:\/\/ultimato.com.br\/sites\/blogdaultimato\/wp-json\/wp\/v2\/posts\/16748\/revisions"}],"predecessor-version":[{"id":16761,"href":"https:\/\/ultimato.com.br\/sites\/blogdaultimato\/wp-json\/wp\/v2\/posts\/16748\/revisions\/16761"}],"wp:attachment":[{"href":"https:\/\/ultimato.com.br\/sites\/blogdaultimato\/wp-json\/wp\/v2\/media?parent=16748"}],"wp:term":[{"taxonomy":"category","embeddable":true,"href":"https:\/\/ultimato.com.br\/sites\/blogdaultimato\/wp-json\/wp\/v2\/categories?post=16748"},{"taxonomy":"post_tag","embeddable":true,"href":"https:\/\/ultimato.com.br\/sites\/blogdaultimato\/wp-json\/wp\/v2\/tags?post=16748"}],"curies":[{"name":"wp","href":"https:\/\/api.w.org\/{rel}","templated":true}]}}