{"id":16725,"date":"2023-11-17T15:37:31","date_gmt":"2023-11-17T17:37:31","guid":{"rendered":"https:\/\/ultimato.com.br\/sites\/blogdaultimato\/?p=16725"},"modified":"2025-07-08T13:58:28","modified_gmt":"2025-07-08T15:58:28","slug":"a-um-clique-conteudo-extra-da-edicao-404-de-ultimato","status":"publish","type":"post","link":"https:\/\/ultimato.com.br\/sites\/blogdaultimato\/2023\/11\/17\/a-um-clique-conteudo-extra-da-edicao-404-de-ultimato\/","title":{"rendered":"A um clique: conte\u00fado extra da edi\u00e7\u00e3o 404 de Ultimato"},"content":{"rendered":"<p><strong>Leia mais do que foi oferecido na edi\u00e7\u00e3o de&nbsp;<a href=\"https:\/\/www.ultimato.com.br\/revista\/404\">Novembro\/Dezembro<\/a>&nbsp;de Ultimato<\/strong><\/p>\n<p><a href=\"https:\/\/ultimato.com.br\/sites\/blogdaultimato\/files\/2023\/11\/capa_404-1.jpg\" class=\"lightview\" data-lightview-group=\"group-16725\" data-lightview-options=\"skin: 'dark', controls: 'relative', padding: '10', shadow: { color: '#000000', opacity: 0.08, blur: 3 }\"><img loading=\"lazy\" decoding=\"async\" class=\"alignright size-medium wp-image-16916\" src=\"https:\/\/ultimato.com.br\/sites\/blogdaultimato\/files\/2023\/11\/capa_404-1-300x300.jpg\" alt=\"\" width=\"300\" height=\"300\" srcset=\"https:\/\/ultimato.com.br\/sites\/blogdaultimato\/files\/2023\/11\/capa_404-1-300x300.jpg 300w, https:\/\/ultimato.com.br\/sites\/blogdaultimato\/files\/2023\/11\/capa_404-1-1024x1024.jpg 1024w, https:\/\/ultimato.com.br\/sites\/blogdaultimato\/files\/2023\/11\/capa_404-1-150x150.jpg 150w, https:\/\/ultimato.com.br\/sites\/blogdaultimato\/files\/2023\/11\/capa_404-1-768x768.jpg 768w, https:\/\/ultimato.com.br\/sites\/blogdaultimato\/files\/2023\/11\/capa_404-1-732x732.jpg 732w, https:\/\/ultimato.com.br\/sites\/blogdaultimato\/files\/2023\/11\/capa_404-1-1140x1140.jpg 1140w, https:\/\/ultimato.com.br\/sites\/blogdaultimato\/files\/2023\/11\/capa_404-1.jpg 1500w\" sizes=\"auto, (max-width: 300px) 100vw, 300px\" \/><\/a>Ultimato oferece muito mais conte\u00fado para o leitor aprofundar-se nos assuntos de cada se\u00e7\u00e3o da revista. Nesta postagem voc\u00ea pode conhecer todo o conte\u00fado extra que foi divulgado na edi\u00e7\u00e3o de <strong><a href=\"https:\/\/www.ultimato.com.br\/revista\/404\">Novembro\/Dezembro<\/a><\/strong>&nbsp;de <strong>Ultimato<\/strong>. Aproveite!<\/p>\n<p>&nbsp;<\/p>\n<p><strong>ABERTURA<\/strong> \u2013<em> Reanima\u00e7\u00e3o dia a dia<\/em> , por Elben C\u00e9sar<br \/>\n<a href=\"http:\/\/ultimato.com.br\/sites\/elbencesar\">Legado Elben C\u00e9sar<\/a><\/p>\n<p>&nbsp;<\/p>\n<p><strong>MAT\u00c9RIA DE CAPA<\/strong>\u2013<em> Nada \u00e9 para sempre?<\/em>, por Christian Gillis<br \/>\n<a href=\"https:\/\/www.ultimato.com.br\/revista\/artigos\/384\/o-salmo-de-moises-no-contexto-de-moises\" target=\"_blank\" rel=\"noopener\">O Salmo de Mois\u00e9s \u2013 no contexto de Mois\u00e9s<\/a><\/p>\n<p>&nbsp;<\/p>\n<p><strong>MAT\u00c9RIA DE CAPA<\/strong> \u2013<em>Os desafios socioecon\u00f4micos para <\/em><em>grande parcela dos idosos no Brasil<\/em>, por X\u00eania Cass\u00e9te<br \/>\n<a href=\"https:\/\/www.ultimato.com.br\/conteudo\/envelhecimento-da-populacao-requer-novas-politicas-publicas-e-atencao-da-igreja\" target=\"_blank\" rel=\"noopener\">Envelhecimento da popula\u00e7\u00e3o requer novas pol\u00edticas p\u00fablicas e aten\u00e7\u00e3o da igreja<\/a><\/p>\n<p>&nbsp;<\/p>\n<p><strong>O CAMINHO DO CORA\u00c7\u00c3O<\/strong> \u2013 O encontro de duas gr\u00e1vidas improv\u00e1veis, por Ricardo Barbosa de Souza<br \/>\n<a href=\"https:\/\/www.ultimato.com.br\/conteudo\/as-mulheres-no-natal-de-jesus\">As mulheres no Natal de Jesus<\/a><\/p>\n<p>&nbsp;<\/p>\n<p><strong>FAM\u00cdLIA<\/strong> \u2013 <em>A fun\u00e7\u00e3o de provedor e o shabbat<\/em>, por Carlos \u201cCatito\u201d e Dagmar Grzybowski<br \/>\n<a href=\"http:\/\/bit.ly\/404-familia\">O que significa ser homem?<\/a><br \/>\n<a href=\"https:\/\/www.ultimato.com.br\/conteudo\/masculinidade-responsabilidade-humildade-e-amor\">Masculinidade: responsabilidade, humildade e amor<\/a><\/p>\n<p>&nbsp;<\/p>\n<p><strong>SESSENTA+<\/strong>&nbsp;\u2013 <em>A vida passa muito r\u00e1pido<\/em>, por Jiro Nishimura<br \/>\n<a href=\"http:\/\/bit.ly\/404-sessenta\">Vers\u00e3o ampliada de \u201cA vida passa muito r\u00e1pido\u201d<\/a><\/p>\n<p>&nbsp;<\/p>\n<p><strong>REDESCOBRINDO A PALAVRA DE DEUS<\/strong>&nbsp;\u2013&nbsp;<em>Gra\u00e7as a Deus pela sua igreja<\/em>, por Valdir Steuernagel<br \/>\n<a href=\"http:\/\/bit.ly\/404-redescobrindo\" target=\"_blank\" rel=\"noopener\">Eu creio na Igreja<\/a><\/p>\n<p>&nbsp;<\/p>\n<p><strong>CAMINHOS DA MISS\u00c3O<\/strong> &#8211; <em>Desafios para mission\u00e1rias <\/em><em>brasileiras,&nbsp;<\/em>por Antonia Leonora Van Der Meer (Tonica)<br \/>\n<a href=\"http:\/\/bit.ly\/404-caminhos-missao\">Mulheres e teologia<\/a><\/p>\n<p>&nbsp;<\/p>\n<p><strong>REFLEX\u00c3O<\/strong> \u2013 <em>A provid\u00eancia divina <\/em><em>na voca\u00e7\u00e3o<\/em>, por Ricardo Murtada<br \/>\n<a href=\"http:\/\/bit.ly\/404-reflexao\">Navegue no Portal Ultimatoonline e saiba mais sobre voca\u00e7\u00e3o<\/a><\/p>\n<p>&nbsp;<\/p>\n<p><strong>HIST\u00d3RIA <\/strong>\u2013 <em>Peri\u00f3dicos evang\u00e9licos no brasil: uma longa trajet\u00f3ria<\/em>, por Alderi Souza de Matos<br \/>\n<a href=\"http:\/\/bit.ly\/404-historia\">Como nasce uma grande hist\u00f3ria<\/a><\/p>\n<p>&nbsp;<\/p>\n<p><strong>OS EVANGEL\u00cdCOS NO BRASIL<\/strong> \u2013 <em>Associa\u00e7\u00e3o evang\u00e9lica <\/em><em>beneficente celebra 95 anos<\/em>, B\u00e1rbara Almeida<br \/>\n<a href=\"http:\/\/bit.ly\/404-evangelicos\">Transforma\u00e7\u00f5es diaconais \u2013 crist\u00e3os em a\u00e7\u00e3o<\/a><\/p>\n<p>&nbsp;<\/p>\n<p><strong>TEND\u00caNCIAS<\/strong> \u2013 <em>O uso e o abuso das telas por <\/em><em>crian\u00e7as e adolescentes<\/em>, por Ursula Regina Schmidt Affini<br \/>\nVers\u00e3o ampliada de <a href=\"http:\/\/bit.ly\/404-tendencias\">\u201cCrian\u00e7as, adolescentes e o uso excessivo de telas\u201d<\/a><\/p>\n<p>&nbsp;<\/p>\n<p><strong>VAMOS LER!<\/strong> \u2013<em>\u00c9 razo\u00e1vel pensar que Deus atende a ora\u00e7\u00f5es espec\u00edficas?<\/em>, por Arthur Henrique Soares Dos Santos<br \/>\nVers\u00e3o ampliada de <a href=\"http:\/\/bit.ly\/404-vamos-ler\">\u201c\u00c9 razo\u00e1vel pensar que Deus atende a ora\u00e7\u00f5es espec\u00edficas?\u201d<\/a><\/p>\n<p>&nbsp;<\/p>\n<p><strong>ACONTECEU COMIGO<\/strong> \u2013 <em>Deus me viu e veio <\/em><em>ao meu encontro<\/em>, por Milka Santos<br \/>\n<a href=\"http:\/\/bit.ly\/404-testemunho\">Em Cristo encontrei prop\u00f3sito<\/a><\/p>\n","protected":false},"excerpt":{"rendered":"<p>Ultimato oferece muito mais conte\u00fado para o leitor aprofundar-se nos assuntos de cada se\u00e7\u00e3o da revista. Nesta postagem voc\u00ea pode conhecer todo o conte\u00fado extra que foi divulgado na edi\u00e7\u00e3o de Novembro\/Dezembro\u00a0de Ultimato. Aproveite!<\/p>\n","protected":false},"author":21,"featured_media":0,"comment_status":"open","ping_status":"open","sticky":false,"template":"","format":"standard","meta":{"ngg_post_thumbnail":0,"footnotes":""},"categories":[5153],"tags":[5953],"class_list":["post-16725","post","type-post","status-publish","format-standard","hentry","category-prateleira","tag-revista-ultimato"],"_links":{"self":[{"href":"https:\/\/ultimato.com.br\/sites\/blogdaultimato\/wp-json\/wp\/v2\/posts\/16725","targetHints":{"allow":["GET"]}}],"collection":[{"href":"https:\/\/ultimato.com.br\/sites\/blogdaultimato\/wp-json\/wp\/v2\/posts"}],"about":[{"href":"https:\/\/ultimato.com.br\/sites\/blogdaultimato\/wp-json\/wp\/v2\/types\/post"}],"author":[{"embeddable":true,"href":"https:\/\/ultimato.com.br\/sites\/blogdaultimato\/wp-json\/wp\/v2\/users\/21"}],"replies":[{"embeddable":true,"href":"https:\/\/ultimato.com.br\/sites\/blogdaultimato\/wp-json\/wp\/v2\/comments?post=16725"}],"version-history":[{"count":8,"href":"https:\/\/ultimato.com.br\/sites\/blogdaultimato\/wp-json\/wp\/v2\/posts\/16725\/revisions"}],"predecessor-version":[{"id":16983,"href":"https:\/\/ultimato.com.br\/sites\/blogdaultimato\/wp-json\/wp\/v2\/posts\/16725\/revisions\/16983"}],"wp:attachment":[{"href":"https:\/\/ultimato.com.br\/sites\/blogdaultimato\/wp-json\/wp\/v2\/media?parent=16725"}],"wp:term":[{"taxonomy":"category","embeddable":true,"href":"https:\/\/ultimato.com.br\/sites\/blogdaultimato\/wp-json\/wp\/v2\/categories?post=16725"},{"taxonomy":"post_tag","embeddable":true,"href":"https:\/\/ultimato.com.br\/sites\/blogdaultimato\/wp-json\/wp\/v2\/tags?post=16725"}],"curies":[{"name":"wp","href":"https:\/\/api.w.org\/{rel}","templated":true}]}}