{"id":16722,"date":"2023-11-17T15:32:57","date_gmt":"2023-11-17T17:32:57","guid":{"rendered":"https:\/\/ultimato.com.br\/sites\/blogdaultimato\/?p=16722"},"modified":"2025-06-26T23:36:01","modified_gmt":"2025-06-27T01:36:01","slug":"ult404","status":"publish","type":"post","link":"https:\/\/ultimato.com.br\/sites\/blogdaultimato\/2023\/11\/17\/ult404\/","title":{"rendered":"ULTIMATOONLINE na revista impressa, edi\u00e7\u00e3o 404"},"content":{"rendered":"<h4><span style=\"color: #808000;\">Confira os destaques da se\u00e7\u00e3o ULTIMATOONLINE publicados na edi\u00e7\u00e3o&nbsp;<a style=\"color: #808000;\" href=\"http:\/\/www.ultimato.com.br\/revista\/404\" target=\"_blank\" rel=\"noopener noreferrer\">404<\/a>&nbsp;da revista Ultimato.<\/span><\/h4>\n<p>Para encontrar mais conte\u00fado, com atualiza\u00e7\u00e3o di\u00e1ria, acesse portal<strong>&nbsp;<a href=\"http:\/\/www.ultimato.com.br\/\">Ultimatoonline<\/a><\/strong>&nbsp;ou a<strong>&nbsp;<a href=\"http:\/\/www.ultimato.com.br\/loja\/\" target=\"_blank\" rel=\"noopener\">loja virtual<\/a><\/strong>&nbsp;com os lan\u00e7amentos e tudo sobre os nossos livros. Conhe\u00e7a tamb\u00e9m o<strong>&nbsp;<a href=\"http:\/\/www.ultimato.com.br\/revista\/edicoes-anteriores\" target=\"_blank\" rel=\"noopener\">acervo digital<\/a><\/strong>&nbsp;da revista Ultimato.<\/p>\n<p>&nbsp;<\/p>\n<h4><strong>ARTIGOS \u2013 ALGUNS DOS MAIS LIDOS<\/strong><\/h4>\n<p>\u00bb <a href=\"https:\/\/www.ultimato.com.br\/conteudo\/filhos-por-adocao-o-aprendizado-de-um-dia-de-cada-vez\" target=\"_blank\" rel=\"noopener\">Filhos por ado\u00e7\u00e3o: o aprendizado de \u201cum dia de cada vez\u201d<\/a>&nbsp;| Renata Schuwartz<\/p>\n<p>\u00bb <a href=\"https:\/\/www.ultimato.com.br\/conteudo\/setembro-amarelo-igreja-de-luto-precisamos-falar-sobre-saude-mental\" target=\"_blank\" rel=\"noopener\">Setembro amarelo, igreja de luto: precisamos falar sobre sa\u00fade mental<\/a>&nbsp;| Ravena Albuquerque<\/p>\n<p>\u00bb <a href=\"https:\/\/www.ultimato.com.br\/conteudo\/de-wittenberg-e-genebra-ao-brasil-o-testemunho-de-uma-fe-operosa\">De Wittenberg e Genebra ao Brasil: o testemunho de uma f\u00e9 operosa<\/a>&nbsp;| Maur\u00edcio Meneses<\/p>\n<p>&nbsp;<\/p>\n<h4><strong>LIVROS \u2013 ALGUNS DOS MAIS VISTOS<\/strong><\/h4>\n<p>\u00bb <a href=\"https:\/\/loja.ultimato.com.br\/livros\/a-cruz-e-o-paradoxo-da-autoestima\" target=\"_blank\" rel=\"noopener\">A Cruz e o Paradoxo da Autoestima<\/a>, Ricardo Barbosa de Sousa<\/p>\n<p>\u00bb<a href=\"https:\/\/loja.ultimato.com.br\/livros\/meditacoes-diarias-para-todas-as-estacoes\" target=\"_blank\" rel=\"noopener\">Medita\u00e7\u00f5es Di\u00e1rias \u2013 Para todas as esta\u00e7\u00f5es<\/a>, Elben C\u00e9sar<\/p>\n<p>\u00bb <a href=\"https:\/\/loja.ultimato.com.br\/livros\/a-biblia-toda-o-ano-todo-2ed\" target=\"_blank\" rel=\"noopener\">A B\u00edblia Toda, O Ano Todo<\/a>, John Stott<\/p>\n<h4>&nbsp;<br \/>\n<strong>NOVA LOJA ULTIMATO<\/strong><\/h4>\n<p>Mais bonita, mais f\u00e1cil de navegar, mais op\u00e7\u00f5es e promo\u00e7\u00f5es exclusivas.<br \/>\nUltimato acaba de inaugurar a sua nova loja:<a href=\"https:\/\/loja.ultimato.com.br\/\" target=\"_blank\" rel=\"noopener\">loja.ultimato.com.br<\/a><\/p>\n<p>Nossa miss\u00e3o continua a mesma: contribuir para a transforma\u00e7\u00e3o de vidas e edifica\u00e7\u00e3o da Igreja por meio da publica\u00e7\u00e3o de conte\u00fado crist\u00e3o. \u00c9 assim que publicamos a revista Ultimato, os livros e atualizamos o conte\u00fado on-line diariamente.<\/p>\n<p>Enfim, agora ficou mais f\u00e1cil e r\u00e1pido encontrar o que voc\u00ea procura.<\/p>\n<p>EM TEMPO: O nosso site, com o acervo digital da revista Ultimato, continua o mesmo:&nbsp;<a href=\"https:\/\/www.ultimato.com.br\/\" target=\"_blank\" rel=\"noopener\">ultimato.com.br<\/a>.<\/p>\n<p>&nbsp;<\/p>\n<h4><strong>A UM CLIQUE<\/strong><\/h4>\n<p>Todo o conte\u00fado desta se\u00e7\u00e3o e o conte\u00fado oferecido em \u201c<a href=\"https:\/\/ultimato.com.br\/sites\/blogdaultimato\/2023\/11\/17\/a-um-clique-conteudo-extra-da-edicao-399-de-ultimato-2\/\">MAIS NA INTERNET<\/a>\u201d desta edi\u00e7\u00e3o <a href=\"http:\/\/bit.ly\/ult404-mais\" target=\"_blank\" rel=\"noopener\">aqui<\/a>.<\/p>\n","protected":false},"excerpt":{"rendered":"<p>Confira os destaques da se\u00e7\u00e3o ULTIMATOONLINE publicados na edi\u00e7\u00e3o\u00a0404\u00a0da revista Ultimato.<\/p>\n","protected":false},"author":21,"featured_media":0,"comment_status":"open","ping_status":"open","sticky":false,"template":"","format":"standard","meta":{"ngg_post_thumbnail":0,"footnotes":""},"categories":[5153],"tags":[5953],"class_list":["post-16722","post","type-post","status-publish","format-standard","hentry","category-prateleira","tag-revista-ultimato"],"_links":{"self":[{"href":"https:\/\/ultimato.com.br\/sites\/blogdaultimato\/wp-json\/wp\/v2\/posts\/16722","targetHints":{"allow":["GET"]}}],"collection":[{"href":"https:\/\/ultimato.com.br\/sites\/blogdaultimato\/wp-json\/wp\/v2\/posts"}],"about":[{"href":"https:\/\/ultimato.com.br\/sites\/blogdaultimato\/wp-json\/wp\/v2\/types\/post"}],"author":[{"embeddable":true,"href":"https:\/\/ultimato.com.br\/sites\/blogdaultimato\/wp-json\/wp\/v2\/users\/21"}],"replies":[{"embeddable":true,"href":"https:\/\/ultimato.com.br\/sites\/blogdaultimato\/wp-json\/wp\/v2\/comments?post=16722"}],"version-history":[{"count":8,"href":"https:\/\/ultimato.com.br\/sites\/blogdaultimato\/wp-json\/wp\/v2\/posts\/16722\/revisions"}],"predecessor-version":[{"id":16940,"href":"https:\/\/ultimato.com.br\/sites\/blogdaultimato\/wp-json\/wp\/v2\/posts\/16722\/revisions\/16940"}],"wp:attachment":[{"href":"https:\/\/ultimato.com.br\/sites\/blogdaultimato\/wp-json\/wp\/v2\/media?parent=16722"}],"wp:term":[{"taxonomy":"category","embeddable":true,"href":"https:\/\/ultimato.com.br\/sites\/blogdaultimato\/wp-json\/wp\/v2\/categories?post=16722"},{"taxonomy":"post_tag","embeddable":true,"href":"https:\/\/ultimato.com.br\/sites\/blogdaultimato\/wp-json\/wp\/v2\/tags?post=16722"}],"curies":[{"name":"wp","href":"https:\/\/api.w.org\/{rel}","templated":true}]}}