{"id":16701,"date":"2023-10-24T15:11:00","date_gmt":"2023-10-24T17:11:00","guid":{"rendered":"https:\/\/ultimato.com.br\/sites\/blogdaultimato\/?p=16701"},"modified":"2023-11-14T15:58:23","modified_gmt":"2023-11-14T17:58:23","slug":"envelhecemos-a-arte-de-continuar-att","status":"publish","type":"post","link":"https:\/\/ultimato.com.br\/sites\/blogdaultimato\/2023\/10\/24\/envelhecemos-a-arte-de-continuar-att\/","title":{"rendered":"[Quase] tudo o que voc\u00ea queria saber sobre os 60+"},"content":{"rendered":"<p><img loading=\"lazy\" decoding=\"async\" class=\"size-medium wp-image-16707 alignright\" src=\"https:\/\/ultimato.com.br\/sites\/blogdaultimato\/files\/2023\/10\/blog_ult_404_mais-191x300.jpg\" alt=\"\" width=\"191\" height=\"300\" srcset=\"https:\/\/ultimato.com.br\/sites\/blogdaultimato\/files\/2023\/10\/blog_ult_404_mais-191x300.jpg 191w, https:\/\/ultimato.com.br\/sites\/blogdaultimato\/files\/2023\/10\/blog_ult_404_mais.jpg 437w\" sizes=\"auto, (max-width: 191px) 100vw, 191px\" \/><\/p>\n<p><strong><em>Um novo olhar para os idosos come\u00e7a com o conhecimento do assunto<\/em><\/strong><\/p>\n<p>Ao publicar uma mat\u00e9ria de capa com este t\u00edtulo<em> Envelhecemos &#8211; a arte de continuar<\/em>, Ultimato deseja encorajar um novo olhar para a velhice: um novo olhar dos idosos para eles mesmos e um novo olhar para os idosos por parte da igreja e da sociedade.<\/p>\n<p>\u00c9 preciso resgatar a vis\u00e3o b\u00edblica da velhice, conhecer mais a respeito da \u201cnova velhice\u201d e lutar para que os mais velhos sejam valorizados.<\/p>\n<p>Voc\u00ea pode come\u00e7ar lendo mais sobre o assunto. Veja aqui as indica\u00e7\u00f5es de recursos, artigos, livros e outros materiais.<\/p>\n<p><strong>ARTIGOS<\/strong><\/p>\n<p>&#8211; <a href=\"https:\/\/www.ultimato.com.br\/conteudo\/idosos-como-atores-e-campo-da-missao\">Os 60+ como campo de miss\u00e3o<\/a> | Ver\u00f4nica Farias e S\u00e9rgio Lyra<br \/>\n&#8211; <a href=\"https:\/\/www.ultimato.com.br\/conteudo\/envelhecer-com-planos-e-expectativas\">Envelhecer com planos e expectativas<\/a>| Ver\u00f4nica Farias<br \/>\n&#8211; <a href=\"https:\/\/www.ultimato.com.br\/conteudo\/o-abismo-entre-geracoes-e-irreconciliavel\">O abismo entre gera\u00e7\u00f5es \u00e9 irreconcili\u00e1vel?<\/a> | Tiago Pereira<br \/>\n&#8211; <a href=\"https:\/\/www.ultimato.com.br\/conteudo\/renovando-a-igreja-por-meio-dos-mais-velhos\">Renovando a igreja por meio dos mais velhos<\/a> | Ricardo Barbosa<br \/>\n&#8211; <a href=\"https:\/\/www.ultimato.com.br\/conteudo\/envelhecimento-da-populacao-requer-novas-politicas-publicas-e-atencao-da-igreja\/200\">Envelhecimento da popula\u00e7\u00e3o requer novas pol\u00edticas p\u00fablicas e aten\u00e7\u00e3o da igreja<\/a> | X\u00eania Cass\u00e9te<br \/>\n&#8211; <a href=\"https:\/\/www.ultimato.com.br\/conteudo\/a-vida-passa-muito-rapido\">A vida passa muito r\u00e1pido<\/a> | Jiro Nishimura<br \/>\n&#8211; <a href=\"https:\/\/www.ultimato.com.br\/conteudo\/envelhecimento-saudavel\">Envelhecimento saud\u00e1vel<\/a> | Jorge Cruz<br \/>\n&#8211; <a href=\"https:\/\/www.ultimato.com.br\/conteudo\/novas-perspectivas-para-a-populacao-60-e-desafios-para-a-igreja\">Novas perspectivas para a popula\u00e7\u00e3o 60+ e desafios para a igreja<\/a><br \/>\n&#8211; <a href=\"https:\/\/www.ultimato.com.br\/conteudo\/estamos-criando-comunidades-de-iguais\">Estamos criando comunidades de \u201ciguais\u201d?<\/a> | Karen Bomilcar<br \/>\n&#8211; <a href=\"https:\/\/www.ultimato.com.br\/conteudo\/ame-o-idoso\">Ame o idoso<\/a> | Augusto Gotardelo<br \/>\n&#8211; <a href=\"https:\/\/www.ultimato.com.br\/conteudo\/a-biblia-e-o-idoso\">A B\u00edblia e o idoso<\/a> | Elben C\u00e9sar<br \/>\n&#8211; <a href=\"https:\/\/www.ultimato.com.br\/conteudo\/um-mundo-menos-sabio-depois-da-pandemia\">Um mundo menos s\u00e1bio depois da pandemia<\/a> | Luiz Fernando dos Santos<br \/>\n&#8211; <a href=\"https:\/\/www.ultimato.com.br\/revista\/artigos\/397\/sentir-se-jovem\">Sentir-se jovem<\/a> | Catito e Dagmar Grzybowski<br \/>\n&#8211; <a href=\"https:\/\/www.ultimato.com.br\/revista\/artigos\/374\/a-igreja-e-o-cuidado-da-terceira-idade\">A igreja e o cuidado da terceira idade<\/a> | Edilson R. Gomes<br \/>\n&#8211; <a href=\"https:\/\/www.ultimato.com.br\/revista\/artigos\/356\/a-verdadeira-melhor-idade\">A verdadeira melhor idade<\/a> | Elben C\u00e9sar<br \/>\n&#8211; <a href=\"https:\/\/www.ultimato.com.br\/revista\/artigos\/323\/envelhecimento-e-alzheimer\">Envelhecimento e Alzheimer<\/a> | Entrevista com Vera Pedrosa Caovilla<br \/>\n&#8211; <a href=\"https:\/\/www.ultimato.com.br\/conteudo\/ser-velho\">Ser velho<\/a> | Thomas Hahn<br \/>\n&#8211; <a href=\"https:\/\/www.ultimato.com.br\/conteudo\/a-ra-os-1-500-cruzeiros-e-o-psiquiatra\">A r\u00e3, os 1.500 cruzeiros e o psiquiatra<\/a> | Djanira C\u00e9sar<br \/>\n&#8211; <a href=\"https:\/\/www.ultimato.com.br\/conteudo\/ciencia-poesia-e-fe-heranca-e-legado\">Ci\u00eancia, poesia e f\u00e9: heran\u00e7a e legado<\/a> | Wolodymir (Wol\u00f4) Boruszewski<\/p>\n<p><strong>LIVROS<\/strong><\/p>\n<p>&#8211; <a href=\"https:\/\/loja.ultimato.com.br\/livros\/aprender-a-envelhecer\">Aprender a Envelhecer<\/a> | Paul Tournier<br \/>\n&#8211;&nbsp; <a href=\"https:\/\/loja.ultimato.com.br\/livros\/fui-moco-agora-sou-velho-e-dai\">Fui Mo\u00e7o, Agora Sou Velho&#8230; E Da\u00ed?<\/a> | Kl\u00e9os Lenz C\u00e9sar<br \/>\n&#8211; <a href=\"https:\/\/loja.ultimato.com.br\/livros\/saude-emocional-e-vida-crista\">Sa\u00fade Emocional e Vida Crist\u00e3<\/a> | Esly Regina<br \/>\n&#8211; <a href=\"https:\/\/loja.ultimato.com.br\/livros\/um-novo-dia\">Um Novo Dia<\/a> | Emma Scrivener<br \/>\n&#8211; <a href=\"https:\/\/loja.ultimato.com.br\/livros\/suplicas-de-um-necessitado-2ed\">S\u00faplicas de Um Necessitado<\/a> | Elben C\u00e9sar<\/p>\n<p><strong>ESTUDOS B\u00cdBLICOS<\/strong><\/p>\n<p>&#8211; S\u00e9rie <a href=\"https:\/\/ultimato.com.br\/sites\/estudos-biblicos\/categoria\/serie-conversando-sobre-o-futuro\/\">&#8220;Conversando sobre o futuro&#8221;<\/a><\/p>\n<p><strong>INFOGR\u00c1FICO<\/strong><\/p>\n<p>&#8211; <a href=\"https:\/\/ultimato.com.br\/sites\/blogdaultimato\/2018\/03\/26\/um-brasil-mais-grisalho-infografico-ult370\/\">Um Brasil mais grisalho<\/a><\/p>\n<p><strong>REVISTA<\/strong><\/p>\n<p>&#8211; <a href=\"https:\/\/www.ultimato.com.br\/revista\/356\">Experi\u00eancia e esperan\u00e7a na velhice<\/a><br \/>\n&#8211; <a href=\"https:\/\/www.ultimato.com.br\/revista\/379\">Intergeracionalidade &#8211; Jesus \u00e9 o mesmo ontem, hoje e sempre<\/a><\/p>\n<p><strong>LIVE DE DI\u00c1LOGOS DE ESPERAN\u00c7A<\/strong><\/p>\n<p>&#8211; <a href=\"https:\/\/www.ultimato.com.br\/conteudo\/os-mais-velhos-sao-tema-da-proxima-live-da-serie-dialogos-de-esperanca\">A pandemia mostrou os idosos. A igreja est\u00e1 vendo?<\/a><br \/>\n&#8211; <a href=\"https:\/\/www.ultimato.com.br\/conteudo\/um-brasil-cada-vez-mais-velho-e-a-igreja-com-isso\">&#8220;A igreja diante de um Brasil mais velho&#8221;<\/a><\/p>\n","protected":false},"excerpt":{"rendered":"<p>Um novo olhar para os idosos come\u00e7a com o conhecimento do assunto<br \/>\nAo publicar uma mat\u00e9ria de capa com este t\u00edtulo Envelhecemos &#8211; a arte de continuar, Ultimato deseja encorajar um novo olhar para a velhice: um novo olhar dos idosos para eles mesmos e um novo olhar para os idosos por parte da igreja e [&#8230;]<\/p>\n","protected":false},"author":21,"featured_media":0,"comment_status":"open","ping_status":"open","sticky":false,"template":"","format":"standard","meta":{"ngg_post_thumbnail":0,"footnotes":""},"categories":[5153],"tags":[],"class_list":["post-16701","post","type-post","status-publish","format-standard","hentry","category-prateleira"],"_links":{"self":[{"href":"https:\/\/ultimato.com.br\/sites\/blogdaultimato\/wp-json\/wp\/v2\/posts\/16701","targetHints":{"allow":["GET"]}}],"collection":[{"href":"https:\/\/ultimato.com.br\/sites\/blogdaultimato\/wp-json\/wp\/v2\/posts"}],"about":[{"href":"https:\/\/ultimato.com.br\/sites\/blogdaultimato\/wp-json\/wp\/v2\/types\/post"}],"author":[{"embeddable":true,"href":"https:\/\/ultimato.com.br\/sites\/blogdaultimato\/wp-json\/wp\/v2\/users\/21"}],"replies":[{"embeddable":true,"href":"https:\/\/ultimato.com.br\/sites\/blogdaultimato\/wp-json\/wp\/v2\/comments?post=16701"}],"version-history":[{"count":9,"href":"https:\/\/ultimato.com.br\/sites\/blogdaultimato\/wp-json\/wp\/v2\/posts\/16701\/revisions"}],"predecessor-version":[{"id":16728,"href":"https:\/\/ultimato.com.br\/sites\/blogdaultimato\/wp-json\/wp\/v2\/posts\/16701\/revisions\/16728"}],"wp:attachment":[{"href":"https:\/\/ultimato.com.br\/sites\/blogdaultimato\/wp-json\/wp\/v2\/media?parent=16701"}],"wp:term":[{"taxonomy":"category","embeddable":true,"href":"https:\/\/ultimato.com.br\/sites\/blogdaultimato\/wp-json\/wp\/v2\/categories?post=16701"},{"taxonomy":"post_tag","embeddable":true,"href":"https:\/\/ultimato.com.br\/sites\/blogdaultimato\/wp-json\/wp\/v2\/tags?post=16701"}],"curies":[{"name":"wp","href":"https:\/\/api.w.org\/{rel}","templated":true}]}}