{"id":16685,"date":"2023-10-19T17:40:35","date_gmt":"2023-10-19T19:40:35","guid":{"rendered":"https:\/\/ultimato.com.br\/sites\/blogdaultimato\/?p=16685"},"modified":"2023-11-14T16:13:33","modified_gmt":"2023-11-14T18:13:33","slug":"navegue-no-portal-ultimatoonline-e-saiba-mais-sobre-vocacao","status":"publish","type":"post","link":"https:\/\/ultimato.com.br\/sites\/blogdaultimato\/2023\/10\/19\/navegue-no-portal-ultimatoonline-e-saiba-mais-sobre-vocacao\/","title":{"rendered":"Navegue no Portal Ultimatoonline e saiba mais sobre voca\u00e7\u00e3o"},"content":{"rendered":"<p><img loading=\"lazy\" decoding=\"async\" class=\"alignright wp-image-16717\" src=\"https:\/\/ultimato.com.br\/sites\/blogdaultimato\/files\/2023\/10\/Capa_021.jpg\" alt=\"\" width=\"300\" height=\"471\" srcset=\"https:\/\/ultimato.com.br\/sites\/blogdaultimato\/files\/2023\/10\/Capa_021.jpg 437w, https:\/\/ultimato.com.br\/sites\/blogdaultimato\/files\/2023\/10\/Capa_021-191x300.jpg 191w\" sizes=\"auto, (max-width: 300px) 100vw, 300px\" \/><\/p>\n<p>Na <a href=\"https:\/\/www.ultimato.com.br\/revista\/\">edi\u00e7\u00e3o de novembro\/dezembro de Ultimato<\/a>, Ricardo Murtada compartilhou a pergunta que \u00e9 t\u00edtulo deste post lembrando que \u201ccompreender a voca\u00e7\u00e3o passa, muitas vezes, pelo esfor\u00e7o de alinhar nossas expectativas com o que imaginamos ser a vontade de Deus para nossa vida\u201d.<\/p>\n<p>Todos queremos contribuir de alguma maneira para o reino de Deus. Mas nem sempre sabemos como relacionar dons e talentos, oportunidades e escolhas com &#8220;as coisas dEle&#8221;.<\/p>\n<p>N\u00e3o h\u00e1 uma receita pronta do que fazer, mas certamente submeter perguntas sobre voca\u00e7\u00e3o a Deus, compartilh\u00e1-las com amigos e refletir sobre o assunto \u00e0 luz das Escrituras s\u00e3o iniciativas bem-vindas!<\/p>\n<p>Para ajudar o leitor a refletir mais sobre o assunto, Ultimato selecionou artigos, v\u00eddeos, livros e outros conte\u00fados listados abaixo.<\/p>\n<p>&nbsp;<\/p>\n<p><strong>Artigos<\/strong><\/p>\n<p>&#8211; <a href=\"http:\/\/www.ultimato.com.br\/conteudo\/nossa-identidade-nossa-vocacao#vocacao\">Nossa identidade, nossa voca\u00e7\u00e3o<\/a><\/p>\n<p>&#8211; <a href=\"http:\/\/www.ultimato.com.br\/conteudo\/musica-um-desafio-de-vida#vocacao\">M\u00fasica, um desafio de via<\/a><\/p>\n<p>&#8211; <a href=\"http:\/\/www.ultimato.com.br\/conteudo\/conselhos-de-um-pastoetador#vocacao\">Conselhos de um \u201cpastoetador\u201d<\/a><\/p>\n<p>&#8211; <a href=\"http:\/\/www.ultimato.com.br\/conteudo\/viver-a-vocacao-valida-a-vida#vocacao\">Viver a voca\u00e7\u00e3o valida a vida<\/a><\/p>\n<p>&#8211; <a href=\"http:\/\/www.ultimato.com.br\/conteudo\/a-arte-precisa-de-vocacao#vocacao\">A arte precisa de voca\u00e7\u00e3o?<\/a><\/p>\n<p>&#8211; <a href=\"http:\/\/www.ultimato.com.br\/conteudo\/o-chamado-de-jose-e-o-nosso#vocacao\">O chamado de Jos\u00e9 e o nosso<\/a><\/p>\n<p>&#8211; <a href=\"http:\/\/www.ultimato.com.br\/conteudo\/vocacao-e-juventude-uma-mistura-que-da-certo#vocacao\">Voca\u00e7\u00e3o e juventude: uma mistura que d\u00e1 certo<\/a><\/p>\n<p>&#8211; <a href=\"http:\/\/www.ultimato.com.br\/conteudo\/vocacao-juventude-e-um-certo-simonton#vocacao\">Voca\u00e7\u00e3o, juventude e um certo Simonton<\/a><\/p>\n<p>&#8211; <a href=\"http:\/\/ultimato.com.br\/sites\/jovem\/2015\/04\/10\/vocacao-e-coisa-de-deus\/\">Voca\u00e7\u00e3o \u00e9 coisa de Deus<\/a><\/p>\n<p>&#8211; <a href=\"https:\/\/www.ultimato.com.br\/conteudo\/como-descobrir-a-vocacao\">Como descobrir a voca\u00e7\u00e3o?<\/a><\/p>\n<p>&#8211; <a href=\"https:\/\/www.ultimato.com.br\/conteudo\/viver-a-vocacao-valida-a-vida\">Viver a voca\u00e7\u00e3o valida a vida<\/a><\/p>\n<p>&#8211; <a href=\"https:\/\/www.ultimato.com.br\/conteudo\/juventude-e-vocacao-uma-jornada-aberta-para-deus\">Juventude e voca\u00e7\u00e3o: uma jornada aberta para Deus<\/a><\/p>\n<p>&#8211; <a href=\"https:\/\/www.ultimato.com.br\/revista\/artigos\/389\/o-chamado-para-a-vida-e-a-vocacao\">O chamado para a vida e a voca\u00e7\u00e3o<\/a><\/p>\n<p>&#8211; <a href=\"https:\/\/www.ultimato.com.br\/conteudo\/vocacao-e-juventude-uma-mistura-que-da-certo\">Voca\u00e7\u00e3o e juventude: uma mistura que d\u00e1 certo<\/a><\/p>\n<p>&#8211; <a href=\"https:\/\/www.ultimato.com.br\/conteudo\/nossa-identidade-nossa-vocacao\">Nossa identidade, nossa voca\u00e7\u00e3o<\/a><\/p>\n<p>&#8211; <a href=\"https:\/\/ultimato.com.br\/sites\/jovem\/2019\/03\/14\/uma-vocacao-muda-tudo-ja-sabe-qual-e-a-sua\/\">Uma voca\u00e7\u00e3o muda tudo. J\u00e1 sabe qual \u00e9 a sua?<\/a><\/p>\n<p>&#8211; <a href=\"https:\/\/ultimato.com.br\/sites\/jovem\/2017\/05\/02\/rock-juventude-e-vocacao\/\">Rock, juventude e voca\u00e7\u00e3o<\/a><\/p>\n<p><strong>&nbsp;<\/strong><\/p>\n<p><strong>V\u00eddeos<\/strong><\/p>\n<p>&#8211; <a href=\"http:\/\/ultimato.com.br\/sites\/jovem\/2015\/03\/25\/dificuldade-com-a-vocacao\/\">Dificuldade com a voca\u00e7\u00e3o<\/a><\/p>\n<p>&#8211; <a href=\"http:\/\/ultimato.com.br\/sites\/jovem\/2015\/03\/23\/a-juventude-a-crise-de-vocacao\/\">A juventude e a crise com a voca\u00e7\u00e3o<\/a><\/p>\n<p>&#8211; <a href=\"http:\/\/ultimato.com.br\/sites\/jovem\/2015\/03\/10\/o-que-e-vocacao-com-a-palavra-os-jovens\/\">O que \u00e9 voca\u00e7\u00e3o? Com a palavra, os jovens<\/a><\/p>\n<p><strong>&nbsp;<\/strong><\/p>\n<p><strong>Imagens<\/strong><\/p>\n<p>&#8211; <a href=\"http:\/\/ultimato.com.br\/sites\/jovem\/2015\/02\/27\/vocacao-em-imagens\/\">Voca\u00e7\u00e3o em imagens<\/a><\/p>\n<p>&#8211; <a href=\"http:\/\/ultimato.com.br\/sites\/jovem\/2015\/04\/13\/criados-para-um-relacionamento-com-o-criador\/\">Criados para um relacionamento com o Criador<\/a><\/p>\n<p>&#8211; <a href=\"http:\/\/ultimato.com.br\/sites\/jovem\/2015\/03\/23\/orar-interceder-e-buscar\/\">Orar, interceder e buscar\u2026<\/a><\/p>\n<p>&#8211; <a href=\"http:\/\/ultimato.com.br\/sites\/jovem\/2015\/03\/17\/o-que-te-da-asas\/\">O que te d\u00e1 asas?<\/a><\/p>\n<p>&nbsp;<\/p>\n<p><strong>E-book<\/strong><\/p>\n<p>&#8211; <a href=\"https:\/\/www.google.com\/url?sa=t&amp;rct=j&amp;q=&amp;esrc=s&amp;source=web&amp;cd=&amp;cad=rja&amp;uact=8&amp;ved=2ahUKEwiP9IX-qJSCAxVKLrkGHUoQAjwQFnoECAgQAQ&amp;url=https%3A%2F%2Fwww.ultimato.com.br%2Ffile%2Fcapitulos%2FVocacao-leia.pdf&amp;usg=AOvVaw1acaNLQrFPESciWVTYo44H&amp;opi=89978449\">Voca\u00e7\u00e3o e juventude<\/a><\/p>\n<p>&nbsp;<\/p>\n<p><strong>Estudos b\u00edblicos<\/strong><\/p>\n<p>&#8211; <a href=\"https:\/\/ultimato.com.br\/sites\/estudos-biblicos\/assunto\/vocacao-o-chamado-de-deus\/\">Voca\u00e7\u00e3o \u2013 o chamado de Deus<\/a><\/p>\n<p>&#8211; <a href=\"https:\/\/ultimato.com.br\/sites\/estudos-biblicos\/assunto\/nao-confunda-a-sua-voz-com-a-voz-de-deus\/\">N\u00e3o confunda sua voz com a voz de Deus<\/a><\/p>\n<p>&nbsp;<\/p>\n<p><strong>Selos<\/strong><\/p>\n<p>&#8211; <a href=\"https:\/\/ultimato.com.br\/sites\/blogdaultimato\/?s=%22o+meu+lugar+no+mundo%22\">O Meu Lugar no Mundo &#8211; no blog Ultimato<\/a><\/p>\n<p>&#8211; <a href=\"https:\/\/ultimato.com.br\/sites\/jovem\/?s=%22meu+lugar+no+mundo%22\">O Meu Lugar no Mundo &#8211; no blog Ultimato Jovem<\/a><\/p>\n<p>&nbsp;<\/p>\n<p><strong>Livros<\/strong><\/p>\n<p>&#8211; <a href=\"https:\/\/loja.ultimato.com.br\/livros\/o-discipulo-radical\">O Disc\u00edpulo Radical<\/a>, John Stott<\/p>\n<p>&#8211; <a href=\"https:\/\/loja.ultimato.com.br\/livros\/o-discipulo\">O Disc\u00edpulo \u2013 Um chamado para ser como Cristo<\/a>, John Stott<\/p>\n<p>&#8211; <a href=\"https:\/\/loja.ultimato.com.br\/livros\/vocacao\">Voca\u00e7\u00e3o \u2013 Perspectivas b\u00edblicas e teol\u00f3gicas<\/a>, Kl\u00e9os M. Lenz C\u00e9sar<\/p>\n<p>&#8211; <a href=\"https:\/\/loja.ultimato.com.br\/livros\/o-proposito-de-deus-e-a-nossa-vocacao\">O Prop\u00f3sito de Deus e a Nossa Voca\u00e7\u00e3o<\/a>, Tim\u00f3teo Carriker<\/p>\n<p>&#8211; <a href=\"https:\/\/loja.ultimato.com.br\/livros\/mochila-nas-costas-e-diario-na-mao\">Mochila Nas Costas e Di\u00e1rio Na M\u00e3o<\/a>, Elben C\u00e9sar<\/p>\n","protected":false},"excerpt":{"rendered":"<p>Na edi\u00e7\u00e3o de novembro\/dezembro de Ultimato, Ricardo Murtada compartilhou a pergunta que \u00e9 t\u00edtulo deste post lembrando que \u201ccompreender a voca\u00e7\u00e3o passa, muitas vezes, pelo esfor\u00e7o de alinhar nossas expectativas com o que imaginamos ser a vontade de Deus para nossa vida\u201d.<br \/>\nTodos queremos contribuir de alguma maneira para o reino de Deus. Mas nem sempre [&#8230;]<\/p>\n","protected":false},"author":21,"featured_media":0,"comment_status":"open","ping_status":"open","sticky":false,"template":"","format":"standard","meta":{"ngg_post_thumbnail":0,"footnotes":""},"categories":[5153],"tags":[],"class_list":["post-16685","post","type-post","status-publish","format-standard","hentry","category-prateleira"],"_links":{"self":[{"href":"https:\/\/ultimato.com.br\/sites\/blogdaultimato\/wp-json\/wp\/v2\/posts\/16685","targetHints":{"allow":["GET"]}}],"collection":[{"href":"https:\/\/ultimato.com.br\/sites\/blogdaultimato\/wp-json\/wp\/v2\/posts"}],"about":[{"href":"https:\/\/ultimato.com.br\/sites\/blogdaultimato\/wp-json\/wp\/v2\/types\/post"}],"author":[{"embeddable":true,"href":"https:\/\/ultimato.com.br\/sites\/blogdaultimato\/wp-json\/wp\/v2\/users\/21"}],"replies":[{"embeddable":true,"href":"https:\/\/ultimato.com.br\/sites\/blogdaultimato\/wp-json\/wp\/v2\/comments?post=16685"}],"version-history":[{"count":7,"href":"https:\/\/ultimato.com.br\/sites\/blogdaultimato\/wp-json\/wp\/v2\/posts\/16685\/revisions"}],"predecessor-version":[{"id":16721,"href":"https:\/\/ultimato.com.br\/sites\/blogdaultimato\/wp-json\/wp\/v2\/posts\/16685\/revisions\/16721"}],"wp:attachment":[{"href":"https:\/\/ultimato.com.br\/sites\/blogdaultimato\/wp-json\/wp\/v2\/media?parent=16685"}],"wp:term":[{"taxonomy":"category","embeddable":true,"href":"https:\/\/ultimato.com.br\/sites\/blogdaultimato\/wp-json\/wp\/v2\/categories?post=16685"},{"taxonomy":"post_tag","embeddable":true,"href":"https:\/\/ultimato.com.br\/sites\/blogdaultimato\/wp-json\/wp\/v2\/tags?post=16685"}],"curies":[{"name":"wp","href":"https:\/\/api.w.org\/{rel}","templated":true}]}}