{"id":16613,"date":"2023-05-18T12:00:26","date_gmt":"2023-05-18T14:00:26","guid":{"rendered":"https:\/\/ultimato.com.br\/sites\/blogdaultimato\/?p=16613"},"modified":"2023-05-18T13:05:05","modified_gmt":"2023-05-18T15:05:05","slug":"lembrancas-de-bogota-carta-aos-amigos","status":"publish","type":"post","link":"https:\/\/ultimato.com.br\/sites\/blogdaultimato\/2023\/05\/18\/lembrancas-de-bogota-carta-aos-amigos\/","title":{"rendered":"Lembran\u00e7as de Bogot\u00e1 &#8211; Carta aos amigos"},"content":{"rendered":"<p><em>Por Ariane Gomes<\/em><\/p>\n<blockquote><p>&nbsp;<\/p>\n<p><em>\u201cN\u00e3o importa o que aconte\u00e7a, exer\u00e7am a sua cidadania de maneira digna do evangelho de Cristo, (&#8230;) permane\u00e7am firmes num s\u00f3 esp\u00edrito, lutando un\u00e2nimes pela f\u00e9 evang\u00e9lica; completem a minha alegria tendo o mesmo modo de pensar, o mesmo amor, um s\u00f3 esp\u00edrito, uma s\u00f3 atitude. A gra\u00e7a do Senhor Jesus Cristo seja com o esp\u00edrito de voc\u00eas\u201d (Fp 1.27; 2.2; 4.20)<\/em><\/p><\/blockquote>\n<p>Vi\u00e7osa, maio de 2023.<\/p>\n<p><img loading=\"lazy\" decoding=\"async\" class=\"aligncenter wp-image-16619 size-large\" src=\"https:\/\/ultimato.com.br\/sites\/blogdaultimato\/files\/2023\/05\/blog_ult_17-5-2023_bogota_casa_encuentros-1024x576.jpeg\" alt=\"\" width=\"750\" height=\"422\" srcset=\"https:\/\/ultimato.com.br\/sites\/blogdaultimato\/files\/2023\/05\/blog_ult_17-5-2023_bogota_casa_encuentros-1024x576.jpeg 1024w, https:\/\/ultimato.com.br\/sites\/blogdaultimato\/files\/2023\/05\/blog_ult_17-5-2023_bogota_casa_encuentros-300x169.jpeg 300w, https:\/\/ultimato.com.br\/sites\/blogdaultimato\/files\/2023\/05\/blog_ult_17-5-2023_bogota_casa_encuentros-768x432.jpeg 768w, https:\/\/ultimato.com.br\/sites\/blogdaultimato\/files\/2023\/05\/blog_ult_17-5-2023_bogota_casa_encuentros-1536x864.jpeg 1536w, https:\/\/ultimato.com.br\/sites\/blogdaultimato\/files\/2023\/05\/blog_ult_17-5-2023_bogota_casa_encuentros-732x412.jpeg 732w, https:\/\/ultimato.com.br\/sites\/blogdaultimato\/files\/2023\/05\/blog_ult_17-5-2023_bogota_casa_encuentros-1140x641.jpeg 1140w, https:\/\/ultimato.com.br\/sites\/blogdaultimato\/files\/2023\/05\/blog_ult_17-5-2023_bogota_casa_encuentros.jpeg 1600w\" sizes=\"auto, (max-width: 750px) 100vw, 750px\" \/><\/p>\n<p>Queridos amigos,<\/p>\n<p>Muitos t\u00eam me perguntado a respeito da viagem que fiz a Bogot\u00e1 h\u00e1 alguns dias e isso me alegra muito \u2013 a amizade e a generosidade de voc\u00eas t\u00eam sido extraordin\u00e1rias!<\/p>\n<p>&nbsp;<\/p>\n<p><strong>Escutar, encontrar, enviar<\/strong><\/p>\n<p>Nos dias 2 a 5 de maio, reuniram-se na Casa de Encontro San Pedro Claver, em Bogot\u00e1, Col\u00f4mbia, cerca de cem l\u00edderes e mission\u00e1rios crist\u00e3os de dezoito pa\u00edses da Am\u00e9rica Latina e Am\u00e9rica Central, Espanha e Estados Unidos, para escutar, refletir, compartilhar, sugerir e cultivar esperan\u00e7a a prop\u00f3sito da miss\u00e3o de Deus na Am\u00e9rica Latina.<\/p>\n<p>Fui convidada e enviada para o <a href=\"https:\/\/www.ultimato.com.br\/conteudo\/encontro-de-reflexao-missiologica-reune-lideres-de-dezesseis-paises-da-america-latina-em-bogota#ariane\"><em>Encontro de Reflex\u00e3o Missiol\u00f3gica \u2013 La \u201cMissio Dei\u201d em nuevos tempos em clave latino-americana<\/em><\/a> pela <a href=\"https:\/\/www.ultimato.com.br\/\">Editora Ultimato<\/a>, que h\u00e1 treze anos \u00e9 lugar de trabalho e de oportunidades para que Jesus seja mais conhecido e mais amado.<\/p>\n<p>Foi um bom desafio encarar a s\u00e9rie de preparativos e processos que envolvem desde tomar vacina at\u00e9 chegar ao destino e, depois, voltar para casa e reacomodar-se \u00e0 rotina. A condu\u00e7\u00e3o amorosa de Deus foi percept\u00edvel em todo tempo.<\/p>\n<p>&nbsp;<\/p>\n<p><strong>Em Bogot\u00e1<\/strong><\/p>\n<p>Conviver por quatro dias com um grupo de pessoas em sua maioria falantes de espanhol n\u00e3o foi f\u00e1cil. A cabe\u00e7a fica cansada e \u00e9 preciso dedicar grande esfor\u00e7o para compreender e desenvolver uma conversa. Alguns foram gentis falando mais devagar ou pedindo-me para ensinar algo em portugu\u00eas.<\/p>\n<p>Algumas palavras e express\u00f5es ficar\u00e3o comigo. Passeando pelas ruas de Bogot\u00e1, aprendi que estacionamento \u00e9 <em>parqueadero<\/em>, loja de ferragens, <em>ferreteria<\/em>, e que cabeleireiro \u00e9 <em>peluqueria<\/em>. Almo\u00e7ando com um grupo de peruanos, hondurenho, costarriquenho, equatoriano e colombiana soube que seria melhor dizer <em>mui saboroso<\/em> ou <em>mui rico<\/em> ao inv\u00e9s de \u201cgostoso\u201d, ao referir-me a um alimento.<\/p>\n<p>Embora o evento tenha sido um convite \u00e0 escuta, n\u00e3o pude deixar de ver nem de conviver.<\/p>\n<p>De ver as bonitas rosas colombianas \u2013 exuberantes, coloridas e perfumadas \u2013 capazes de deixar a gente sem palavras; de ver e admirar os rostos latino-americanos com seus tra\u00e7os caracter\u00edsticos: morenos, de cabelos lisos e bem pretos e sorriso prazenteiro; <a href=\"https:\/\/ultimato.com.br\/sites\/blogdaultimato\/2020\/09\/04\/a-espera-do-tie-experiencia-de-jardim\/\">de contemplar a bela <em>mirla<\/em> (ou <em>patinaranja<\/em>)<\/a>, uma ave pouco maior que o sabi\u00e1-laranjeira, com penas marrom escuro e com bico e pernas de cor laranja vivo que visitava o jardim da Casa de Encuentros de manh\u00e3zinha e ao final da tarde.<\/p>\n<p>Tamb\u00e9m n\u00e3o pude deixar de ver (e de conviver com) <a href=\"https:\/\/www.ultimato.com.br\/conteudo\/ame-o-idoso\">um grupo de idosos que moram no Lar de anci\u00e3os<\/a>, parte da comunidade da Casa de Encuentros. Fugindo do frio, tomamos sol juntos no jardim v\u00e1rias vezes. Sem constrangimento, eles sorriram de minhas insistentes tentativas de falar e compreender o espanhol. Por algum tempo, fui sua aluna e eles meus professores. Os l\u00facidos contaram suas hist\u00f3rias, e os de mem\u00f3ria fr\u00e1gil contaram com a amizade dos outros para me fazerem saber algo a seu respeito enquanto insistiam para que, repetidamente, eu olhasse um avi\u00e3o atravessando o c\u00e9u azul ou as rosas do jardim&#8230;<\/p>\n<p>Foi marcante a experi\u00eancia de conviv\u00eancia com pessoas simples, os trabalhadores daqui e dali: dois jovens porteiros da Casa de Encuentros que me ajudaram a chegar ao mercado e que v\u00e1rias vezes quiseram saber como eu estava me saindo; a atendente do primeiro mercado em que fui, que fez um grande esfor\u00e7o para me ajudar a encontrar um restaurante; a mo\u00e7a da loja de utilidades, que me explicou pacientemente como ir de um lugar a outro; a irm\u00e3 Magn\u00f3lia, uma freira gentil e alegre, que se aproximou para perguntar sobre a hospedagem e o almo\u00e7o e ficou contente ao ouvir falar do Brasil. Escutas e encontros e mais encontros.<\/p>\n<p>Tamb\u00e9m voltam \u00e0 minha mente a lembran\u00e7a de Ruth, do Peru, Alejandra, do Uruguai, e de Andres, um norte-americano que vive na selva da Bol\u00edvia registrando a hist\u00f3ria das igrejas plantadas por mission\u00e1rios ali. <a href=\"https:\/\/www.ultimato.com.br\/loja\/produtos\/vocacao-e-juventude-ebook\">Todos jovens, curiosos, alegres, dispostos<\/a>, refletindo e trocando ideias com os da \u201c<a href=\"https:\/\/www.ultimato.com.br\/conteudo\/os-pioneiros-falam-sobre-missao-integral\">velha guarda da miss\u00e3o integral<\/a>\u201d. Penso que eles s\u00e3o um tipo de Hadassa e de Josu\u00e9 que em breve receber\u00e3o o bast\u00e3o passado pelos Mordecai e Mois\u00e9s, e dar\u00e3o seguimento \u00e0 miss\u00e3o de Deus <em>na<\/em> e <em>a partir<\/em> da Am\u00e9rica Latina.<\/p>\n<p>Nos momentos devocionais \u2013 guiados pela Carta de Paulo aos filipenses \u2013 nas palestras, conversas e nos momentos de ora\u00e7\u00e3o em grupos ou individual, percebi uma preocupa\u00e7\u00e3o sincera com a igreja, com os mission\u00e1rios, com os trabalhos das organiza\u00e7\u00f5es crist\u00e3s representadas. Muitos se perguntaram sobre os caminhos escolhidos, sobre que rumo seguir e pediram de cora\u00e7\u00e3o a interven\u00e7\u00e3o de Deus, seja para corre\u00e7\u00e3o ou para a continuidade de cada iniciativa.<\/p>\n<p>N\u00e3o pude deixar de lembrar da <a href=\"https:\/\/www.ultimato.com.br\/\">Ultimato<\/a>, do CEM (<a href=\"https:\/\/cem.org.br\/\">Centro Evang\u00e9lico de Miss\u00f5es<\/a>), da IPV (<a href=\"https:\/\/www.instagram.com\/ip_vicosa\/\">Igreja Presbiteriana de Vi\u00e7osa<\/a>) e de outras igrejas, de mission\u00e1rios em comunidades ou pa\u00edses distantes e de amigos que dedicam seu fervor evangel\u00edstico e suas habilidades profissionais em diferentes frentes de trabalho; lembrei-me de seus esfor\u00e7os, desafios e do desejo de que a vontade de Deus seja feita na terra como \u00e9 feita no c\u00e9u.<\/p>\n<p>Em uma das madrugadas silenciosas durante o tempo em Bogot\u00e1, acordei perguntando se os encontros e escutas, as oportunidades de conviv\u00eancia e de aprendizado n\u00e3o seriam tamb\u00e9m parte do trabalho, do envio e do exerc\u00edcio da miss\u00e3o de Deus. Acredito que sim.<\/p>\n<p>Nos l\u00e1bios latino-americanos, Ariane tornou-se Irina, Arina, Arian e Ariana do Brasil, da Ultimato.<\/p>\n<p>&nbsp;<\/p>\n<p><strong>Sim, tamb\u00e9m tem a parte cultural<\/strong><\/p>\n<p>Comi <em>arepa<\/em>, <em>ajiaco<\/em>, <em>pl\u00e1tano<\/em> (que parece, mas n\u00e3o \u00e9 banana), <em>frijoles<\/em>, <em>patacones<\/em>, <em>granadilla<\/em>, tomei v\u00e1rios caldos \u2013 sempre acompanhados de coentro \u2013 e bebi o famos\u00edssimo caf\u00e9 colombiano. Tomei <em>agua-panela<\/em> (uma bebida quente inusitada servida com o jantar) e fiquei admirada com o sabor do mam\u00e3o, do abacaxi e do abacate \u2013 mais doces e marcantes do que os que experimentara at\u00e9 ent\u00e3o.<\/p>\n<p>Visitei o belo Jardim Bot\u00e2nico Jos\u00e9 Celestino Mutis, de Bogot\u00e1, o Museu do Ouro (uma riqueza!) e caminhei pelo centro da cidade. Fiquei presa no tr\u00e2nsito ca\u00f3tico de uma sexta-feira \u00e0 tarde e andei nos t\u00e1xis ousados como os das cidades brasileiras. Notei as avenidas largas no bairro em que fiquei hospedada e uma quantidade enorme de pessoas com cachorros \u2013 uma colombiana explicou que com a pandemia da Covid-19 muitas pessoas passaram a ter um animal de estima\u00e7\u00e3o para poderem ir \u00e0 rua com a justificativa de lev\u00e1-lo para passear \u2013 uma das poucas sa\u00eddas permitidas no tempo de maior restri\u00e7\u00e3o.<\/p>\n<p>&nbsp;<\/p>\n<p><strong>Quanta gente!<\/strong><\/p>\n<p>Sou grata pelos encontros \u00e0 mesa (que antecederam e prepararam a viagem, de refei\u00e7\u00f5es, de estudo e ora\u00e7\u00e3o); pelas conversas nos corredores e nos jardins de Bogot\u00e1 e por todos os que compartilharam sua experi\u00eancia por serem colombianos, por terem morado na Col\u00f4mbia ou por serem viajantes experientes.<\/p>\n<p>Aos que participaram de outras t\u00e3o diferentes maneiras desta oportunidade, envio minha gratid\u00e3o e oro para que a b\u00ean\u00e7\u00e3o de Deus seja sobre cada um.<\/p>\n<p>\u201c\u00d3 Deus, d\u00ea-nos ouvidos para ouvir com clareza e sem nos distrair, e capacidade para obedecer com alegria e de todo o cora\u00e7\u00e3o\u201d foi uma ora\u00e7\u00e3o escrita por mim dois ou tr\u00eas dias antes do evento. Continuo desejando sabedoria e ouvidos abertos para ouvir como Deus deseja que eu ou\u00e7a, e capacidade para obedecer com alegria e de todo o cora\u00e7\u00e3o.<\/p>\nngg_shortcode_0_placeholder\n<ul>\n<li><strong>Ariane Gomes<\/strong> atua como coordenadora de produ\u00e7\u00e3o de <strong><a href=\"https:\/\/www.ultimato.com.br\/revista\/\">Ultimato<\/a><\/strong> e gestora de conte\u00fado do <a href=\"https:\/\/ultimato.com.br\/\">Portal Ultimato<\/a>. Ela escreveu esta carta aos amigos que acompanharam sua viagem a Bogot\u00e1.<\/li>\n<\/ul>\n<hr>\n<p><strong>Saiba mais:<\/strong><br \/>\n\u00bb <a href=\"https:\/\/www.ultimato.com.br\/loja\/produtos\/raizes-de-um-evangelho-integral\">Ra\u00edzes de Eum Evangelho Integral<\/a>, Valdir Steuernagel<br \/>\n\u00bb <a href=\"https:\/\/www.ultimato.com.br\/loja\/produtos\/missao-integral-3\">Miss\u00e3o Integral<\/a>, Ren\u00e9 Padilla<br \/>\n\u00bb <a href=\"https:\/\/www.ultimato.com.br\/conteudo\/os-pioneiros-falam-sobre-missao-integral\">Os pioneiros falam sobre miss\u00e3o integral<\/a><\/p>\n","protected":false},"excerpt":{"rendered":"<p>Por Ariane Gomes<br \/>\n&nbsp;<br \/>\n\u201cN\u00e3o importa o que aconte\u00e7a, exer\u00e7am a sua cidadania de maneira digna do evangelho de Cristo, (&#8230;) permane\u00e7am firmes num s\u00f3 esp\u00edrito, lutando un\u00e2nimes pela f\u00e9 evang\u00e9lica; completem a minha alegria tendo o mesmo modo de pensar, o mesmo amor, um s\u00f3 esp\u00edrito, uma s\u00f3 atitude. A gra\u00e7a do Senhor Jesus Cristo seja [&#8230;]<\/p>\n","protected":false},"author":21,"featured_media":0,"comment_status":"open","ping_status":"open","sticky":false,"template":"","format":"standard","meta":{"ngg_post_thumbnail":0,"footnotes":""},"categories":[6111],"tags":[],"class_list":["post-16613","post","type-post","status-publish","format-standard","hentry","category-ultimas-de-ca"],"_links":{"self":[{"href":"https:\/\/ultimato.com.br\/sites\/blogdaultimato\/wp-json\/wp\/v2\/posts\/16613","targetHints":{"allow":["GET"]}}],"collection":[{"href":"https:\/\/ultimato.com.br\/sites\/blogdaultimato\/wp-json\/wp\/v2\/posts"}],"about":[{"href":"https:\/\/ultimato.com.br\/sites\/blogdaultimato\/wp-json\/wp\/v2\/types\/post"}],"author":[{"embeddable":true,"href":"https:\/\/ultimato.com.br\/sites\/blogdaultimato\/wp-json\/wp\/v2\/users\/21"}],"replies":[{"embeddable":true,"href":"https:\/\/ultimato.com.br\/sites\/blogdaultimato\/wp-json\/wp\/v2\/comments?post=16613"}],"version-history":[{"count":6,"href":"https:\/\/ultimato.com.br\/sites\/blogdaultimato\/wp-json\/wp\/v2\/posts\/16613\/revisions"}],"predecessor-version":[{"id":16634,"href":"https:\/\/ultimato.com.br\/sites\/blogdaultimato\/wp-json\/wp\/v2\/posts\/16613\/revisions\/16634"}],"wp:attachment":[{"href":"https:\/\/ultimato.com.br\/sites\/blogdaultimato\/wp-json\/wp\/v2\/media?parent=16613"}],"wp:term":[{"taxonomy":"category","embeddable":true,"href":"https:\/\/ultimato.com.br\/sites\/blogdaultimato\/wp-json\/wp\/v2\/categories?post=16613"},{"taxonomy":"post_tag","embeddable":true,"href":"https:\/\/ultimato.com.br\/sites\/blogdaultimato\/wp-json\/wp\/v2\/tags?post=16613"}],"curies":[{"name":"wp","href":"https:\/\/api.w.org\/{rel}","templated":true}]}}