{"id":16567,"date":"2023-02-17T09:21:34","date_gmt":"2023-02-17T11:21:34","guid":{"rendered":"https:\/\/ultimato.com.br\/sites\/blogdaultimato\/?p=16567"},"modified":"2023-02-17T12:03:20","modified_gmt":"2023-02-17T14:03:20","slug":"concurso-cultural-55-anos-de-encontros-e-reconciliacao","status":"publish","type":"post","link":"https:\/\/ultimato.com.br\/sites\/blogdaultimato\/2023\/02\/17\/concurso-cultural-55-anos-de-encontros-e-reconciliacao\/","title":{"rendered":"Concurso Cultural \u2013 55 anos de encontros e reconcilia\u00e7\u00e3o"},"content":{"rendered":"<p><strong>A marca da Ultimato<\/strong><\/p>\n<p><strong>&nbsp;<\/strong><\/p>\n<p>Para celebrar os 55 anos de publica\u00e7\u00e3o da revista <strong>Ultimato<\/strong>, a Editora Ultimato promoveu um concurso cultural por meio de suas redes sociais, convidando todos para representar o minist\u00e9rio da reconcilia\u00e7\u00e3o conforme descrito em 2 Cor\u00edntios 5.18-19. A frase \u201cDeus, em Cristo, reconciliando consigo todas as coisas\u201d \u00e9 parte da nossa marca, dando corpo e visibilidade ao que fazemos.<\/p>\n<p>A participa\u00e7\u00e3o poderia ser com texto, poesia, fotografia, ilustra\u00e7\u00e3o, colagem, pintura ou qualquer cria\u00e7\u00e3o reproduz\u00edvel em papel. Recebemos 32 obras.<\/p>\n<p>A arte de Lucas Pedro representa bem a marca da Ultimato.<\/p>\n<p><img loading=\"lazy\" decoding=\"async\" class=\"aligncenter wp-image-16568\" src=\"https:\/\/ultimato.com.br\/sites\/blogdaultimato\/files\/2023\/02\/blog_ult_lucas_pedro_imagem_concurso_cultural_55-anos.jpg\" alt=\"\" width=\"700\" height=\"495\" srcset=\"https:\/\/ultimato.com.br\/sites\/blogdaultimato\/files\/2023\/02\/blog_ult_lucas_pedro_imagem_concurso_cultural_55-anos.jpg 1500w, https:\/\/ultimato.com.br\/sites\/blogdaultimato\/files\/2023\/02\/blog_ult_lucas_pedro_imagem_concurso_cultural_55-anos-300x212.jpg 300w, https:\/\/ultimato.com.br\/sites\/blogdaultimato\/files\/2023\/02\/blog_ult_lucas_pedro_imagem_concurso_cultural_55-anos-1024x724.jpg 1024w, https:\/\/ultimato.com.br\/sites\/blogdaultimato\/files\/2023\/02\/blog_ult_lucas_pedro_imagem_concurso_cultural_55-anos-768x543.jpg 768w, https:\/\/ultimato.com.br\/sites\/blogdaultimato\/files\/2023\/02\/blog_ult_lucas_pedro_imagem_concurso_cultural_55-anos-732x518.jpg 732w, https:\/\/ultimato.com.br\/sites\/blogdaultimato\/files\/2023\/02\/blog_ult_lucas_pedro_imagem_concurso_cultural_55-anos-1140x806.jpg 1140w\" sizes=\"auto, (max-width: 700px) 100vw, 700px\" \/><\/p>\n<p>Abaixo, as etapas de cria\u00e7\u00e3o da marca, baseada na verdade de que Deus, em Cristo, reconciliou e continua reconciliando todas as coisas e nos confiou a tarefa da reconcilia\u00e7\u00e3o (2Co 5.18-19; Cl 1.20), nos orienta a dire\u00e7\u00e3o e nos encoraja na caminhada.<\/p>\n<p><img loading=\"lazy\" decoding=\"async\" class=\"aligncenter size-full wp-image-16569\" src=\"https:\/\/ultimato.com.br\/sites\/blogdaultimato\/files\/2023\/02\/kjh.jpg\" alt=\"\" width=\"600\" height=\"206\" srcset=\"https:\/\/ultimato.com.br\/sites\/blogdaultimato\/files\/2023\/02\/kjh.jpg 600w, https:\/\/ultimato.com.br\/sites\/blogdaultimato\/files\/2023\/02\/kjh-300x103.jpg 300w\" sizes=\"auto, (max-width: 600px) 100vw, 600px\" \/><\/p>\n<ul>\n<li><strong>Lucas Pedro<\/strong> \u00e9 autor do blog <a href=\"http:\/\/www.lucaspedro.com.br\/\">www.lucaspedro.com.br<\/a>. Atua na \u00e1rea de Comunica\u00e7\u00e3o e Web Design e ministra oficinas em diversas igrejas no Brasil.<\/li>\n<\/ul>\n<hr>\n<p><strong>Saiba mais:<\/strong><\/p>\n<p>\u00bb <a href=\"https:\/\/www.ultimato.com.br\/loja\/produtos\/a-arte-e-a-biblia\">A Arte e a B\u00edblia<\/a><br \/>\n\u00bb <a href=\"https:\/\/www.ultimato.com.br\/conteudo\/cristo-criatividade-e-concurso-cultural-ultimato-55-anos\">Cristo, criatividade e concurso cultural. Ultimato 55 anos<\/a><br \/>\n\u00bb <a href=\"https:\/\/ultimato.com.br\/sites\/blogdaultimato\/2023\/02\/17\/ultimato-cinquenta-e-cinco-anos-de-encontros-e-reconciliacao\/\">Ultimato: cinquenta e cinco anos \u2013 De encontros e reconcilia\u00e7\u00e3o<\/a><\/p>\n","protected":false},"excerpt":{"rendered":"<p>A marca da Ultimato<br \/>\n&nbsp;<br \/>\nPara celebrar os 55 anos de publica\u00e7\u00e3o da revista Ultimato, a Editora Ultimato promoveu um concurso cultural por meio de suas redes sociais, convidando todos para representar o minist\u00e9rio da reconcilia\u00e7\u00e3o conforme descrito em 2 Cor\u00edntios 5.18-19. A frase \u201cDeus, em Cristo, reconciliando consigo todas as coisas\u201d \u00e9 parte da nossa marca, [&#8230;]<\/p>\n","protected":false},"author":21,"featured_media":0,"comment_status":"open","ping_status":"open","sticky":false,"template":"","format":"standard","meta":{"ngg_post_thumbnail":0,"footnotes":""},"categories":[5153],"tags":[],"class_list":["post-16567","post","type-post","status-publish","format-standard","hentry","category-prateleira"],"_links":{"self":[{"href":"https:\/\/ultimato.com.br\/sites\/blogdaultimato\/wp-json\/wp\/v2\/posts\/16567","targetHints":{"allow":["GET"]}}],"collection":[{"href":"https:\/\/ultimato.com.br\/sites\/blogdaultimato\/wp-json\/wp\/v2\/posts"}],"about":[{"href":"https:\/\/ultimato.com.br\/sites\/blogdaultimato\/wp-json\/wp\/v2\/types\/post"}],"author":[{"embeddable":true,"href":"https:\/\/ultimato.com.br\/sites\/blogdaultimato\/wp-json\/wp\/v2\/users\/21"}],"replies":[{"embeddable":true,"href":"https:\/\/ultimato.com.br\/sites\/blogdaultimato\/wp-json\/wp\/v2\/comments?post=16567"}],"version-history":[{"count":2,"href":"https:\/\/ultimato.com.br\/sites\/blogdaultimato\/wp-json\/wp\/v2\/posts\/16567\/revisions"}],"predecessor-version":[{"id":16572,"href":"https:\/\/ultimato.com.br\/sites\/blogdaultimato\/wp-json\/wp\/v2\/posts\/16567\/revisions\/16572"}],"wp:attachment":[{"href":"https:\/\/ultimato.com.br\/sites\/blogdaultimato\/wp-json\/wp\/v2\/media?parent=16567"}],"wp:term":[{"taxonomy":"category","embeddable":true,"href":"https:\/\/ultimato.com.br\/sites\/blogdaultimato\/wp-json\/wp\/v2\/categories?post=16567"},{"taxonomy":"post_tag","embeddable":true,"href":"https:\/\/ultimato.com.br\/sites\/blogdaultimato\/wp-json\/wp\/v2\/tags?post=16567"}],"curies":[{"name":"wp","href":"https:\/\/api.w.org\/{rel}","templated":true}]}}