{"id":16563,"date":"2023-02-17T09:11:17","date_gmt":"2023-02-17T11:11:17","guid":{"rendered":"https:\/\/ultimato.com.br\/sites\/blogdaultimato\/?p=16563"},"modified":"2023-02-17T09:24:20","modified_gmt":"2023-02-17T11:24:20","slug":"ultimato-cinquenta-e-cinco-anos-de-encontros-e-reconciliacao","status":"publish","type":"post","link":"https:\/\/ultimato.com.br\/sites\/blogdaultimato\/2023\/02\/17\/ultimato-cinquenta-e-cinco-anos-de-encontros-e-reconciliacao\/","title":{"rendered":"Ultimato: cinquenta e cinco anos &#8211; De encontros e reconcilia\u00e7\u00e3o"},"content":{"rendered":"<p><em>Por J\u00e9nerson Alves<\/em><\/p>\n<h4><img loading=\"lazy\" decoding=\"async\" class=\"alignright wp-image-16565\" src=\"https:\/\/ultimato.com.br\/sites\/blogdaultimato\/files\/2023\/02\/imag_dest_9-1-23_reconciliacao.jpg\" alt=\"\" width=\"350\" height=\"259\" srcset=\"https:\/\/ultimato.com.br\/sites\/blogdaultimato\/files\/2023\/02\/imag_dest_9-1-23_reconciliacao.jpg 500w, https:\/\/ultimato.com.br\/sites\/blogdaultimato\/files\/2023\/02\/imag_dest_9-1-23_reconciliacao-300x222.jpg 300w\" sizes=\"auto, (max-width: 350px) 100vw, 350px\" \/>Mote decass\u00edlabo \u2013 Literatura de Cordel<\/h4>\n<p>Um ve\u00edculo bordado em \u00e1urea cor,<br \/>\nCuja escrita parece um vento brando&#8230;<br \/>\nCinco d\u00e9cadas e meia proclamando<br \/>\nA bendita Palavra do Senhor.<br \/>\nMais que uma revista, \u00e9 um amor;<br \/>\nUma amiga que aquece o cora\u00e7\u00e3o,<br \/>\nUma estrada que gera liga\u00e7\u00e3o,<br \/>\nUne irm\u00e3os, consolida, integra planos!<br \/>\n<strong><a href=\"https:\/\/www.ultimato.com.br\/conteudo\/2023-um-ano-novo-para-contar-a-velha-historia\">Ultimato: cinquenta e cinco anos<\/a><br \/>\nDe encontros e reconcilia\u00e7\u00e3o.<\/strong><\/p>\n<p><strong>&nbsp;<\/strong><\/p>\n<p>Tanto faz: no edif\u00edcio ou na cafua,<br \/>\nO leitor quando encontra esta revista<br \/>\nV\u00ea o mundo se abrir e, nesta vista,<br \/>\nUm aroma sutil no ser flutua&#8230;<br \/>\nO legado de E. C\u00e9sar continua<br \/>\nDando luzes \u00e0 nova gera\u00e7\u00e3o,<br \/>\nCom a Kl\u00eania e com outros, que est\u00e3o<br \/>\nNas passadas dos nobres veteranos,<br \/>\n<strong>Ultimato: cinquenta e cinco anos<br \/>\nDe encontros e reconcilia\u00e7\u00e3o.<\/strong><\/p>\n<p><strong>&nbsp;<\/strong><\/p>\n<p>Ela est\u00e1 nas cidades e grot\u00f5es,<br \/>\nNos planaltos, nos vales, nas plan\u00edcies\u2026<br \/>\nPor olhar muito al\u00e9m das superf\u00edcies,<br \/>\nV\u00ea ess\u00eancia das institui\u00e7\u00f5es.<br \/>\nN\u00e3o se perde por torpes dire\u00e7\u00f5es,<br \/>\nPois de Deus j\u00e1 vislumbra a Dire\u00e7\u00e3o:<br \/>\nTem a mente no c\u00e9u e p\u00e9s no ch\u00e3o,<br \/>\nN\u00e3o se rende a \u2018fulanos\u2019 nem \u2018sicranos\u2019.<br \/>\n<strong>Ultimato: cinquenta e cinco anos<br \/>\nDe encontros e reconcilia\u00e7\u00e3o.<\/strong><\/p>\n<p><strong>&nbsp;<\/strong><\/p>\n<p>Os seus textos indicam bons caminhos<br \/>\nDe um fazer teol\u00f3gico brasileiro;<br \/>\nCom Paul Freston, Alderi, Br\u00e1ulia Ribeiro,<br \/>\nAmorese, Gladir e com Carlinhos\u2026<br \/>\nOs autores s\u00e3o como passarinhos,<br \/>\nEntoando na alma uma can\u00e7\u00e3o.<br \/>\nQuem os l\u00ea tem at\u00e9 a impress\u00e3o<br \/>\nQue escrevem com teclas de pianos!<br \/>\n<strong>Ultimato: cinquenta e cinco anos<br \/>\nDe encontros e reconcilia\u00e7\u00e3o.<\/strong><\/p>\n<p><strong> <a href=\"https:\/\/www.ultimato.com.br\/loja\/produtos\/antologia-de-poetas-evangelicos\"><img loading=\"lazy\" decoding=\"async\" class=\"aligncenter wp-image-16564 size-full\" title=\"Antologia de Poetas Evang\u00e9licos\" src=\"https:\/\/ultimato.com.br\/sites\/blogdaultimato\/files\/2023\/02\/bannerB_ape.gif\" alt=\"\" width=\"607\" height=\"75\"><\/a><\/strong><\/p>\n<p>Come\u00e7ou no passado com um jornal,<br \/>\nUma hist\u00f3ria bonita e conhecida!<br \/>\nHoje \u00e9 uma revista colorida,<br \/>\nRefer\u00eancia no solo nacional.<br \/>\nJ\u00e1 chegou ao contexto digital,<br \/>\nAmpliando a din\u00e2mica intera\u00e7\u00e3o,<br \/>\nSem perder-se ao fazer transforma\u00e7\u00e3o,<br \/>\nPois n\u00e3o troca a ess\u00eancia em desenganos,<br \/>\n<strong>Ultimato: cinquenta e cinco anos<br \/>\nDe encontros e reconcilia\u00e7\u00e3o.<\/strong><\/p>\n<p>&nbsp;<\/p>\n<p>Como um p\u00e3o, os seus textos t\u00eam nutrido<br \/>\nIntelectos em ruas, becos, lares&#8230;<br \/>\nAssim, desde os primeiros exemplares<br \/>\nSeu prop\u00f3sito se encontra definido.<br \/>\nHoje o nosso Brasil \u2018t\u00e1 dividido,<br \/>\nUltimato prop\u00f5e a uni\u00e3o,<br \/>\nPois diante da Cruz, v\u00ea-se um clar\u00e3o<br \/>\nQue semeia bondade e quebra os danos,<br \/>\n<strong>Ultimato: cinquenta e cinco anos<br \/>\nDe encontros e reconcilia\u00e7\u00e3o.<\/strong><\/p>\n<p><strong>&nbsp;<\/strong><\/p>\n<p>Eu, a cada edi\u00e7\u00e3o que passo um visto,<br \/>\nVejo o mundo a partir da metanoia,<br \/>\nSinto o gosto das \u00e1guas de Lindoia,<br \/>\nE o painel de <em>Lausanne<\/em> em tom benquisto.<br \/>\nConfiando na f\u00e9 em Jesus Cristo,<br \/>\nSe milagre j\u00e1 houve, outros vir\u00e3o;<br \/>\nPois \u00e9 Deus quem sustenta esta miss\u00e3o,<br \/>\nQue acalma e nos torna mais humanos.<br \/>\n<strong>Ultimato: cinquenta e cinco anos<br \/>\nDe encontros e reconcilia\u00e7\u00e3o.<\/strong><\/p>\n<p>&nbsp;<\/p>\n<ul>\n<li><strong>J\u00e9nerson Alves<\/strong> \u00e9 jornalista, poeta cordelista e membro da Igreja Batista Emanuel em Caruaru-PE.<\/li>\n<\/ul>\n<p>&nbsp;<\/p>\n<div>\n<p><strong><strong><img loading=\"lazy\" decoding=\"async\" class=\"alignleft wp-image-16552 size-full\" src=\"https:\/\/ultimato.com.br\/sites\/blogdaultimato\/files\/2022\/12\/show_img.jpg\" alt=\"\" width=\"160\" height=\"210\"><\/strong><\/strong><\/p>\n<hr>\n<p><strong>A B\u00cdBLIA N\u00c3O ERRA. OS LEITORES, NEM TANTO | REVISTA ULTIMATO<\/strong><\/p>\n<\/div>\n<div>&nbsp;<\/div>\n<div>O Ano-Novo \u00e9 sempre uma oportunidade de renova\u00e7\u00e3o de votos. E n\u00e3o h\u00e1 voto mais importante e definidor para 2023 do que o prop\u00f3sito de se expor regularmente \u00e0 Palavra de Deus, por meio da leitura das Escrituras. A B\u00edblia deve ocupar lugar central em nossa vida e na vida da igreja.<\/div>\n<div>&nbsp;<\/div>\n<div>A mat\u00e9ria de capa desta edi\u00e7\u00e3o n\u00e3o s\u00f3 incentiva o leitor \u00e0 leitura regular da B\u00edblia, mas tamb\u00e9m o encoraja a aceitar o desafio de olhar reverentemente para as Escrituras como \u201cum di\u00e1rio de Deus\u201d, a partir da \u201cchave\u201d do amor.<\/div>\n<div>&nbsp;<\/div>\n<div>\u00c9 disso que trata a&nbsp;<a href=\"https:\/\/www.ultimato.com.br\/revista\/\" target=\"_blank\" rel=\"noopener\">edi\u00e7\u00e3o 399<\/a>&nbsp;da Revista&nbsp;<strong>Ultimato<\/strong>. Para assinar,&nbsp;<a href=\"https:\/\/www.ultimato.com.br\/revista\/assine\" target=\"_blank\" rel=\"noopener\">clique aqui<\/a>.<\/div>\n<hr>\n<p><strong>Saiba mais:<\/strong><\/p>\n<p>\u00bb <a href=\"https:\/\/www.ultimato.com.br\/loja\/produtos\/antologia-de-poetas-evangelicoshttps:\/\/www.ultimato.com.br\/loja\/produtos\/antologia-de-poetas-evangelicos\">Antologia de Poetas Evang\u00e9licos<\/a><br \/>\n\u00bb <a href=\"https:\/\/www.ultimato.com.br\/loja\/produtos\/a-arte-e-a-biblia\">A Arte e a B\u00edblia<\/a><br \/>\n\u00bb <a href=\"https:\/\/www.ultimato.com.br\/conteudo\/cristo-criatividade-e-concurso-cultural-ultimato-55-anos\">Cristo, criatividade e concurso cultural. Ultimato 55 anos<\/a><br \/>\n\u00bb <a href=\"https:\/\/www.ultimato.com.br\/conteudo\/um-salmo-aos-salmos-em-estrofes-de-cordel\">Um salmo aos Salmos em estrofes de cordel<\/a><br \/>\n\u00bb <a href=\"https:\/\/ultimato.com.br\/sites\/blogdaultimato\/2023\/02\/17\/concurso-cultural-55-anos-de-encontros-e-reconciliacao\/\">Concurso Cultural \u2013 55 anos de encontros e reconcilia\u00e7\u00e3o<\/a><\/p>\n","protected":false},"excerpt":{"rendered":"<p>Por J\u00e9nerson Alves<br \/>\nMote decass\u00edlabo \u2013 Literatura de Cordel<br \/>\nUm ve\u00edculo bordado em \u00e1urea cor,<br \/>\nCuja escrita parece um vento brando&#8230;<br \/>\nCinco d\u00e9cadas e meia proclamando<br \/>\nA bendita Palavra do Senhor.<br \/>\nMais que uma revista, \u00e9 um amor;<br \/>\nUma amiga que aquece o cora\u00e7\u00e3o,<br \/>\nUma estrada que gera liga\u00e7\u00e3o,<br \/>\nUne irm\u00e3os, consolida, integra planos!<br \/>\nUltimato: cinquenta e cinco anos<br \/>\nDe encontros e reconcilia\u00e7\u00e3o.<br \/>\n&nbsp;<br \/>\nTanto faz: no edif\u00edcio [&#8230;]<\/p>\n","protected":false},"author":21,"featured_media":0,"comment_status":"open","ping_status":"open","sticky":false,"template":"","format":"standard","meta":{"ngg_post_thumbnail":0,"footnotes":""},"categories":[5153],"tags":[],"class_list":["post-16563","post","type-post","status-publish","format-standard","hentry","category-prateleira"],"_links":{"self":[{"href":"https:\/\/ultimato.com.br\/sites\/blogdaultimato\/wp-json\/wp\/v2\/posts\/16563","targetHints":{"allow":["GET"]}}],"collection":[{"href":"https:\/\/ultimato.com.br\/sites\/blogdaultimato\/wp-json\/wp\/v2\/posts"}],"about":[{"href":"https:\/\/ultimato.com.br\/sites\/blogdaultimato\/wp-json\/wp\/v2\/types\/post"}],"author":[{"embeddable":true,"href":"https:\/\/ultimato.com.br\/sites\/blogdaultimato\/wp-json\/wp\/v2\/users\/21"}],"replies":[{"embeddable":true,"href":"https:\/\/ultimato.com.br\/sites\/blogdaultimato\/wp-json\/wp\/v2\/comments?post=16563"}],"version-history":[{"count":2,"href":"https:\/\/ultimato.com.br\/sites\/blogdaultimato\/wp-json\/wp\/v2\/posts\/16563\/revisions"}],"predecessor-version":[{"id":16571,"href":"https:\/\/ultimato.com.br\/sites\/blogdaultimato\/wp-json\/wp\/v2\/posts\/16563\/revisions\/16571"}],"wp:attachment":[{"href":"https:\/\/ultimato.com.br\/sites\/blogdaultimato\/wp-json\/wp\/v2\/media?parent=16563"}],"wp:term":[{"taxonomy":"category","embeddable":true,"href":"https:\/\/ultimato.com.br\/sites\/blogdaultimato\/wp-json\/wp\/v2\/categories?post=16563"},{"taxonomy":"post_tag","embeddable":true,"href":"https:\/\/ultimato.com.br\/sites\/blogdaultimato\/wp-json\/wp\/v2\/tags?post=16563"}],"curies":[{"name":"wp","href":"https:\/\/api.w.org\/{rel}","templated":true}]}}