{"id":16546,"date":"2023-03-01T00:00:14","date_gmt":"2023-03-01T02:00:14","guid":{"rendered":"https:\/\/ultimato.com.br\/sites\/blogdaultimato\/?p=16546"},"modified":"2025-06-26T23:31:20","modified_gmt":"2025-06-27T01:31:20","slug":"a-um-clique-conteudo-extra-da-edicao-400-de-ultimato","status":"publish","type":"post","link":"https:\/\/ultimato.com.br\/sites\/blogdaultimato\/2023\/03\/01\/a-um-clique-conteudo-extra-da-edicao-400-de-ultimato\/","title":{"rendered":"A um clique: conte\u00fado extra da edi\u00e7\u00e3o 400 de Ultimato"},"content":{"rendered":"<p><img loading=\"lazy\" decoding=\"async\" class=\"alignright wp-image-16901\" style=\"color: #0000ee;\" src=\"https:\/\/ultimato.com.br\/sites\/blogdaultimato\/files\/2023\/01\/capa_400-300x300.jpg\" alt=\"\" width=\"249\" height=\"249\" srcset=\"https:\/\/ultimato.com.br\/sites\/blogdaultimato\/files\/2023\/01\/capa_400-300x300.jpg 300w, https:\/\/ultimato.com.br\/sites\/blogdaultimato\/files\/2023\/01\/capa_400-1024x1024.jpg 1024w, https:\/\/ultimato.com.br\/sites\/blogdaultimato\/files\/2023\/01\/capa_400-150x150.jpg 150w, https:\/\/ultimato.com.br\/sites\/blogdaultimato\/files\/2023\/01\/capa_400-768x768.jpg 768w, https:\/\/ultimato.com.br\/sites\/blogdaultimato\/files\/2023\/01\/capa_400-732x732.jpg 732w, https:\/\/ultimato.com.br\/sites\/blogdaultimato\/files\/2023\/01\/capa_400-1140x1140.jpg 1140w, https:\/\/ultimato.com.br\/sites\/blogdaultimato\/files\/2023\/01\/capa_400.jpg 1500w\" sizes=\"auto, (max-width: 249px) 100vw, 249px\" \/><\/p>\n<p><strong>Leia mais do que foi oferecido na edi\u00e7\u00e3o de <a href=\"https:\/\/www.ultimato.com.br\/revista\/400\">Mar\u00e7o\/Abril<\/a>&nbsp;de Ultimato<\/strong><\/p>\n<p>Ultimato oferece muito mais conte\u00fado para o leitor aprofundar-se nos assuntos de cada se\u00e7\u00e3o da revista. Nesta postagem voc\u00ea pode conhecer todo o conte\u00fado extra que foi divulgado na edi\u00e7\u00e3o de <strong><a href=\"https:\/\/www.ultimato.com.br\/revista\/400\">Mar\u00e7o\/Abril<\/a><\/strong>&nbsp;de&nbsp;<strong>Ultimato<\/strong>. Aproveite!<\/p>\n<p>&nbsp;<\/p>\n<p><strong>ABERTURA<\/strong> \u2013 <em>As medidas do imensur\u00e1vel amor de Deus<\/em>, por Kl\u00eania Fassoni<\/p>\n<p><a href=\"https:\/\/www.ultimato.com.br\/revista\/artigos\/338\/o-ser-humano-e-admiravel-mas-deus-e-incomparavel\" target=\"_blank\" rel=\"noopener\">O ser humano \u00e9 admir\u00e1vel&#8230; mas Deus \u00e9 incompar\u00e1vel!<\/a><\/p>\n<p>&nbsp;<\/p>\n<p><strong>PASTORAIS<\/strong> \u2013 <em>Antes que seja tarde demais<\/em>, por Jony W. de Almeida<br \/>\n<a href=\"https:\/\/ultimato.com.br\/sites\/estudos-biblicos\/serie-rute-2\/esperanca-tres-viuvas-vida-amarga-tempo-de-colheita\/\" target=\"_blank\" rel=\"noopener\">Estudo b\u00edblico \u201cEsperan\u00e7a: tr\u00eas vi\u00favas, vida amarga, tempo de colheita\u201d<\/a><\/p>\n<p>&nbsp;<\/p>\n<p><b>ESPECIAL <\/b>\u2013 <em>55 anos de encontros e reconcilia\u00e7\u00e3o<\/em><br \/>\n<a href=\"https:\/\/www.ultimato.com.br\/conteudo\/cristo-criatividade-e-concurso-cultural-ultimato-55-anos\" target=\"_blank\" rel=\"noopener\">Cristo, criatividade e concurso cultural. Ultimato 55 anos<\/a><\/p>\n<p>&nbsp;<\/p>\n<p><strong>O CAMINHO DO CORA\u00c7\u00c3O<\/strong> \u2013 <em>Recolhimento e discernimento<\/em>, por Ricardo Barbosa de Sousa<br \/>\n<a href=\"https:\/\/ultimato.com.br\/sites\/estudos-biblicos\/assunto\/etica\/juizo-temerario-versus-discernimento-espiritual\/\" target=\"_blank\" rel=\"noopener\">Estudo b\u00edblico \u201cJu\u00edzo temer\u00e1rio <em>versus<\/em> discernimento espiritual\u201d<\/a><\/p>\n<p>&nbsp;<\/p>\n<p><strong>FAM\u00cdLIA<\/strong>&nbsp;\u2013&nbsp;<em>&#8220;Meu filho n\u00e3o quer ir \u00e0 igreja&#8221;<\/em>, por Carlos \u201cCatito\u201d e Dagmar Grzybowski<\/p>\n<p><a href=\"https:\/\/www.ultimato.com.br\/conteudo\/cuidemos-de-nossos-adolescentes\" target=\"_blank\" rel=\"noopener\">Cuidemos de nossos adolescentes<\/a><\/p>\n<p>&nbsp;<\/p>\n<p><strong>SESSENTA+<\/strong> \u2013 <em>A r\u00e3, os 1.500 cruzeiros e o psiquiatra, <\/em>por Djanira Momesso C\u00e9sar<br \/>\n<a href=\"https:\/\/www.ultimato.com.br\/revista\/artigos\/395\/confianca-paciente\" target=\"_blank\" rel=\"noopener\">Confian\u00e7a paciente<\/a><\/p>\n<p>&nbsp;<\/p>\n<p><strong>REDESCOBRINDO A PALAVRA DE DEUS<\/strong> \u2013 <em>A encruzilhada \u00e9 o nosso lugar<\/em>, por Valdir Steuernagel<br \/>\n<a href=\"https:\/\/www.ultimato.com.br\/revista\/artigos\/373\/sigam-me\" target=\"_blank\" rel=\"noopener\">\u201cSigam-me!\u201d<\/a><\/p>\n<p>&nbsp;<\/p>\n<p><strong>CAMINHOS DA MISS\u00c3O<\/strong> \u2013 <em>O raio-X do movimento mission\u00e1rio brasileiro<\/em>, por Antonia Leonora van der Meer<br \/>\n<a href=\"https:\/\/www.ultimato.com.br\/conteudo\/enviando-e-cuidando-dos-missionarios\" target=\"_blank\" rel=\"noopener\">Enviando e cuidando dos mission\u00e1rios<\/a><\/p>\n<p>&nbsp;<\/p>\n<p><strong>REFLEX\u00c3O<\/strong> \u2013 <em>Conhecimento e juizo, ou raz\u00e3o e apocalipse<\/em>, por Andr\u00e9 Gomes Quirino<\/p>\n<p><a href=\"https:\/\/www.ultimato.com.br\/conteudo\/a-sabedoria-grita-nas-ruas-e-nas-redes-poderemos-ouvi-la\" target=\"_blank\" rel=\"noopener\">A sabedoria grita nas ruas (e nas redes) \u2013 poderemos ouvi-la?<\/a><\/p>\n<p>&nbsp;<\/p>\n<p><strong>TEND\u00caNCIAS<\/strong> \u2013 <em>O ensino fora da escola<\/em>, por Igor Miguel<br \/>\n<a href=\"https:\/\/www.ultimato.com.br\/conteudo\/o-ensino-fora-da-escola-a-educacao-domiciliar-e-uma-alternativa-valida\" target=\"_blank\" rel=\"noopener\">Vers\u00e3o ampliada de \u201cA possibilidade do ensino fora da escola\u201d<\/a><\/p>\n<p>&nbsp;<\/p>\n<p><strong>HIST\u00d3RIA<\/strong>&nbsp;\u2013&nbsp;<em>A democracia e os pobres<\/em>, por Alderi Souza de Matos<br \/>\n<a href=\"https:\/\/www.ultimato.com.br\/conteudo\/justica-e-desigualdade-economica\" target=\"_blank\" rel=\"noopener\">Justi\u00e7a social e desigualdade: o que os evang\u00e9licos t\u00eam a ver com isso?<\/a><\/p>\n<p>&nbsp;<\/p>\n<p><strong>OPINI\u00c3O<\/strong> \u2013 <em>Transcend\u00eancia e teologia<\/em>, por Br\u00e1ulia Ribeiro<br \/>\n<a href=\"http:\/\/bit.ly\/398-opiniao-transcendencia\" target=\"_blank\" rel=\"noopener\">A transcend\u00eancia e a minha f\u00e9<\/a><\/p>\n<p>&nbsp;<\/p>\n<p><strong>OS EVANG\u00c9LICOS NO BRASIL<\/strong> \u2013 <em>Comunidades terap\u00eauticas no Brasil<\/em>, por Osvaldo Christen Filho<br \/>\n<a href=\"https:\/\/www.ultimato.com.br\/conteudo\/a-contribuicao-de-evangelicos-na-atencao-a-dependentes-de-alcool-e-drogas\" target=\"_blank\" rel=\"noopener\">Vers\u00e3o ampliada de \u201cComunidades terap\u00eauticas no Brasil\u201d<\/a><\/p>\n<p>&nbsp;<\/p>\n<p><strong>\u00c9TICA<\/strong> \u2013 <em>Esperan\u00e7as crist\u00e3s e falsas esperan\u00e7as<\/em>, por Paul Freston<br \/>\n<a href=\"https:\/\/www.ultimato.com.br\/revista\/artigos\/399\/as-eleicoes-de-2022-e-os-valores-cristaos\" target=\"_blank\" rel=\"noopener\">As elei\u00e7\u00f5es de 2022 e os valores crist\u00e3os<\/a><\/p>\n<p>&nbsp;<\/p>\n<p><strong>VAMOS LER!<\/strong> \u2013<em> Uma leitura indispens\u00e1vel: A Morte da Raz\u00e3o,<\/em> por Davi Lago<br \/>\n<a href=\"https:\/\/ultimato.com.br\/sites\/blogdaultimato\/2024\/05\/29\/desafios-eticos-das-novas-tecnologias-o-que-mais-voce-precisa-saber-sobre-o-assunto\/\" target=\"_blank\" rel=\"noopener\">Leia a vers\u00e3o estendida deste artigo, publicada com as refer\u00eancias citadas no texto, no portal Ultimatoonline<\/a><\/p>\n<p>&nbsp;<\/p>\n<p><strong>ACONTECEU COMIGO<\/strong> \u2013 <em>Cat\u00f3lico de cora\u00e7\u00e3o e protestante de convic\u00e7\u00e3o<\/em>, por Geraldo Luiz Silva<br \/>\n<a href=\"https:\/\/www.ultimato.com.br\/conteudo\/do-esoterismo-para-cristo-meu-encontro-com-jesus\" target=\"_blank\" rel=\"noopener\">Do esoterismo para Cristo: meu encontro com Jesus<\/a><\/p>\n","protected":false},"excerpt":{"rendered":"<p>Ultimato oferece muito mais conte\u00fado para o leitor aprofundar-se nos assuntos de cada se\u00e7\u00e3o da revista. Nesta postagem voc\u00ea pode conhecer todo o conte\u00fado extra que foi divulgado na edi\u00e7\u00e3o de Mar\u00e7o\/Abril\u00a0de\u00a0Ultimato. Aproveite!<\/p>\n","protected":false},"author":21,"featured_media":0,"comment_status":"open","ping_status":"open","sticky":false,"template":"","format":"standard","meta":{"ngg_post_thumbnail":0,"footnotes":""},"categories":[5153],"tags":[5953],"class_list":["post-16546","post","type-post","status-publish","format-standard","hentry","category-prateleira","tag-revista-ultimato"],"_links":{"self":[{"href":"https:\/\/ultimato.com.br\/sites\/blogdaultimato\/wp-json\/wp\/v2\/posts\/16546","targetHints":{"allow":["GET"]}}],"collection":[{"href":"https:\/\/ultimato.com.br\/sites\/blogdaultimato\/wp-json\/wp\/v2\/posts"}],"about":[{"href":"https:\/\/ultimato.com.br\/sites\/blogdaultimato\/wp-json\/wp\/v2\/types\/post"}],"author":[{"embeddable":true,"href":"https:\/\/ultimato.com.br\/sites\/blogdaultimato\/wp-json\/wp\/v2\/users\/21"}],"replies":[{"embeddable":true,"href":"https:\/\/ultimato.com.br\/sites\/blogdaultimato\/wp-json\/wp\/v2\/comments?post=16546"}],"version-history":[{"count":4,"href":"https:\/\/ultimato.com.br\/sites\/blogdaultimato\/wp-json\/wp\/v2\/posts\/16546\/revisions"}],"predecessor-version":[{"id":16930,"href":"https:\/\/ultimato.com.br\/sites\/blogdaultimato\/wp-json\/wp\/v2\/posts\/16546\/revisions\/16930"}],"wp:attachment":[{"href":"https:\/\/ultimato.com.br\/sites\/blogdaultimato\/wp-json\/wp\/v2\/media?parent=16546"}],"wp:term":[{"taxonomy":"category","embeddable":true,"href":"https:\/\/ultimato.com.br\/sites\/blogdaultimato\/wp-json\/wp\/v2\/categories?post=16546"},{"taxonomy":"post_tag","embeddable":true,"href":"https:\/\/ultimato.com.br\/sites\/blogdaultimato\/wp-json\/wp\/v2\/tags?post=16546"}],"curies":[{"name":"wp","href":"https:\/\/api.w.org\/{rel}","templated":true}]}}