{"id":16544,"date":"2023-03-07T00:00:20","date_gmt":"2023-03-07T02:00:20","guid":{"rendered":"https:\/\/ultimato.com.br\/sites\/blogdaultimato\/?p=16544"},"modified":"2025-06-26T23:33:19","modified_gmt":"2025-06-27T01:33:19","slug":"ultimatoonline-na-revista-impressa-edicao-400","status":"publish","type":"post","link":"https:\/\/ultimato.com.br\/sites\/blogdaultimato\/2023\/03\/07\/ultimatoonline-na-revista-impressa-edicao-400\/","title":{"rendered":"ULTIMATOONLINE na revista impressa, edi\u00e7\u00e3o 400"},"content":{"rendered":"<h4><span style=\"color: #808000;\">Confira os destaques da se\u00e7\u00e3o ULTIMATOONLINE publicados na edi\u00e7\u00e3o <a style=\"color: #808000;\" href=\"http:\/\/www.ultimato.com.br\/revista\/400\" target=\"_blank\" rel=\"noopener noreferrer\">400<\/a>&nbsp;da revista Ultimato.<\/span><\/h4>\n<p>Para encontrar mais conte\u00fado, com atualiza\u00e7\u00e3o di\u00e1ria, acesse portal<strong>&nbsp;<a href=\"http:\/\/www.ultimato.com.br\/\">Ultimatoonline<\/a><\/strong>&nbsp;ou a<strong>&nbsp;<a href=\"http:\/\/www.ultimato.com.br\/loja\/\" target=\"_blank\" rel=\"noopener\">loja virtual<\/a><\/strong>&nbsp;com os lan\u00e7amentos e tudo sobre os nossos livros. Conhe\u00e7a tamb\u00e9m o<strong>&nbsp;<a href=\"http:\/\/www.ultimato.com.br\/revista\/edicoes-anteriores\" target=\"_blank\" rel=\"noopener\">acervo digital<\/a><\/strong>&nbsp;da revista Ultimato.<\/p>\n<p>&nbsp;<\/p>\n<h4><strong>ARTIGOS \u2013 ALGUNS DOS MAIS LIDOS<\/strong><\/h4>\n<p>\u00bb <a href=\"https:\/\/www.google.com\/url?sa=t&amp;rct=j&amp;q=&amp;esrc=s&amp;source=web&amp;cd=&amp;cad=rja&amp;uact=8&amp;ved=2ahUKEwirloj5gsr9AhX8BLkGHTk3DzEQFnoECAcQAQ&amp;url=https%3A%2F%2Fwww.ultimato.com.br%2Fconteudo%2Fa-crise-yanomami&amp;usg=AOvVaw3hfDPOr4h0fP4djOcODH4I\" target=\"_blank\" rel=\"noopener\">A crise yanomami<\/a> | Cassiano Luz<\/p>\n<p>\u00bb <a href=\"https:\/\/www.ultimato.com.br\/conteudo\/o-amor-procede-de-deus-aspectos-psicoterapeuticos-e-curativos-da-biblia\" target=\"_blank\" rel=\"noopener\">\u201cO amor procede de Deus\u201d \u2013 aspectos psicoterap\u00eauticos e curativos da B\u00edblia<\/a> | Esther Carrenho<\/p>\n<p>\u00bb <a href=\"https:\/\/www.google.com\/url?sa=t&amp;rct=j&amp;q=&amp;esrc=s&amp;source=web&amp;cd=&amp;cad=rja&amp;uact=8&amp;ved=2ahUKEwjQq6iPg8r9AhX1HLkGHeI0ByIQFnoECA0QAQ&amp;url=https%3A%2F%2Fwww.ultimato.com.br%2Fconteudo%2Fa-vocacao-como-um-reflexo-da-imagem-de-deus&amp;usg=AOvVaw2qSBOsbQC_xsdfSk9J_jfn\" target=\"_blank\" rel=\"noopener\">A voca\u00e7\u00e3o como um reflexo da imagem de Deus<\/a> | Jo\u00e3o Ant\u00f4nio Martins<\/p>\n<p>&nbsp;<\/p>\n<p>&nbsp;<\/p>\n<h4><strong>LIVROS \u2013 ALGUNS DOS MAIS VISTOS<\/strong><\/h4>\n<p>\u00bb <a href=\"https:\/\/www.ultimato.com.br\/loja\/produtos\/calvinismo-para-uma-era-secular\" target=\"_blank\" rel=\"noopener\">Calvinismo para uma Era Secular<\/a>, V\u00e1rios autores<\/p>\n<p>\u00bb <a href=\"https:\/\/www.ultimato.com.br\/loja\/produtos\/um-ano-com-os-salmos\">Um Ano com os Salmos<\/a>, Elben C\u00e9sar<\/p>\n<p>\u00bb&nbsp;<a href=\"https:\/\/www.ultimato.com.br\/loja\/produtos\/o-desafio-da-pregacao\">O Desafio da Prega\u00e7\u00e3o<\/a>, John Stott<\/p>\n<p>&nbsp;<\/p>\n<h4><strong>FICOU MAIS F\u00c1CIL LER <em>ULTIMATO<\/em><\/strong><\/h4>\n<p>Al\u00e9m do acervo digital da revista <strong>Ultimato<\/strong> em ultimato.com.br, o leitor pode encontrar a <a href=\"https:\/\/www.amazon.com.br\/s?i=digital-text&amp;rh=p_27%3AEditora+Ultimato&amp;s=relevancerank&amp;text=Editora+Ultimato&amp;ref=dp_byline_sr_ebooks_1\" target=\"_blank\" rel=\"noopener\">revista tamb\u00e9m na Amazon<\/a> (amazon.com.br). E, para o assinante do programa Kindle Unlimited, ficou ainda mais f\u00e1cil. Com os aplicativos gratuitos kindle, o leitor pode ler e baixar a sua revista a qualquer momento e em qualquer lugar.<\/p>\n<p>E, voc\u00ea sabe, os livros da Editora Ultimato tamb\u00e9m est\u00e3o nos formatos digital e em \u00e1udio nas melhores casas virtuais do ramo.<\/p>\n<h4>&nbsp;<\/h4>\n<h4><strong>EXPLORE ULTIMATO<br \/>\n<\/strong><\/h4>\n<p><a href=\"https:\/\/www.facebook.com\/editora.ultimato\" target=\"_blank\" rel=\"noopener noreferrer\">\/editoraultimato<br \/>\n<\/a>Mais de 87 mil pessoas j\u00e1 \u201ccurtiram\u201d a p\u00e1gina da Editora Ultimato no Facebook. Junte-se a n\u00f3s!<\/p>\n<p><a href=\"https:\/\/twitter.com\/ultimato\" target=\"_blank\" rel=\"noopener noreferrer\">@ultimato<br \/>\n<\/a>Quer saber o que a Editora Ultimato e seus blogueiros est\u00e3o falando? Siga-nos no Twitter.<\/p>\n<p><a href=\"https:\/\/www.instagram.com\/editoraultimato\/\" target=\"_blank\" rel=\"noopener noreferrer\">@editora.ultimato<br \/>\n<\/a>Acompanhe o dia a dia, os bastidores e as promo\u00e7\u00f5es da Editora Ultimato no Instagram. Mais de 79 mil pessoas j\u00e1 nos seguem.<\/p>\n<p>&nbsp;<\/p>\n<h4><strong>A UM CLIQUE<\/strong><\/h4>\n<p>Todo o conte\u00fado oferecido em \u201cMAIS NA INTERNET\u201d desta edi\u00e7\u00e3o <a href=\"http:\/\/bit.ly\/ult400-mais\" target=\"_blank\" rel=\"noopener\">aqui<\/a>.<\/p>\n","protected":false},"excerpt":{"rendered":"<p>Confira os destaques da se\u00e7\u00e3o ULTIMATOONLINE publicados na edi\u00e7\u00e3o 400\u00a0da revista Ultimato.<\/p>\n","protected":false},"author":21,"featured_media":0,"comment_status":"open","ping_status":"open","sticky":false,"template":"","format":"standard","meta":{"ngg_post_thumbnail":0,"footnotes":""},"categories":[5153],"tags":[5953],"class_list":["post-16544","post","type-post","status-publish","format-standard","hentry","category-prateleira","tag-revista-ultimato"],"_links":{"self":[{"href":"https:\/\/ultimato.com.br\/sites\/blogdaultimato\/wp-json\/wp\/v2\/posts\/16544","targetHints":{"allow":["GET"]}}],"collection":[{"href":"https:\/\/ultimato.com.br\/sites\/blogdaultimato\/wp-json\/wp\/v2\/posts"}],"about":[{"href":"https:\/\/ultimato.com.br\/sites\/blogdaultimato\/wp-json\/wp\/v2\/types\/post"}],"author":[{"embeddable":true,"href":"https:\/\/ultimato.com.br\/sites\/blogdaultimato\/wp-json\/wp\/v2\/users\/21"}],"replies":[{"embeddable":true,"href":"https:\/\/ultimato.com.br\/sites\/blogdaultimato\/wp-json\/wp\/v2\/comments?post=16544"}],"version-history":[{"count":4,"href":"https:\/\/ultimato.com.br\/sites\/blogdaultimato\/wp-json\/wp\/v2\/posts\/16544\/revisions"}],"predecessor-version":[{"id":16931,"href":"https:\/\/ultimato.com.br\/sites\/blogdaultimato\/wp-json\/wp\/v2\/posts\/16544\/revisions\/16931"}],"wp:attachment":[{"href":"https:\/\/ultimato.com.br\/sites\/blogdaultimato\/wp-json\/wp\/v2\/media?parent=16544"}],"wp:term":[{"taxonomy":"category","embeddable":true,"href":"https:\/\/ultimato.com.br\/sites\/blogdaultimato\/wp-json\/wp\/v2\/categories?post=16544"},{"taxonomy":"post_tag","embeddable":true,"href":"https:\/\/ultimato.com.br\/sites\/blogdaultimato\/wp-json\/wp\/v2\/tags?post=16544"}],"curies":[{"name":"wp","href":"https:\/\/api.w.org\/{rel}","templated":true}]}}