{"id":16524,"date":"2022-12-05T11:50:37","date_gmt":"2022-12-05T13:50:37","guid":{"rendered":"https:\/\/ultimato.com.br\/sites\/blogdaultimato\/?p=16524"},"modified":"2025-06-26T23:33:35","modified_gmt":"2025-06-27T01:33:35","slug":"a-um-clique-conteudo-extra-da-edicao-399-de-ultimato","status":"publish","type":"post","link":"https:\/\/ultimato.com.br\/sites\/blogdaultimato\/2022\/12\/05\/a-um-clique-conteudo-extra-da-edicao-399-de-ultimato\/","title":{"rendered":"A um clique: conte\u00fado extra da edi\u00e7\u00e3o 399 de Ultimato"},"content":{"rendered":"<p><strong><a href=\"https:\/\/www.ultimato.com.br\/revista\/\"><img loading=\"lazy\" decoding=\"async\" class=\"alignright wp-image-16552 size-full\" src=\"https:\/\/ultimato.com.br\/sites\/blogdaultimato\/files\/2022\/12\/show_img.jpg\" alt=\"\" width=\"160\" height=\"210\"><\/a>Leia mais do que foi oferecido na edi\u00e7\u00e3o de <a href=\"https:\/\/www.ultimato.com.br\/revista\/399\">Janeiro\/Fevereiro<\/a> de Ultimato<\/strong><\/p>\n<p>Ultimato oferece muito mais conte\u00fado para o leitor aprofundar-se nos assuntos de cada se\u00e7\u00e3o da revista. Nesta postagem voc\u00ea pode conhecer todo o conte\u00fado extra que foi divulgado na edi\u00e7\u00e3o de <strong><a href=\"https:\/\/www.ultimato.com.br\/revista\/399\">Janeiro\/Fevereiro<\/a><\/strong>&nbsp;de&nbsp;<strong>Ultimato<\/strong>. Aproveite!<\/p>\n<p>&nbsp;<\/p>\n<p><strong>ABERTURA<\/strong> \u2013 <em>O que lembro, tenho<\/em>, por Kl\u00eania Fassoni<br \/>\n<a href=\"http:\/\/bit.ly\/399-abertura\">N\u00e3o quero me esquecer de tudo que devo lembrar<\/a><\/p>\n<p>&nbsp;<\/p>\n<p><strong>PASTORAIS<\/strong> \u2013 <em>Vimos o Senhor!<\/em>, por Ariane Gomes<br \/>\n<a href=\"http:\/\/bit.ly\/399-pastorais\" target=\"_blank\" rel=\"noopener\">A paz seja com voc\u00eas<\/a><\/p>\n<p>&nbsp;<\/p>\n<p><strong>MAIS DO QUE NOT\u00cdCIAS<\/strong> \u2013 <em>An\u00e1lise Global de Lausanne (AGL) completa dez anos<\/em>, da reda\u00e7\u00e3o<br \/>\nVers\u00e3o ampliada de&nbsp;<a href=\"http:\/\/bit.ly\/399-lausanne\" target=\"_blank\" rel=\"noopener\">\u201cAn\u00e1lise Global de Lausanne (AGL) completa 10 anos\u201d<\/a><\/p>\n<p>&nbsp;<\/p>\n<p><strong>MAIS DO QUE NOT\u00cdCIAS<\/strong> \u2013 <em>Livro conta hist\u00f3ria do trabalho mission\u00e1rio entre ind\u00edgenas no Brasil<\/em>, da reda\u00e7\u00e3o<br \/>\n<a href=\"http:\/\/bit.ly\/399-guenther-wanda\" target=\"_blank\" rel=\"noopener\">60 anos de trabalho entre o povo ind\u00edgena Xerente<br \/>\n<\/a><a href=\"http:\/\/bit.ly\/399-rinaldo-gudrun\" target=\"_blank\" rel=\"noopener\">Meus 83 anos: cr\u00f4nica de um mission\u00e1rio, mesmo a dist\u00e2ncia, entre os Xerente<\/a><\/p>\n<p>&nbsp;<\/p>\n<p><strong>MAIS DO QUE NOT\u00cdCIAS<\/strong> \u2013 <em>Congresso Brasileiro de Miss\u00f5es 2022: \u201cVerdades que n\u00e3o podemos ignorar\u201d<\/em>, da reda\u00e7\u00e3o<br \/>\nVers\u00e3o ampliada de&nbsp;<a href=\"http:\/\/bit.ly\/399-cbm\" target=\"_blank\" rel=\"noopener\">\u201cCongresso Brasileiro de Miss\u00f5es 2022: \u2018Verdades que n\u00e3o podemos ignorar\u2019\u201d<\/a><\/p>\n<p>&nbsp;<\/p>\n<p><strong>O CAMINHO DO CORA\u00c7\u00c3O<\/strong> &#8211; <em>Cantando as can\u00e7\u00f5es do Senhor numa terra estranha<\/em>, por Ricardo Barbosa de Sousa<br \/>\n<a href=\"http:\/\/bit.ly\/399-caminho-coracao\" target=\"_blank\" rel=\"noopener\">A igreja nunca deve se casar com o esp\u00edrito do seu tempo<\/a><\/p>\n<p>&nbsp;<\/p>\n<p><strong>SESSENTA+<\/strong> &#8211; <em>A velhice n\u00e3o me deixou mais espiritual<\/em>, por Gabriele Kumm<br \/>\n<a href=\"http:\/\/bit.ly\/399-sessenta\" target=\"_blank\" rel=\"noopener\">Deus fez muito mais com a minha vida do que o meu nascimento sinalizava<\/a><\/p>\n<p>&nbsp;<\/p>\n<p><strong>FAM\u00cdLIA<\/strong> \u2013 <em>Onde ele aprendeu isso?<\/em>, por Carlos \u201cCatito\u201d e Dagmar Grzybowski<br \/>\n<a href=\"http:\/\/bit.ly\/399-familia\" target=\"_blank\" rel=\"noopener\">Gera\u00e7\u00f5es diferentes. Sexualidade diferente?<\/a><\/p>\n<p>&nbsp;<\/p>\n<p><strong>REDESCOBRINDO A PALAVRA DE DEUS<\/strong> &#8211; <em>Ele disse uma palavra, e tudo foi feito!<\/em>, por Valdir Steuernagel<br \/>\n<a href=\"http:\/\/bit.ly\/399-redescobrindo\" target=\"_blank\" rel=\"noopener\">O Deus Criador<\/a><\/p>\n<p>&nbsp;<\/p>\n<p><strong>CAMINHOS DA MISS\u00c3O<\/strong> &#8211; <em>Celebrando 30 anos no campo<\/em>, por Cristina Gribben<br \/>\n<a href=\"http:\/\/bit.ly\/399-caminhos_missao\" target=\"_blank\" rel=\"noopener\">O raio x do retorno ao Brasil depois de 30 anos como mission\u00e1rios no Norte da \u00c1frica &#8211; um exemplo a ser seguido<\/a><\/p>\n<p>&nbsp;<\/p>\n<p><strong>REFLEX\u00c3O<\/strong> \u2013 <em>Feminilidade b\u00edblica brasileira<\/em>, por Jacira Monteiro<br \/>\n<a href=\"http:\/\/bit.ly\/399-reflexao\" target=\"_blank\" rel=\"noopener\">Mulheres: as conquistas dos \u00faltimos 50 anos e os desafios atuais<\/a><\/p>\n<p>&nbsp;<\/p>\n<p><strong>TEND\u00caNCIAS<\/strong> &#8211; <em>A cultura do \u201cPronto, falei!\u201d<\/em>, Ivan Abreu Figueiredo<br \/>\nVers\u00e3o ampliada de&nbsp;<a href=\"http:\/\/bit.ly\/399-tendencias\" target=\"_blank\" rel=\"noopener\">\u201cA cultura do \u2018Pronto, falei!\u2019\u201d<\/a><\/p>\n<p>&nbsp;<\/p>\n<p><strong>OPINI\u00c3O<\/strong> \u2013 <em>Transcend\u00eancia e teologia<\/em>, por Br\u00e1ulia Ribeiro<br \/>\n<a href=\"http:\/\/bit.ly\/398-opiniao-transcendencia\" target=\"_blank\" rel=\"noopener\">A transcend\u00eancia e a minha f\u00e9<\/a><\/p>\n<p>&nbsp;<\/p>\n<p><strong>HIST\u00d3RIA<\/strong> \u2013 <em>A autoridade dos pais da Igreja<\/em>, por Alderi Souza de Matos<br \/>\n<a href=\"http:\/\/bit.ly\/399-historia\" target=\"_blank\" rel=\"noopener\">O te\u00f3logo a servi\u00e7o de Deus e n\u00e3o da teologia<\/a><\/p>\n<p>&nbsp;<\/p>\n<p><strong>OS EVANG\u00c9LICOS NO BRASIL<\/strong> &#8211; <em>M\u00fasica erudita tamb\u00e9m \u00e9 coisa de evang\u00e9lico<\/em>, por Gutierres Fernandes Siqueira<br \/>\n<a href=\"http:\/\/bit.ly\/399-evangelicos-musica\" target=\"_blank\" rel=\"noopener\">Sola M\u00fasica<\/a><\/p>\n<p>&nbsp;<\/p>\n<p><strong>LITERATURA E CULTURA<\/strong> \u2013 <em>Literatura e migra\u00e7\u00f5es: O Melhor Lugar da Terra<\/em>, por Gladir Cabral<br \/>\n<a href=\"http:\/\/bit.ly\/399-literatura\" target=\"_blank\" rel=\"noopener\">A igreja em a\u00e7\u00e3o em Paracaima \u2013 \u201cO maior fracasso \u00e9 n\u00e3o participar, \u00e9 n\u00e3o se comprometer. N\u00e3o existe amor sem riscos, n\u00e3o existe evangelho sem cruz\u201d<\/a><\/p>\n<p>&nbsp;<\/p>\n<p><strong>ACONTECEU COMIGO<\/strong> \u2013 <em>N\u00e3o sei como \u00e9 que foi, s\u00f3 sei que foi assim!<\/em>, por Hamilton Gomes<br \/>\n<a href=\"http:\/\/bit.ly\/399-testemunho\" target=\"_blank\" rel=\"noopener\">Vers\u00e3o ampliada de \u201cN\u00e3o sei como \u00e9 que foi, s\u00f3 sei que foi assim\u201d<\/a><\/p>\n","protected":false},"excerpt":{"rendered":"<p>Ultimato oferece muito mais conte\u00fado para o leitor aprofundar-se nos assuntos de cada se\u00e7\u00e3o da revista. Nesta postagem voc\u00ea pode conhecer todo o conte\u00fado extra que foi divulgado na edi\u00e7\u00e3o de Janeiro\/Fevereiro\u00a0de\u00a0Ultimato. Aproveite!<\/p>\n","protected":false},"author":21,"featured_media":0,"comment_status":"open","ping_status":"open","sticky":false,"template":"","format":"standard","meta":{"ngg_post_thumbnail":0,"footnotes":""},"categories":[5153],"tags":[5953],"class_list":["post-16524","post","type-post","status-publish","format-standard","hentry","category-prateleira","tag-revista-ultimato"],"_links":{"self":[{"href":"https:\/\/ultimato.com.br\/sites\/blogdaultimato\/wp-json\/wp\/v2\/posts\/16524","targetHints":{"allow":["GET"]}}],"collection":[{"href":"https:\/\/ultimato.com.br\/sites\/blogdaultimato\/wp-json\/wp\/v2\/posts"}],"about":[{"href":"https:\/\/ultimato.com.br\/sites\/blogdaultimato\/wp-json\/wp\/v2\/types\/post"}],"author":[{"embeddable":true,"href":"https:\/\/ultimato.com.br\/sites\/blogdaultimato\/wp-json\/wp\/v2\/users\/21"}],"replies":[{"embeddable":true,"href":"https:\/\/ultimato.com.br\/sites\/blogdaultimato\/wp-json\/wp\/v2\/comments?post=16524"}],"version-history":[{"count":5,"href":"https:\/\/ultimato.com.br\/sites\/blogdaultimato\/wp-json\/wp\/v2\/posts\/16524\/revisions"}],"predecessor-version":[{"id":16932,"href":"https:\/\/ultimato.com.br\/sites\/blogdaultimato\/wp-json\/wp\/v2\/posts\/16524\/revisions\/16932"}],"wp:attachment":[{"href":"https:\/\/ultimato.com.br\/sites\/blogdaultimato\/wp-json\/wp\/v2\/media?parent=16524"}],"wp:term":[{"taxonomy":"category","embeddable":true,"href":"https:\/\/ultimato.com.br\/sites\/blogdaultimato\/wp-json\/wp\/v2\/categories?post=16524"},{"taxonomy":"post_tag","embeddable":true,"href":"https:\/\/ultimato.com.br\/sites\/blogdaultimato\/wp-json\/wp\/v2\/tags?post=16524"}],"curies":[{"name":"wp","href":"https:\/\/api.w.org\/{rel}","templated":true}]}}