{"id":16503,"date":"2022-09-23T14:33:04","date_gmt":"2022-09-23T16:33:04","guid":{"rendered":"https:\/\/ultimato.com.br\/sites\/blogdaultimato\/?p=16503"},"modified":"2025-06-24T21:56:29","modified_gmt":"2025-06-24T23:56:29","slug":"a-um-clique-conteudo-extra-da-edicao-398-de-ultimato","status":"publish","type":"post","link":"https:\/\/ultimato.com.br\/sites\/blogdaultimato\/2022\/09\/23\/a-um-clique-conteudo-extra-da-edicao-398-de-ultimato\/","title":{"rendered":"A um clique: conte\u00fado extra da edi\u00e7\u00e3o 398 de Ultimato"},"content":{"rendered":"<p><strong><a href=\"https:\/\/www.ultimato.com.br\/revista\/\"><img loading=\"lazy\" decoding=\"async\" class=\"alignright wp-image-16518 size-full\" src=\"https:\/\/ultimato.com.br\/sites\/blogdaultimato\/files\/2022\/09\/show_img.jpg\" alt=\"\" width=\"160\" height=\"208\"><\/a>Leia mais do que foi oferecido na edi\u00e7\u00e3o de <a href=\"https:\/\/www.ultimato.com.br\/revista\/397\">Novembro\/Dezembro<\/a> de Ultimato<\/strong><\/p>\n<p>Ultimato oferece muito mais conte\u00fado para o leitor aprofundar-se nos assuntos de cada se\u00e7\u00e3o da revista. Nesta postagem voc\u00ea pode conhecer todo o conte\u00fado extra que foi divulgado na edi\u00e7\u00e3o de <strong><a href=\"https:\/\/www.ultimato.com.br\/revista\/397\">Novembro\/Dezembro<\/a><\/strong>&nbsp;de&nbsp;<strong>Ultimato<\/strong>. Aproveite!<\/p>\n<p>&nbsp;<\/p>\n<p><strong>ABERTURA<\/strong> \u2013 <em>Surpresa absoluta<\/em>, por Elben C\u00e9sar<br \/>\n<a href=\"http:\/\/ultimato.com.br\/sites\/elbencesar\" target=\"_blank\" rel=\"noopener noreferrer\">Legado Elben C\u00e9sar<\/a><\/p>\n<p>&nbsp;<\/p>\n<p><strong>PASTORAIS<\/strong> \u2013 <em>\u00c9 preciso come\u00e7ar bem e acabar bem<\/em>, por D\u00e9lnia Bastos<br \/>\n<a href=\"http:\/\/bit.ly\/398-caminhos-missao\" target=\"_blank\" rel=\"noopener\">A gera\u00e7\u00e3o seguinte \u00e9 sempre um campo mission\u00e1rio<\/a><\/p>\n<p>&nbsp;<\/p>\n<p><strong>MAIS DO QUE NOT\u00cdCIAS<\/strong> \u2013 <em>Lamento. Luiz Fernando dos Santos (1970-2022)<\/em>, da reda\u00e7\u00e3o<br \/>\n<a href=\"http:\/\/bit.ly\/398-luiz-fernando\" target=\"_blank\" rel=\"noopener\">Sele\u00e7\u00e3o de artigos do pastor Luiz Fernando publicados em Ultimatoonline<\/a><\/p>\n<p>&nbsp;<\/p>\n<p><strong>MAIS DO QUE NOT\u00cdCIAS<\/strong> \u2013 <em>Morre Irm\u00e3o Andr\u00e9, o \u201ccontrabandista de Deus\u201d<\/em>, da reda\u00e7\u00e3o<br \/>\n<a href=\"http:\/\/bit.ly\/398-irmao-andre\" target=\"_blank\" rel=\"noopener\">O mundo perde um gigante na f\u00e9<\/a><\/p>\n<p>&nbsp;<\/p>\n<p><strong>MAIS DO QUE NOT\u00cdCIAS<\/strong> \u2013 <em>Ajudar ou ser ajudado?<\/em>, da reda\u00e7\u00e3o<br \/>\n<a href=\"http:\/\/bit.ly\/398-ajudar\" target=\"_blank\" rel=\"noopener\">Por que a carga est\u00e1 pesada?<\/a><\/p>\n<p>&nbsp;<\/p>\n<p><strong>CAPA<\/strong> \u2013 <em>Sabedoria e justi\u00e7a em Prov\u00e9rbios<\/em>, por Cacau Marques<br \/>\n<a href=\"http:\/\/bit.ly\/398-mais-sabedoria\" target=\"_blank\" rel=\"noopener\">No portal Ultimatoonline voc\u00ea encontra artigos e devocionais sobre sabedoria<\/a><\/p>\n<p>&nbsp;<\/p>\n<p><strong>O CAMINHO DO CORA\u00c7\u00c3O<\/strong> &#8211; <em>Tesouro em vasos de barro<\/em>, por Ricardo Barbosa de Sousa<br \/>\n<a title=\"O poder da fraqueza\" href=\"http:\/\/bit.ly\/398-caminho-coracao\" target=\"_blank\" rel=\"noopener\">Estudo b\u00edblico \u201cO poder da fraqueza\u201d<\/a><\/p>\n<p>&nbsp;<\/p>\n<p><strong>SESSENTA+<\/strong> &#8211; <em>Voca\u00e7\u00e3o n\u00e3o tem aposentadoria<\/em>, por Analzira Pereira do Nascimento<br \/>\n<a title=\"Experi\u00eancia e Esperan\u00e7a na Velhice (E-BOOK)\" href=\"http:\/\/bit.ly\/398-sessenta-ebook\" target=\"_blank\" rel=\"noopener\">E-book \u201cExperi\u00eancia e Esperan\u00e7a na Velhice\u201d<\/a><br \/>\n<a title=\"Preparando-me para envelhecer\" href=\"http:\/\/bit.ly\/398-sessenta-eb\" target=\"_blank\" rel=\"noopener\">S\u00e9rie de estudos b\u00edblicos \u201cConversando sobre o futuro\u201d<\/a><\/p>\n<p>&nbsp;<\/p>\n<p><strong>FAM\u00cdLIA<\/strong> \u2013 <em>Mulher s\u00e1bia<\/em>, por Carlos \u201cCatito\u201d e Dagmar Grzybowski<br \/>\n<a title=\"MULHERES DE VALOR\" href=\"http:\/\/bit.ly\/398-familia\" target=\"_blank\" rel=\"noopener\">Mulheres de valor<\/a><\/p>\n<p>&nbsp;<\/p>\n<p><strong>REDESCOBRINDO A PALAVRA DE DEUS<\/strong> &#8211; <em>\u201cAbram sua casa de bom grado\u201d<\/em>, por Valdir Steuernagel<br \/>\n<a href=\"http:\/\/bit.ly\/398-redescobrindo\" target=\"_blank\" rel=\"noopener\">Entre dores e amores: comunh\u00e3o na comunidade<\/a><\/p>\n<p>&nbsp;<\/p>\n<p><strong>REFLEX\u00c3O<\/strong> \u2013 <em>Cultivando o jardim digital<\/em>, por Kaiky Fernandez<br \/>\n<a href=\"http:\/\/bit.ly\/398-reflexao\" target=\"_blank\" rel=\"noopener\">Live \u201cInfluencers crist\u00e3os: um jeito novo de fazer miss\u00e3o\u201d<\/a><\/p>\n<p>&nbsp;<\/p>\n<p><strong>REPORTAGEM<\/strong> \u2013 <em>O jornalista crist\u00e3o: realidade e esperan\u00e7a<\/em>, por Liss\u00e2nder Dias<br \/>\n<a href=\"http:\/\/bit.ly\/398-jornalistas-mais\" target=\"_blank\" rel=\"noopener\">Vers\u00e3o ampliada da reportagem \u201cO jornalista crist\u00e3o: realidade e esperan\u00e7a\u201d<\/a><br \/>\n<a href=\"http:\/\/bit.ly\/398-reportagem-live\" target=\"_blank\" rel=\"noopener\">Live \u201cEntre o realismo e a esperan\u00e7a\u201d, de Di\u00e1logos de Esperan\u00e7a<\/a><br \/>\n<a href=\"http:\/\/bit.ly\/398-jornalismo\" target=\"_blank\" rel=\"noopener\">A sagrada responsabilidade do jornalismo, de Jenny Taylor<\/a><\/p>\n<p>&nbsp;<\/p>\n<p><strong>OPINI\u00c3O<\/strong> \u2013 <em>Transcend\u00eancia e teologia<\/em>, por Br\u00e1ulia Ribeiro<br \/>\n<a href=\"http:\/\/bit.ly\/398-opiniao-transcendencia\" target=\"_blank\" rel=\"noopener\">A transcend\u00eancia e a minha f\u00e9<\/a><\/p>\n<p>&nbsp;<\/p>\n<p><strong>HIST\u00d3RIA<\/strong> \u2013 <em>Deus salve a rainha!<\/em>, por Alderi Souza de Matos<br \/>\n<a href=\"http:\/\/bit.ly\/398-historia\" target=\"_blank\" rel=\"noopener\">Para que n\u00e3o sejam esquecidas<\/a><\/p>\n<p>&nbsp;<\/p>\n<p><strong>OPINI\u00c3O<\/strong> \u2013 <em>O evangelho e o outro evangelho<\/em>, por Ed Ren\u00e9 Kivitz<br \/>\n<a href=\"http:\/\/bit.ly\/398-opiniao\" target=\"_blank\" rel=\"noopener\">A Verdade e as verdades<\/a><\/p>\n<p>&nbsp;<\/p>\n<p><strong>\u00c9TICA<\/strong> &#8211; <em>Defender a democracia: um dever evang\u00e9lico baseado na hist\u00f3ria e na B\u00edblia<\/em>, por Paul Freston<br \/>\n<a href=\"http:\/\/bit.ly\/2-etica\" target=\"_blank\" rel=\"noopener\">A tenta\u00e7\u00e3o de n\u00e3o amar quem discorda de minhas opini\u00f5es<\/a><\/p>\n<p>&nbsp;<\/p>\n<p><strong>LITERATURA E CULTURA<\/strong> \u2013 <em>Dietrich Bonhoeffer e seu encontro com a literatura<\/em>, por Gladir Cabral<br \/>\n<a href=\"https:\/\/www.youtube.com\/watch?v=fKQXMfzMOAE\" target=\"_blank\" rel=\"noopener\">Can\u00e7\u00e3o: \u201cResist\u00eancia ou Submiss\u00e3o\u201d, de Gladir Cabral<\/a><br \/>\n<a href=\"http:\/\/bit.ly\/398-bonhoeffer-para-todos\" target=\"_blank\" rel=\"noopener\">Livro: \u201cBonhoeffer para Todos\u201d<\/a><\/p>\n<p>&nbsp;<\/p>\n<p><strong>ACONTECEU COMIGO<\/strong> \u2013 <em>Encontrei o sentido da vida ao conhecer Deus<\/em>, por T\u00e1bata Mori<br \/>\n<a href=\"http:\/\/bit.ly\/398-testemunho\" target=\"_blank\" rel=\"noopener\">Minha confiss\u00e3o p\u00fablica de f\u00e9 foi feita num retiro de jovens cat\u00f3licos<\/a><\/p>\n<p>&nbsp;<\/p>\n<p><strong>PONTO FINAL<\/strong> \u2013 <em>O Natal que fecha o velho e abre o novo<\/em>, por Rubem Amorese<br \/>\n<a href=\"http:\/\/bit.ly\/398-ponto-final-eb\" target=\"_blank\" rel=\"noopener\">Estudo b\u00edblico: \u201cNatal: o dia em que o c\u00e9u invadiu a hist\u00f3ria\u201d<\/a><br \/>\n<a href=\"http:\/\/bit.ly\/398-ponto-final-ebook\" target=\"_blank\" rel=\"noopener\">E-book: O Menino e o Reino &#8211; medita\u00e7\u00f5es para o Natal<\/a><\/p>\n","protected":false},"excerpt":{"rendered":"<p>Leia mais do que foi oferecido na edi\u00e7\u00e3o de Novembro\/Dezembro de Ultimato<br \/>\nUltimato oferece muito mais conte\u00fado para o leitor aprofundar-se nos assuntos de cada se\u00e7\u00e3o da revista. Nesta postagem voc\u00ea pode conhecer todo o conte\u00fado extra que foi divulgado na edi\u00e7\u00e3o de Novembro\/Dezembro&nbsp;de&nbsp;Ultimato. Aproveite!<br \/>\n&nbsp;<br \/>\nABERTURA \u2013 Surpresa absoluta, por Elben C\u00e9sar<br \/>\nLegado Elben C\u00e9sar<br \/>\n&nbsp;<br \/>\nPASTORAIS \u2013 \u00c9 preciso [&#8230;]<\/p>\n","protected":false},"author":21,"featured_media":0,"comment_status":"open","ping_status":"open","sticky":false,"template":"","format":"standard","meta":{"ngg_post_thumbnail":0,"footnotes":""},"categories":[5153],"tags":[5953],"class_list":["post-16503","post","type-post","status-publish","format-standard","hentry","category-prateleira","tag-revista-ultimato"],"_links":{"self":[{"href":"https:\/\/ultimato.com.br\/sites\/blogdaultimato\/wp-json\/wp\/v2\/posts\/16503","targetHints":{"allow":["GET"]}}],"collection":[{"href":"https:\/\/ultimato.com.br\/sites\/blogdaultimato\/wp-json\/wp\/v2\/posts"}],"about":[{"href":"https:\/\/ultimato.com.br\/sites\/blogdaultimato\/wp-json\/wp\/v2\/types\/post"}],"author":[{"embeddable":true,"href":"https:\/\/ultimato.com.br\/sites\/blogdaultimato\/wp-json\/wp\/v2\/users\/21"}],"replies":[{"embeddable":true,"href":"https:\/\/ultimato.com.br\/sites\/blogdaultimato\/wp-json\/wp\/v2\/comments?post=16503"}],"version-history":[{"count":3,"href":"https:\/\/ultimato.com.br\/sites\/blogdaultimato\/wp-json\/wp\/v2\/posts\/16503\/revisions"}],"predecessor-version":[{"id":16519,"href":"https:\/\/ultimato.com.br\/sites\/blogdaultimato\/wp-json\/wp\/v2\/posts\/16503\/revisions\/16519"}],"wp:attachment":[{"href":"https:\/\/ultimato.com.br\/sites\/blogdaultimato\/wp-json\/wp\/v2\/media?parent=16503"}],"wp:term":[{"taxonomy":"category","embeddable":true,"href":"https:\/\/ultimato.com.br\/sites\/blogdaultimato\/wp-json\/wp\/v2\/categories?post=16503"},{"taxonomy":"post_tag","embeddable":true,"href":"https:\/\/ultimato.com.br\/sites\/blogdaultimato\/wp-json\/wp\/v2\/tags?post=16503"}],"curies":[{"name":"wp","href":"https:\/\/api.w.org\/{rel}","templated":true}]}}