{"id":16456,"date":"2022-07-29T10:51:49","date_gmt":"2022-07-29T12:51:49","guid":{"rendered":"https:\/\/ultimato.com.br\/sites\/blogdaultimato\/?p=16456"},"modified":"2025-06-24T21:57:10","modified_gmt":"2025-06-24T23:57:10","slug":"397-clique","status":"publish","type":"post","link":"https:\/\/ultimato.com.br\/sites\/blogdaultimato\/2022\/07\/29\/397-clique\/","title":{"rendered":"A um clique: conte\u00fado extra da edi\u00e7\u00e3o 397 de Ultimato"},"content":{"rendered":"<p><strong><a href=\"https:\/\/www.ultimato.com.br\/revista\/397\"><img loading=\"lazy\" decoding=\"async\" class=\"alignright wp-image-16496\" src=\"https:\/\/ultimato.com.br\/sites\/blogdaultimato\/files\/2022\/07\/show_img.jpg\" alt=\"\" width=\"155\" height=\"203\"><\/a>Leia mais do que foi oferecido na edi\u00e7\u00e3o de <a href=\"https:\/\/www.ultimato.com.br\/revista\/397\">Setembro\/Outubro<\/a> de Ultimato<\/strong><\/p>\n<p>Ultimato oferece muito mais conte\u00fado para o leitor aprofundar-se nos assuntos de cada se\u00e7\u00e3o da revista. Nesta postagem voc\u00ea pode conhecer todo o conte\u00fado extra que foi divulgado na edi\u00e7\u00e3o de <strong><a href=\"https:\/\/www.ultimato.com.br\/revista\/397\">Setembro\/Outubro<\/a><\/strong>&nbsp;de&nbsp;<strong>Ultimato<\/strong>. Aproveite!<\/p>\n<p>&nbsp;<\/p>\n<p><strong>ABERTURA<\/strong> \u2013 <em>Surpresa absoluta<\/em>, por Elben C\u00e9sar<br \/>\n<a href=\"http:\/\/ultimato.com.br\/sites\/elbencesar\" target=\"_blank\" rel=\"noopener noreferrer\">Legado Elben C\u00e9sar<\/a><\/p>\n<p>&nbsp;<\/p>\n<p><strong>PASTORAIS<\/strong> \u2013 <em>Quem teme a Deus sabe o seu lugar e o lugar de Deus<\/em>, por Jonathan Sim\u00f5es Freitas<br \/>\n<a href=\"http:\/\/bit.ly\/397-pastorais\" target=\"_blank\" rel=\"noopener\">Cora\u00e7\u00e3o compungido e contrito<\/a><\/p>\n<p>&nbsp;<\/p>\n<p><strong>MAIS DO QUE NOT\u00cdCIAS<\/strong> \u2013 <em>Ousadia e humildade que levam \u00e0 justi\u00e7a<\/em>, da reda\u00e7\u00e3o<br \/>\n<a href=\"https:\/\/www.ultimato.com.br\/conteudo\/a-inquietante-trajetoria-de-ron-sider\" target=\"_blank\" rel=\"noopener\">A inquietante trajet\u00f3ria de Ronald Sider<\/a><\/p>\n<p>&nbsp;<\/p>\n<p><strong>CAPA<\/strong> \u2013 <em>Para que todos sejam um \u2013 a unidade da igreja \u00e9 poss\u00edvel?<\/em>, da reda\u00e7\u00e3o<br \/>\n<a href=\"http:\/\/bit.ly\/397-mais-unidade\" target=\"_blank\" rel=\"noopener\">No portal Ultimatoonline voc\u00ea encontra artigos, devocionais, estudos b\u00edblicos, can\u00e7\u00f5es, ora\u00e7\u00f5es e frases sobre unidade<\/a><\/p>\n<p>&nbsp;<\/p>\n<p><strong>O CAMINHO DO CORA\u00c7\u00c3O<\/strong> &#8211; <em>Aceitaremos a tirania secularista?<\/em>, por Ricardo Barbosa de Sousa<br \/>\n<a href=\"http:\/\/bit.ly\/397-caminho-coracao\" target=\"_blank\" rel=\"noopener\">Dez anos da morte de Robinson Cavalcanti (1944-2012)<\/a><\/p>\n<p>&nbsp;<\/p>\n<p><strong>SESSENTA+<\/strong> &#8211; <em>Quero encerrar a carreira em servi\u00e7o<\/em>, por John Philip Medcraft<br \/>\n<a href=\"http:\/\/bit.ly\/397-sessenta\" target=\"_blank\" rel=\"noopener\">Crian\u00e7as pela cria\u00e7\u00e3o!<\/a><\/p>\n<p>&nbsp;<\/p>\n<p><strong>FAM\u00cdLIA<\/strong> \u2013 <em>Sentir-se jovem!<\/em>, por Carlos \u201cCatito\u201d e Dagmar Grzybowski<br \/>\n<a href=\"http:\/\/bit.ly\/397-familia\" target=\"_blank\" rel=\"noopener\">Envelhecimento saud\u00e1vel<\/a><br \/>\nLive&nbsp;<a href=\"http:\/\/bit.ly\/397-familia-live\" target=\"_blank\" rel=\"noopener\">\u201cA pandemia mostrou os idosos\u201d<\/a><\/p>\n<p>&nbsp;<\/p>\n<p><strong>CAMINHOS DA MISS\u00c3O<\/strong> \u2013 <em>Verdades que n\u00e3o podemos ignorar<\/em>, por Antonia Leonora van der Meer<br \/>\n<a href=\"http:\/\/bit.ly\/397-caminhos-missao\" target=\"_blank\" rel=\"noopener\">Como surgiu a Associa\u00e7\u00e3o de Miss\u00f5es Transculturais Brasileiras?<\/a><\/p>\n<p>&nbsp;<\/p>\n<p><strong>REFLEX\u00c3O<\/strong> \u2013 <em>Sobre a fragilidade da vida e a Esperan\u00e7a inabal\u00e1vel<\/em>, por D\u00e9bora Blair Marucci<br \/>\n<a href=\"http:\/\/bit.ly\/397-reflexao\" target=\"_blank\" rel=\"noopener\">Literatura fant\u00e1stica crist\u00e3<\/a><\/p>\n<p>&nbsp;<\/p>\n<p><strong>REPORTAGEM<\/strong> \u2013 <em>Abuso sexual: na minha igreja, n\u00e3o!<\/em>, por Phelipe Reis<br \/>\n<a href=\"http:\/\/bit.ly\/397-reportagem\" target=\"_blank\" rel=\"noopener\">Live \u201cViol\u00eancia sexual contra a mulher no contexto da igreja\u201d, de Di\u00e1logos de Esperan\u00e7a<\/a><br \/>\n<a href=\"http:\/\/bit.ly\/397-reportagem-mais\" target=\"_blank\" rel=\"noopener\">Vers\u00e3o ampliada de \u201cAbuso sexual: na minha igreja, n\u00e3o!\u201d<\/a><\/p>\n<p>&nbsp;<\/p>\n<p><strong>OPINI\u00c3O<\/strong> \u2013 <em>Para n\u00e3o repetir a hist\u00f3ria<\/em>, por Ed Ren\u00e9 Kivitz<br \/>\n<a href=\"http:\/\/bit.ly\/397-opiniao\" target=\"_blank\" rel=\"noopener\">A Igreja de Jesus Cristo e a igreja evang\u00e9lica brasileira<\/a><\/p>\n<p>&nbsp;<\/p>\n<p><strong>HIST\u00d3RIA<\/strong>&nbsp;\u2013 <em>R\u00fassia x Ucr\u00e2nia: conflito no mundo ortodoxo<\/em>, por Alderi Souza de Matos<br \/>\n<a href=\"http:\/\/bit.ly\/397-historia\" target=\"_blank\" rel=\"noopener\">Religi\u00f5es em crise<\/a><\/p>\n<p>&nbsp;<\/p>\n<p><strong>OPINI\u00c3O<\/strong> \u2013 <em>A transcend\u00eancia e a minha f\u00e9<\/em>, por Br\u00e1ulia Ribeiro<br \/>\n<a href=\"http:\/\/bit.ly\/397-opiniao-transcendencia\" target=\"_blank\" rel=\"noopener\">A transcend\u00eancia do eu<\/a><\/p>\n<p>&nbsp;<\/p>\n<p><strong>\u00c9TICA<\/strong> &#8211; <em>Bem e mal, amor e \u00f3dio: O discernimento na teologia e na vida crist\u00e3<\/em>, por Paul Freston<br \/>\n<a href=\"http:\/\/bit.ly\/397-etica\" target=\"_blank\" rel=\"noopener\">A espiritualidade em tempos de afli\u00e7\u00e3o: a sabedoria de Marcos, o Asceta<\/a><\/p>\n<p>&nbsp;<\/p>\n<p><strong>LITERATURA E CULTURA<\/strong> \u2013 <em>Torto Arado, de Itamar Vieira Junior<\/em>, por Gladir Cabral<br \/>\n<a href=\"http:\/\/bit.ly\/397-literatura\" target=\"_blank\" rel=\"noopener\">A B\u00edblia e a luta contra o racismo hoje<\/a><\/p>\n<p>&nbsp;<\/p>\n<p><strong>ACONTECEU COMIGO<\/strong> \u2013 <em>O surpreendente amor de Deus<\/em>, por Bob Lopes<br \/>\n<a href=\"http:\/\/bit.ly\/397-testemunho\" target=\"_blank\" rel=\"noopener\">Perplexidade pela gratuidade da f\u00e9<\/a><\/p>\n<p>&nbsp;<\/p>\n<p><strong>PONTO FINAL<\/strong> \u2013 <em>MUB! Sugest\u00f5es pastorais para uma igreja politicamente polarizada<\/em>, por Rubem Amorese<br \/>\n<a href=\"http:\/\/bit.ly\/397-ponto-final\" target=\"_blank\" rel=\"noopener\">A par\u00e1bola do porco-espinho<\/a><\/p>\n","protected":false},"excerpt":{"rendered":"<p>Leia mais do que foi oferecido na edi\u00e7\u00e3o de Setembro\/Outubro de Ultimato<br \/>\nUltimato oferece muito mais conte\u00fado para o leitor aprofundar-se nos assuntos de cada se\u00e7\u00e3o da revista. Nesta postagem voc\u00ea pode conhecer todo o conte\u00fado extra que foi divulgado na edi\u00e7\u00e3o de Setembro\/Outubro&nbsp;de&nbsp;Ultimato. Aproveite!<br \/>\n&nbsp;<br \/>\nABERTURA \u2013 Surpresa absoluta, por Elben C\u00e9sar<br \/>\nLegado Elben C\u00e9sar<br \/>\n&nbsp;<br \/>\nPASTORAIS \u2013 Quem teme [&#8230;]<\/p>\n","protected":false},"author":21,"featured_media":0,"comment_status":"open","ping_status":"open","sticky":false,"template":"","format":"standard","meta":{"ngg_post_thumbnail":0,"footnotes":""},"categories":[5153],"tags":[5953],"class_list":["post-16456","post","type-post","status-publish","format-standard","hentry","category-prateleira","tag-revista-ultimato"],"_links":{"self":[{"href":"https:\/\/ultimato.com.br\/sites\/blogdaultimato\/wp-json\/wp\/v2\/posts\/16456","targetHints":{"allow":["GET"]}}],"collection":[{"href":"https:\/\/ultimato.com.br\/sites\/blogdaultimato\/wp-json\/wp\/v2\/posts"}],"about":[{"href":"https:\/\/ultimato.com.br\/sites\/blogdaultimato\/wp-json\/wp\/v2\/types\/post"}],"author":[{"embeddable":true,"href":"https:\/\/ultimato.com.br\/sites\/blogdaultimato\/wp-json\/wp\/v2\/users\/21"}],"replies":[{"embeddable":true,"href":"https:\/\/ultimato.com.br\/sites\/blogdaultimato\/wp-json\/wp\/v2\/comments?post=16456"}],"version-history":[{"count":7,"href":"https:\/\/ultimato.com.br\/sites\/blogdaultimato\/wp-json\/wp\/v2\/posts\/16456\/revisions"}],"predecessor-version":[{"id":16498,"href":"https:\/\/ultimato.com.br\/sites\/blogdaultimato\/wp-json\/wp\/v2\/posts\/16456\/revisions\/16498"}],"wp:attachment":[{"href":"https:\/\/ultimato.com.br\/sites\/blogdaultimato\/wp-json\/wp\/v2\/media?parent=16456"}],"wp:term":[{"taxonomy":"category","embeddable":true,"href":"https:\/\/ultimato.com.br\/sites\/blogdaultimato\/wp-json\/wp\/v2\/categories?post=16456"},{"taxonomy":"post_tag","embeddable":true,"href":"https:\/\/ultimato.com.br\/sites\/blogdaultimato\/wp-json\/wp\/v2\/tags?post=16456"}],"curies":[{"name":"wp","href":"https:\/\/api.w.org\/{rel}","templated":true}]}}