{"id":16422,"date":"2022-07-11T17:05:41","date_gmt":"2022-07-11T19:05:41","guid":{"rendered":"https:\/\/ultimato.com.br\/sites\/blogdaultimato\/?p=16422"},"modified":"2022-07-22T09:34:34","modified_gmt":"2022-07-22T11:34:34","slug":"ha-45-anos-lausanne-1-nao-tinha-acontecido-e-rtm-transmitia-seus-programas-em-portugues-a-partir-de-bonaire","status":"publish","type":"post","link":"https:\/\/ultimato.com.br\/sites\/blogdaultimato\/2022\/07\/11\/ha-45-anos-lausanne-1-nao-tinha-acontecido-e-rtm-transmitia-seus-programas-em-portugues-a-partir-de-bonaire\/","title":{"rendered":"H\u00e1 45 anos &#8211; Lausanne 1 n\u00e3o tinha acontecido e RTM transmitia seus programas em portugu\u00eas a partir de Bonaire"},"content":{"rendered":"<p><em>Por Ultimatoonline<\/em><\/p>\n<p>Como parte do projeto <a href=\"https:\/\/www.ultimato.com.br\/conteudo\/legado-louvor-grupo-quer-celebrar-a-riqueza-do-evangelho-dos-anos-60-ao-ano-2000\">Legado &amp; Louvor<\/a>, Ultimato divulga mais uma mat\u00e9ria noticiosa, originalmente publicada numa edi\u00e7\u00e3o de 1973 do ent\u00e3o Jornal Ultimato. Nela, lemos a not\u00edcia do primeiro Congresso de Lausanne a ser realizado no ano seguinte, que veio a produzir o importante <a href=\"https:\/\/www.ultimato.com.br\/pagina\/pacto-de-lausanne\">Pacto de Lausanne<\/a>. Atualmente o <a href=\"https:\/\/www.ultimato.com.br\/conteudo\/lausanne-3\/197\">quarto Congresso de Lausanne<\/a>, que vai acontecer em Seul, Coreia, est\u00e1 sendo organizado.<\/p>\n<p>A not\u00edcia tamb\u00e9m comenta os 15 anos da R\u00e1dio Trans Mundial e fala das atividades da RTM no Brasil que, em 2020, <a href=\"https:\/\/www.ultimato.com.br\/conteudo\/radio-trans-mundial-celebra-50-anos-de-atividade-no-brasil\">comemorou seus 50 anos de atividade.<\/a><\/p>\n<p>\u201cCongresso de Lausanne &#8211; Cento e quarenta e dois dirigentes evang\u00e9licos, procedentes de uma grande variedade de tradi\u00e7\u00f5es e de todos os rinc\u00f5es da terra, deram seu apoio ao pr\u00f3ximo Congresso Internacional para a Evangeliza\u00e7\u00e3o do Mundo, a realizar-se em Lausanne, Su\u00ed\u00e7a, de 16 a 25 de julho de 1974. Todos os signat\u00e1rios do documento declaram seu desejo \u2018de ser fi\u00e9is ao Evangelho de Jesus Cristo e \u00e0 teologia evang\u00e9lica hist\u00f3rica, revelada nas Escrituras, confessada pela Igreja atrav\u00e9s dos s\u00e9culos, reafirmada em Berlim em 1966 e por congressos de Evangeliza\u00e7\u00e3o posteriores em Singapura, Bogot\u00e1, Amsterdam e outras cidades\u2019.\u201d<\/p>\n<p>\u201cR\u00e1dio Trans Mundial &#8211; Fundada h\u00e1 15 anos pelo Dr. Paul E. Freed, a R\u00e1dio Trans Mundial \u00e9 hoje a maior organiza\u00e7\u00e3o evang\u00e9lica de r\u00e1dio em todo o mundo. Os programas s\u00e3o irradiados em mais de 30 l\u00ednguas e alcan\u00e7am cerca de 200 pa\u00edses, ilhas e territ\u00f3rios. A R\u00e1dio Trans Mundial do Brasil (RTM-B) \u00e9 a entidade brasileira que participa da miss\u00e3o internacional da organiza\u00e7\u00e3o. Produz os programas em portugu\u00eas que s\u00e3o transmitidos pela esta\u00e7\u00e3o em Bonaire e atende a correspond\u00eancia de seus ouvintes no Brasil (em m\u00e9dia 1.300 cartas por m\u00eas).\u201d<\/p>\n<p>Leia as not\u00edcias na \u00edntegra abaixo.<\/p>\n<p><a href=\"https:\/\/ultimato.com.br\/sites\/blogdaultimato\/files\/2022\/07\/blog_12-7-22_legado.jpg\" class=\"lightview\" data-lightview-group=\"group-16422\" data-lightview-options=\"skin: 'dark', controls: 'relative', padding: '10', shadow: { color: '#000000', opacity: 0.08, blur: 3 }\"><img loading=\"lazy\" decoding=\"async\" class=\"size-full wp-image-16423 aligncenter\" src=\"https:\/\/ultimato.com.br\/sites\/blogdaultimato\/files\/2022\/07\/blog_12-7-22_legado.jpg\" alt=\"\" width=\"750\" height=\"1016\" srcset=\"https:\/\/ultimato.com.br\/sites\/blogdaultimato\/files\/2022\/07\/blog_12-7-22_legado.jpg 750w, https:\/\/ultimato.com.br\/sites\/blogdaultimato\/files\/2022\/07\/blog_12-7-22_legado-221x300.jpg 221w, https:\/\/ultimato.com.br\/sites\/blogdaultimato\/files\/2022\/07\/blog_12-7-22_legado-732x992.jpg 732w\" sizes=\"auto, (max-width: 750px) 100vw, 750px\" \/><\/a><\/p>\n<p><a href=\"https:\/\/ultimato.com.br\/sites\/blogdaultimato\/files\/2022\/07\/LegadoLouvor-Selo-1.png\" class=\"lightview\" data-lightview-group=\"group-16422\" data-lightview-options=\"skin: 'dark', controls: 'relative', padding: '10', shadow: { color: '#000000', opacity: 0.08, blur: 3 }\"><img loading=\"lazy\" decoding=\"async\" class=\"alignnone wp-image-16443\" src=\"https:\/\/ultimato.com.br\/sites\/blogdaultimato\/files\/2022\/07\/LegadoLouvor-Selo-1.png\" alt=\"\" width=\"290\" height=\"150\" srcset=\"https:\/\/ultimato.com.br\/sites\/blogdaultimato\/files\/2022\/07\/LegadoLouvor-Selo-1.png 1339w, https:\/\/ultimato.com.br\/sites\/blogdaultimato\/files\/2022\/07\/LegadoLouvor-Selo-1-300x155.png 300w, https:\/\/ultimato.com.br\/sites\/blogdaultimato\/files\/2022\/07\/LegadoLouvor-Selo-1-1024x529.png 1024w, https:\/\/ultimato.com.br\/sites\/blogdaultimato\/files\/2022\/07\/LegadoLouvor-Selo-1-768x397.png 768w, https:\/\/ultimato.com.br\/sites\/blogdaultimato\/files\/2022\/07\/LegadoLouvor-Selo-1-732x378.png 732w, https:\/\/ultimato.com.br\/sites\/blogdaultimato\/files\/2022\/07\/LegadoLouvor-Selo-1-1140x589.png 1140w\" sizes=\"auto, (max-width: 290px) 100vw, 290px\" \/><\/a><\/p>\n<p><strong>Saiba mais:<\/strong><\/p>\n<p>\u00bb <a href=\"https:\/\/www.ultimato.com.br\/conteudo\/legado-louvor-grupo-quer-celebrar-a-riqueza-do-evangelho-dos-anos-60-ao-ano-2000\">Legado &amp; Louvor &#8211; Grupo quer celebrar a riqueza do Evangelho dos anos 60 ao ano 2000<\/a><br \/>\n\u00bb <a href=\"https:\/\/ultimato.com.br\/sites\/blogdaultimato\/2022\/07\/05\/legado-louvor-celebra-a-historia-de-vencedores-por-cristo\/\">Legado &amp; Louvor celebra a hist\u00f3ria de Vencedores Por Cristo<\/a><\/p>\n","protected":false},"excerpt":{"rendered":"<p>Por Ultimatoonline<br \/>\nComo parte do projeto Legado &amp; Louvor, Ultimato divulga mais uma mat\u00e9ria noticiosa, originalmente publicada numa edi\u00e7\u00e3o de 1973 do ent\u00e3o Jornal Ultimato. Nela, lemos a not\u00edcia do primeiro Congresso de Lausanne a ser realizado no ano seguinte, que veio a produzir o importante Pacto de Lausanne. Atualmente o quarto Congresso de Lausanne, que [&#8230;]<\/p>\n","protected":false},"author":21,"featured_media":0,"comment_status":"open","ping_status":"open","sticky":false,"template":"","format":"standard","meta":{"ngg_post_thumbnail":0,"footnotes":""},"categories":[5153],"tags":[45735],"class_list":["post-16422","post","type-post","status-publish","format-standard","hentry","category-prateleira","tag-legadolouvor"],"_links":{"self":[{"href":"https:\/\/ultimato.com.br\/sites\/blogdaultimato\/wp-json\/wp\/v2\/posts\/16422","targetHints":{"allow":["GET"]}}],"collection":[{"href":"https:\/\/ultimato.com.br\/sites\/blogdaultimato\/wp-json\/wp\/v2\/posts"}],"about":[{"href":"https:\/\/ultimato.com.br\/sites\/blogdaultimato\/wp-json\/wp\/v2\/types\/post"}],"author":[{"embeddable":true,"href":"https:\/\/ultimato.com.br\/sites\/blogdaultimato\/wp-json\/wp\/v2\/users\/21"}],"replies":[{"embeddable":true,"href":"https:\/\/ultimato.com.br\/sites\/blogdaultimato\/wp-json\/wp\/v2\/comments?post=16422"}],"version-history":[{"count":6,"href":"https:\/\/ultimato.com.br\/sites\/blogdaultimato\/wp-json\/wp\/v2\/posts\/16422\/revisions"}],"predecessor-version":[{"id":16448,"href":"https:\/\/ultimato.com.br\/sites\/blogdaultimato\/wp-json\/wp\/v2\/posts\/16422\/revisions\/16448"}],"wp:attachment":[{"href":"https:\/\/ultimato.com.br\/sites\/blogdaultimato\/wp-json\/wp\/v2\/media?parent=16422"}],"wp:term":[{"taxonomy":"category","embeddable":true,"href":"https:\/\/ultimato.com.br\/sites\/blogdaultimato\/wp-json\/wp\/v2\/categories?post=16422"},{"taxonomy":"post_tag","embeddable":true,"href":"https:\/\/ultimato.com.br\/sites\/blogdaultimato\/wp-json\/wp\/v2\/tags?post=16422"}],"curies":[{"name":"wp","href":"https:\/\/api.w.org\/{rel}","templated":true}]}}