{"id":16408,"date":"2022-07-05T13:32:11","date_gmt":"2022-07-05T15:32:11","guid":{"rendered":"https:\/\/ultimato.com.br\/sites\/blogdaultimato\/?p=16408"},"modified":"2022-07-22T09:35:00","modified_gmt":"2022-07-22T11:35:00","slug":"legado-louvor-celebra-a-historia-de-vencedores-por-cristo","status":"publish","type":"post","link":"https:\/\/ultimato.com.br\/sites\/blogdaultimato\/2022\/07\/05\/legado-louvor-celebra-a-historia-de-vencedores-por-cristo\/","title":{"rendered":"Legado &#038; Louvor celebra a hist\u00f3ria de Vencedores Por Cristo"},"content":{"rendered":"<div class=\"gmail_default\"><em>Por Ultimatoonline<\/em>&nbsp;<\/div>\n<div>&nbsp;<\/div>\n<div class=\"gmail_default\">\n<p><strong><a href=\"https:\/\/www.ultimato.com.br\/conteudo\/legado-louvor-grupo-quer-celebrar-a-riqueza-do-evangelho-dos-anos-60-ao-ano-2000\" target=\"_blank\" rel=\"noopener\" data-saferedirecturl=\"https:\/\/www.google.com\/url?q=https:\/\/www.ultimato.com.br\/conteudo\/legado-louvor-grupo-quer-celebrar-a-riqueza-do-evangelho-dos-anos-60-ao-ano-2000&amp;source=gmail&amp;ust=1657106117508000&amp;usg=AOvVaw1uQwKwR5r0n2cgvpj1WbFR\">Legado &amp; Louvor<\/a>&nbsp;<\/strong>nasce como uma iniciativa de um grupo de irm\u00e3s e irm\u00e3os de diferentes gera\u00e7\u00f5es. Ultimato integra este grupo. Na introdu\u00e7\u00e3o do documento que baliza suas a\u00e7\u00f5es o grupo declara:<\/p>\n<div class=\"gmail_default\">&nbsp;<\/div>\n<div class=\"gmail_default\">\u201cTemos sido tocados por Deus para olhar com o cora\u00e7\u00e3o agradecido para a hist\u00f3ria do movimento evangelical brasileiro e reconhecer o mover do Esp\u00edrito de Deus na segunda metade do s\u00e9culo 20. Particularmente a partir dos anos 1960, testemunhamos o nascimento de diversos movimentos e organiza\u00e7\u00f5es onde, mediante a Gra\u00e7a, mulheres e homens puderam liderar a\u00e7\u00f5es missionais relevantes para o Reino de Deus&#8221;.<\/div>\n<div class=\"gmail_default\">&nbsp;<\/div>\n<div class=\"gmail_default\">Ultimato participa de Legado&amp;Louvor resgatando not\u00edcias e artigos publicados de 1960 a 2000 que divulgam importantes iniciativas, projetos e organiza\u00e7\u00f5es.<\/div>\n<div class=\"gmail_default\">&nbsp;<\/div>\n<div class=\"gmail_default\">Confira a seguir a mat\u00e9ria que divulgou o grupo&nbsp;<i>Vencedores Por Cristo<\/i>, publicada na edi\u00e7\u00e3o n\u00ba 9 (setembro de 1968) de&nbsp;<b>Ultimato<\/b>:<\/div>\n<\/div>\n<div class=\"gmail_default\"><a href=\"https:\/\/ultimato.com.br\/sites\/blogdaultimato\/files\/2022\/07\/blog_legado.jpg\" class=\"lightview\" data-lightview-group=\"group-16408\" data-lightview-options=\"skin: 'dark', controls: 'relative', padding: '10', shadow: { color: '#000000', opacity: 0.08, blur: 3 }\"><img loading=\"lazy\" decoding=\"async\" class=\"aligncenter wp-image-16409 size-large\" src=\"https:\/\/ultimato.com.br\/sites\/blogdaultimato\/files\/2022\/07\/blog_legado-725x1024.jpg\" alt=\"\" width=\"725\" height=\"1024\" srcset=\"https:\/\/ultimato.com.br\/sites\/blogdaultimato\/files\/2022\/07\/blog_legado-725x1024.jpg 725w, https:\/\/ultimato.com.br\/sites\/blogdaultimato\/files\/2022\/07\/blog_legado-212x300.jpg 212w, https:\/\/ultimato.com.br\/sites\/blogdaultimato\/files\/2022\/07\/blog_legado-732x1035.jpg 732w, https:\/\/ultimato.com.br\/sites\/blogdaultimato\/files\/2022\/07\/blog_legado.jpg 750w\" sizes=\"auto, (max-width: 725px) 100vw, 725px\" \/><\/a><\/div>\n<div class=\"gmail_default\">&nbsp;<\/div>\n<div class=\"gmail_default\">Legado &amp; Louvor promover\u00e1 um grande encontro de celebra\u00e7\u00e3o em setembro e voc\u00ea \u00e9 convidado.<\/div>\n<div class=\"gmail_default\">&nbsp;<\/div>\n<div class=\"gmail_default\"><strong>Legado &amp; Louvor &#8211; evento de celebra\u00e7\u00e3o<\/strong><br \/>\n<strong>Data<\/strong>: 3 de setembro, de 15 \u00e0s 18 horas<br \/>\n<strong>Local<\/strong>: Igreja Presbiteriana de Butant\u00e3, Av. Afr\u00e2nio Peixoto, 457, S\u00e3o Paulo, SP<br \/>\n<strong>Formato<\/strong>: h\u00edbrido [presencial e transmiss\u00e3o online]<br \/>\n<strong>Participa\u00e7\u00e3o gratuita<\/strong><br \/>\n<strong>Informa\u00e7\u00f5es<\/strong>:&nbsp;<a href=\"mailto:cartas@ultimato.com.br\" target=\"_blank\" rel=\"noopener\">cartas@ultimato.com.br<\/a><\/div>\n<div><a href=\"https:\/\/ultimato.com.br\/sites\/blogdaultimato\/files\/2022\/07\/LegadoLouvor-Selo-1.png\" class=\"lightview\" data-lightview-group=\"group-16408\" data-lightview-options=\"skin: 'dark', controls: 'relative', padding: '10', shadow: { color: '#000000', opacity: 0.08, blur: 3 }\"><img loading=\"lazy\" decoding=\"async\" class=\"alignleft wp-image-16443\" src=\"https:\/\/ultimato.com.br\/sites\/blogdaultimato\/files\/2022\/07\/LegadoLouvor-Selo-1.png\" alt=\"\" width=\"290\" height=\"150\" srcset=\"https:\/\/ultimato.com.br\/sites\/blogdaultimato\/files\/2022\/07\/LegadoLouvor-Selo-1.png 1339w, https:\/\/ultimato.com.br\/sites\/blogdaultimato\/files\/2022\/07\/LegadoLouvor-Selo-1-300x155.png 300w, https:\/\/ultimato.com.br\/sites\/blogdaultimato\/files\/2022\/07\/LegadoLouvor-Selo-1-1024x529.png 1024w, https:\/\/ultimato.com.br\/sites\/blogdaultimato\/files\/2022\/07\/LegadoLouvor-Selo-1-768x397.png 768w, https:\/\/ultimato.com.br\/sites\/blogdaultimato\/files\/2022\/07\/LegadoLouvor-Selo-1-732x378.png 732w, https:\/\/ultimato.com.br\/sites\/blogdaultimato\/files\/2022\/07\/LegadoLouvor-Selo-1-1140x589.png 1140w\" sizes=\"auto, (max-width: 290px) 100vw, 290px\" \/><\/a><\/div>\n","protected":false},"excerpt":{"rendered":"<p>Por Ultimatoonline&nbsp;<br \/>\n&nbsp;<\/p>\n<p>Legado &amp; Louvor&nbsp;nasce como uma iniciativa de um grupo de irm\u00e3s e irm\u00e3os de diferentes gera\u00e7\u00f5es. Ultimato integra este grupo. Na introdu\u00e7\u00e3o do documento que baliza suas a\u00e7\u00f5es o grupo declara:<br \/>\n&nbsp;<br \/>\n\u201cTemos sido tocados por Deus para olhar com o cora\u00e7\u00e3o agradecido para a hist\u00f3ria do movimento evangelical brasileiro e reconhecer o mover do Esp\u00edrito [&#8230;]<\/p>\n","protected":false},"author":21,"featured_media":0,"comment_status":"open","ping_status":"open","sticky":false,"template":"","format":"standard","meta":{"ngg_post_thumbnail":0,"footnotes":""},"categories":[45733,5153],"tags":[45733],"class_list":["post-16408","post","type-post","status-publish","format-standard","hentry","category-legado-louvor","category-prateleira","tag-legado-louvor"],"_links":{"self":[{"href":"https:\/\/ultimato.com.br\/sites\/blogdaultimato\/wp-json\/wp\/v2\/posts\/16408","targetHints":{"allow":["GET"]}}],"collection":[{"href":"https:\/\/ultimato.com.br\/sites\/blogdaultimato\/wp-json\/wp\/v2\/posts"}],"about":[{"href":"https:\/\/ultimato.com.br\/sites\/blogdaultimato\/wp-json\/wp\/v2\/types\/post"}],"author":[{"embeddable":true,"href":"https:\/\/ultimato.com.br\/sites\/blogdaultimato\/wp-json\/wp\/v2\/users\/21"}],"replies":[{"embeddable":true,"href":"https:\/\/ultimato.com.br\/sites\/blogdaultimato\/wp-json\/wp\/v2\/comments?post=16408"}],"version-history":[{"count":5,"href":"https:\/\/ultimato.com.br\/sites\/blogdaultimato\/wp-json\/wp\/v2\/posts\/16408\/revisions"}],"predecessor-version":[{"id":16449,"href":"https:\/\/ultimato.com.br\/sites\/blogdaultimato\/wp-json\/wp\/v2\/posts\/16408\/revisions\/16449"}],"wp:attachment":[{"href":"https:\/\/ultimato.com.br\/sites\/blogdaultimato\/wp-json\/wp\/v2\/media?parent=16408"}],"wp:term":[{"taxonomy":"category","embeddable":true,"href":"https:\/\/ultimato.com.br\/sites\/blogdaultimato\/wp-json\/wp\/v2\/categories?post=16408"},{"taxonomy":"post_tag","embeddable":true,"href":"https:\/\/ultimato.com.br\/sites\/blogdaultimato\/wp-json\/wp\/v2\/tags?post=16408"}],"curies":[{"name":"wp","href":"https:\/\/api.w.org\/{rel}","templated":true}]}}