{"id":16397,"date":"2022-06-13T09:00:55","date_gmt":"2022-06-13T11:00:55","guid":{"rendered":"https:\/\/ultimato.com.br\/sites\/blogdaultimato\/?p=16397"},"modified":"2022-07-18T14:01:23","modified_gmt":"2022-07-18T16:01:23","slug":"o-bem-comum-na-lente-de-fotografos","status":"publish","type":"post","link":"https:\/\/ultimato.com.br\/sites\/blogdaultimato\/2022\/06\/13\/o-bem-comum-na-lente-de-fotografos\/","title":{"rendered":"O bem comum na lente de fot\u00f3grafos"},"content":{"rendered":"<p><strong>Ultimato<\/strong> convidou amigos fot\u00f3grafos para enriquecer a edi\u00e7\u00e3o <a href=\"https:\/\/www.ultimato.com.br\/revista\/\">Os crist\u00e3os e o bem comum \u2013 O que faz a vida ser boa para todos? (Jr 29.7)<\/a> com imagens que representam o bem comum e o chamado crist\u00e3o para se empenhar por ele. Sugerimos que eles fossem guiados pelo te\u00f3logo Miroslav Volf<sup>1 <\/sup>nesta tarefa.<\/p>\n<blockquote><p>Cristo \u00e9 a Palavra de Deus e o Cordeiro de Deus, que veio ao mundo para o bem de todas as pessoas, que s\u00e3o todas criaturas de Deus e amadas por ele. A f\u00e9 crist\u00e3 \u00e9, portanto, uma f\u00e9 \u201cprof\u00e9tica\u201d que visa corrigir o mundo. A f\u00e9 deve ser atuante em todas as esferas da vida: educa\u00e7\u00e3o e artes, com\u00e9rcio e pol\u00edtica, comunica\u00e7\u00e3o e entretenimento etc.<\/p>\n<p>&nbsp;<\/p>\n<p>Quando se trata da vida no mundo, seguir Cristo significa cuidar dos outros (bem como de si mesmo) e trabalhar visando \u00e0 prosperidade deles, de modo que a vida seja boa para todos e assim todos aprendam a viver bem. Uma vis\u00e3o de prosperidade humana e do bem comum \u00e9 o ponto principal que a f\u00e9 crist\u00e3 traz para o debate p\u00fablico [&#8230;].<\/p><\/blockquote>\n<p>&nbsp;<\/p>\n<blockquote><p><a href=\"https:\/\/ultimato.com.br\/sites\/blogdaultimato\/files\/2022\/07\/DSCF8663.jpg\" class=\"lightview\" data-lightview-group=\"group-16397\" data-lightview-options=\"skin: 'dark', controls: 'relative', padding: '10', shadow: { color: '#000000', opacity: 0.08, blur: 3 }\" data-lightview-title=\"Foto: Alice Fassoni\"><img loading=\"lazy\" decoding=\"async\" class=\"alignleft wp-image-16430\" title=\"Foto: Alice Fassoni\" src=\"https:\/\/ultimato.com.br\/sites\/blogdaultimato\/files\/2022\/07\/DSCF8663.jpg\" alt=\"\" width=\"350\" height=\"233\" srcset=\"https:\/\/ultimato.com.br\/sites\/blogdaultimato\/files\/2022\/07\/DSCF8663.jpg 1000w, https:\/\/ultimato.com.br\/sites\/blogdaultimato\/files\/2022\/07\/DSCF8663-300x200.jpg 300w, https:\/\/ultimato.com.br\/sites\/blogdaultimato\/files\/2022\/07\/DSCF8663-768x512.jpg 768w, https:\/\/ultimato.com.br\/sites\/blogdaultimato\/files\/2022\/07\/DSCF8663-732x488.jpg 732w\" sizes=\"auto, (max-width: 350px) 100vw, 350px\" \/><\/a><\/p>\n<p>&nbsp;<\/p>\n<p>&nbsp;<\/p>\n<p>&nbsp;<\/p>\n<p>Nossos n\u00edveis de barragem n\u00e3o subir\u00e3o t\u00e3o facilmente. Por favor economize \u00e1gua &#8211; Cidade do Cabo, \u00c1frica do Sul.<\/p>\n<p>Alice Andrade | @aliceandrade<\/p>\n<p>&nbsp;<\/p>\n<p>&nbsp;<\/p>\n<p>&nbsp;<\/p><\/blockquote>\n<p>&nbsp;<\/p>\n<blockquote><p><a href=\"https:\/\/ultimato.com.br\/sites\/blogdaultimato\/files\/2022\/07\/bem-comum_1.jpg\" class=\"lightview\" data-lightview-group=\"group-16397\" data-lightview-options=\"skin: 'dark', controls: 'relative', padding: '10', shadow: { color: '#000000', opacity: 0.08, blur: 3 }\" data-lightview-title=\"Foto: Alyson Montrezol\"><img loading=\"lazy\" decoding=\"async\" class=\"wp-image-16431 alignright\" title=\"Foto: Alyson Montrezol\" src=\"https:\/\/ultimato.com.br\/sites\/blogdaultimato\/files\/2022\/07\/bem-comum_1.jpg\" alt=\"\" width=\"350\" height=\"233\" srcset=\"https:\/\/ultimato.com.br\/sites\/blogdaultimato\/files\/2022\/07\/bem-comum_1.jpg 1000w, https:\/\/ultimato.com.br\/sites\/blogdaultimato\/files\/2022\/07\/bem-comum_1-300x200.jpg 300w, https:\/\/ultimato.com.br\/sites\/blogdaultimato\/files\/2022\/07\/bem-comum_1-768x512.jpg 768w, https:\/\/ultimato.com.br\/sites\/blogdaultimato\/files\/2022\/07\/bem-comum_1-732x488.jpg 732w\" sizes=\"auto, (max-width: 350px) 100vw, 350px\" \/><\/a><\/p>\n<p>&nbsp;<\/p>\n<p>&nbsp;<\/p>\n<p>&nbsp;<\/p>\n<p>A interfer\u00eancia humana em \u00e1reas de preserva\u00e7\u00e3o &#8211; Rio do Peixe, Guaruj\u00e1, SP, dezembro de 2021.<\/p>\n<p>Alyson Montrezol | @alysonmontrezol<\/p>\n<p>&nbsp;<\/p>\n<p>&nbsp;<\/p>\n<p>&nbsp;<\/p><\/blockquote>\n<p>&nbsp;<\/p>\n<blockquote><p><a href=\"https:\/\/ultimato.com.br\/sites\/blogdaultimato\/files\/2022\/07\/2-Erika-scaled.jpeg\" class=\"lightview\" data-lightview-group=\"group-16397\" data-lightview-options=\"skin: 'dark', controls: 'relative', padding: '10', shadow: { color: '#000000', opacity: 0.08, blur: 3 }\" data-lightview-title=\"Foto: Erika Hegenbert\"><img loading=\"lazy\" decoding=\"async\" class=\"alignleft wp-image-16429\" title=\"Foto: Erika Hegenbert\" src=\"https:\/\/ultimato.com.br\/sites\/blogdaultimato\/files\/2022\/07\/2-Erika-scaled.jpeg\" alt=\"\" width=\"350\" height=\"233\" srcset=\"https:\/\/ultimato.com.br\/sites\/blogdaultimato\/files\/2022\/07\/2-Erika-scaled.jpeg 2560w, https:\/\/ultimato.com.br\/sites\/blogdaultimato\/files\/2022\/07\/2-Erika-300x200.jpeg 300w, https:\/\/ultimato.com.br\/sites\/blogdaultimato\/files\/2022\/07\/2-Erika-1024x683.jpeg 1024w, https:\/\/ultimato.com.br\/sites\/blogdaultimato\/files\/2022\/07\/2-Erika-768x512.jpeg 768w, https:\/\/ultimato.com.br\/sites\/blogdaultimato\/files\/2022\/07\/2-Erika-1536x1024.jpeg 1536w, https:\/\/ultimato.com.br\/sites\/blogdaultimato\/files\/2022\/07\/2-Erika-2048x1366.jpeg 2048w, https:\/\/ultimato.com.br\/sites\/blogdaultimato\/files\/2022\/07\/2-Erika-732x488.jpeg 732w, https:\/\/ultimato.com.br\/sites\/blogdaultimato\/files\/2022\/07\/2-Erika-1140x760.jpeg 1140w\" sizes=\"auto, (max-width: 350px) 100vw, 350px\" \/><\/a><\/p>\n<p>&nbsp;<\/p>\n<p>&nbsp;<\/p>\n<p>&nbsp;<\/p>\n<p>&nbsp;<\/p>\n<p>Mulheres se ajudando no processo de alfabetiza\u00e7\u00e3o, numa vila no interior da \u00cdndia.<\/p>\n<p>Erika Hegenbert | @e.heg<\/p>\n<p>&nbsp;<\/p>\n<p>&nbsp;<\/p><\/blockquote>\n<p>&nbsp;<\/p>\n<blockquote><p><a href=\"https:\/\/ultimato.com.br\/sites\/blogdaultimato\/files\/2022\/07\/2-Hudson-Zanoni.jpg\" class=\"lightview\" data-lightview-group=\"group-16397\" data-lightview-options=\"skin: 'dark', controls: 'relative', padding: '10', shadow: { color: '#000000', opacity: 0.08, blur: 3 }\" data-lightview-title=\"Foto: Hudson Zanoni\"><img loading=\"lazy\" decoding=\"async\" class=\"wp-image-16432 alignright\" title=\"Foto: Hudson Zanoni\" src=\"https:\/\/ultimato.com.br\/sites\/blogdaultimato\/files\/2022\/07\/2-Hudson-Zanoni.jpg\" alt=\"\" width=\"350\" height=\"263\" srcset=\"https:\/\/ultimato.com.br\/sites\/blogdaultimato\/files\/2022\/07\/2-Hudson-Zanoni.jpg 1280w, https:\/\/ultimato.com.br\/sites\/blogdaultimato\/files\/2022\/07\/2-Hudson-Zanoni-300x225.jpg 300w, https:\/\/ultimato.com.br\/sites\/blogdaultimato\/files\/2022\/07\/2-Hudson-Zanoni-1024x768.jpg 1024w, https:\/\/ultimato.com.br\/sites\/blogdaultimato\/files\/2022\/07\/2-Hudson-Zanoni-768x576.jpg 768w, https:\/\/ultimato.com.br\/sites\/blogdaultimato\/files\/2022\/07\/2-Hudson-Zanoni-732x549.jpg 732w, https:\/\/ultimato.com.br\/sites\/blogdaultimato\/files\/2022\/07\/2-Hudson-Zanoni-1140x855.jpg 1140w\" sizes=\"auto, (max-width: 350px) 100vw, 350px\" \/><\/a><\/p>\n<p>&nbsp;<\/p>\n<p>&nbsp;<\/p>\n<p>Contra a guerra, alegria. Contra o desamor, leveza. Contra o mal, o bem comum. Cia de Circo e Teatro Express\u00e3o de Amor em viagem mission\u00e1ria \u00e0 Burkina Faso (\u00c1frica), em 2014.<\/p>\n<p>Hudson Zanoni | @hudsonzanoni<\/p>\n<p>&nbsp;<\/p>\n<p>&nbsp;<\/p>\n<p>&nbsp;<\/p><\/blockquote>\n<p>&nbsp;<\/p>\n<blockquote><p><a href=\"https:\/\/ultimato.com.br\/sites\/blogdaultimato\/files\/2022\/07\/Capa_396_BC_John-Medcraft_2_DSC_2339.jpgcr_.jpg\" class=\"lightview\" data-lightview-group=\"group-16397\" data-lightview-options=\"skin: 'dark', controls: 'relative', padding: '10', shadow: { color: '#000000', opacity: 0.08, blur: 3 }\" data-lightview-title=\"Foto: Hutan Kervly Batista Gomes\"><img loading=\"lazy\" decoding=\"async\" class=\"alignleft wp-image-16433\" title=\"Foto: Hutan Kervly Batista Gomes\" src=\"https:\/\/ultimato.com.br\/sites\/blogdaultimato\/files\/2022\/07\/Capa_396_BC_John-Medcraft_2_DSC_2339.jpgcr_.jpg\" alt=\"\" width=\"350\" height=\"204\" srcset=\"https:\/\/ultimato.com.br\/sites\/blogdaultimato\/files\/2022\/07\/Capa_396_BC_John-Medcraft_2_DSC_2339.jpgcr_.jpg 2000w, https:\/\/ultimato.com.br\/sites\/blogdaultimato\/files\/2022\/07\/Capa_396_BC_John-Medcraft_2_DSC_2339.jpgcr_-300x175.jpg 300w, https:\/\/ultimato.com.br\/sites\/blogdaultimato\/files\/2022\/07\/Capa_396_BC_John-Medcraft_2_DSC_2339.jpgcr_-1024x598.jpg 1024w, https:\/\/ultimato.com.br\/sites\/blogdaultimato\/files\/2022\/07\/Capa_396_BC_John-Medcraft_2_DSC_2339.jpgcr_-768x449.jpg 768w, https:\/\/ultimato.com.br\/sites\/blogdaultimato\/files\/2022\/07\/Capa_396_BC_John-Medcraft_2_DSC_2339.jpgcr_-1536x897.jpg 1536w, https:\/\/ultimato.com.br\/sites\/blogdaultimato\/files\/2022\/07\/Capa_396_BC_John-Medcraft_2_DSC_2339.jpgcr_-732x427.jpg 732w, https:\/\/ultimato.com.br\/sites\/blogdaultimato\/files\/2022\/07\/Capa_396_BC_John-Medcraft_2_DSC_2339.jpgcr_-1140x666.jpg 1140w\" sizes=\"auto, (max-width: 350px) 100vw, 350px\" \/><\/a><\/p>\n<p>&nbsp;<\/p>\n<p>&nbsp;<\/p>\n<p>Trilhas de educa\u00e7\u00e3o ambiental com crian\u00e7as do sert\u00e3o na Reserva Ecol\u00f3gica Verdes Pastos. Um exemplo da nossa luta pelo bem comum dos sertanejo.<\/p>\n<p>John Medcraft<\/p>\n<p>&nbsp;<\/p><\/blockquote>\n<p>&nbsp;<\/p>\n<blockquote><p><a href=\"https:\/\/ultimato.com.br\/sites\/blogdaultimato\/files\/2022\/07\/2013.10.08_Bem_Estar_Sabinapolis_0051.jpg\" class=\"lightview\" data-lightview-group=\"group-16397\" data-lightview-options=\"skin: 'dark', controls: 'relative', padding: '10', shadow: { color: '#000000', opacity: 0.08, blur: 3 }\" data-lightview-title=\"Foto: James Gilbert\"><img loading=\"lazy\" decoding=\"async\" class=\"wp-image-16434 alignright\" title=\"Foto: James Gilbert\" src=\"https:\/\/ultimato.com.br\/sites\/blogdaultimato\/files\/2022\/07\/2013.10.08_Bem_Estar_Sabinapolis_0051.jpg\" alt=\"\" width=\"350\" height=\"233\" srcset=\"https:\/\/ultimato.com.br\/sites\/blogdaultimato\/files\/2022\/07\/2013.10.08_Bem_Estar_Sabinapolis_0051.jpg 1000w, https:\/\/ultimato.com.br\/sites\/blogdaultimato\/files\/2022\/07\/2013.10.08_Bem_Estar_Sabinapolis_0051-300x200.jpg 300w, https:\/\/ultimato.com.br\/sites\/blogdaultimato\/files\/2022\/07\/2013.10.08_Bem_Estar_Sabinapolis_0051-768x512.jpg 768w, https:\/\/ultimato.com.br\/sites\/blogdaultimato\/files\/2022\/07\/2013.10.08_Bem_Estar_Sabinapolis_0051-732x488.jpg 732w\" sizes=\"auto, (max-width: 350px) 100vw, 350px\" \/><\/a><\/p>\n<p>&nbsp;<\/p>\n<p>&nbsp;<\/p>\n<p>&nbsp;<\/p>\n<p>Aprender, brincar&#8230; um direito e um bem comum.<\/p>\n<p>James Gilbert | Flickr: jbg2739<\/p>\n<p>&nbsp;<\/p>\n<p>&nbsp;<\/p>\n<p>&nbsp;<\/p>\n<p>&nbsp;<\/p><\/blockquote>\n<p>&nbsp;<\/p>\n<blockquote><p><a href=\"https:\/\/ultimato.com.br\/sites\/blogdaultimato\/files\/2022\/07\/IMG-0766-scaled.jpg\" class=\"lightview\" data-lightview-group=\"group-16397\" data-lightview-options=\"skin: 'dark', controls: 'relative', padding: '10', shadow: { color: '#000000', opacity: 0.08, blur: 3 }\" data-lightview-title=\"Foto: Liss\u00e2nder Dias\"><img loading=\"lazy\" decoding=\"async\" class=\"alignleft wp-image-16435\" title=\"Foto: Liss\u00e2nder Dias\" src=\"https:\/\/ultimato.com.br\/sites\/blogdaultimato\/files\/2022\/07\/IMG-0766-scaled.jpg\" alt=\"\" width=\"350\" height=\"263\" srcset=\"https:\/\/ultimato.com.br\/sites\/blogdaultimato\/files\/2022\/07\/IMG-0766-scaled.jpg 2560w, https:\/\/ultimato.com.br\/sites\/blogdaultimato\/files\/2022\/07\/IMG-0766-300x225.jpg 300w, https:\/\/ultimato.com.br\/sites\/blogdaultimato\/files\/2022\/07\/IMG-0766-1024x768.jpg 1024w, https:\/\/ultimato.com.br\/sites\/blogdaultimato\/files\/2022\/07\/IMG-0766-768x576.jpg 768w, https:\/\/ultimato.com.br\/sites\/blogdaultimato\/files\/2022\/07\/IMG-0766-1536x1152.jpg 1536w, https:\/\/ultimato.com.br\/sites\/blogdaultimato\/files\/2022\/07\/IMG-0766-2048x1536.jpg 2048w, https:\/\/ultimato.com.br\/sites\/blogdaultimato\/files\/2022\/07\/IMG-0766-732x549.jpg 732w, https:\/\/ultimato.com.br\/sites\/blogdaultimato\/files\/2022\/07\/IMG-0766-1140x855.jpg 1140w\" sizes=\"auto, (max-width: 350px) 100vw, 350px\" \/><\/a><\/p>\n<p>&nbsp;<\/p>\n<p>&nbsp;<\/p>\n<p>&nbsp;<\/p>\n<p>&nbsp;<\/p>\n<p>Sonhando&#8230; Orfanato em Porto Pr\u00edncipe, Haiti.<\/p>\n<p>Liss\u00e2nder Dias | @lissanderdias<\/p>\n<p>&nbsp;<\/p>\n<p>&nbsp;<\/p>\n<p>&nbsp;<\/p>\n<p>&nbsp;<\/p><\/blockquote>\n<p>&nbsp;<\/p>\n<blockquote><p><a href=\"https:\/\/ultimato.com.br\/sites\/blogdaultimato\/files\/2022\/07\/MPF3436.jpg\" class=\"lightview\" data-lightview-group=\"group-16397\" data-lightview-options=\"skin: 'dark', controls: 'relative', padding: '10', shadow: { color: '#000000', opacity: 0.08, blur: 3 }\" data-lightview-title=\"Foto: M\u00e1rcia Foyzer\"><img loading=\"lazy\" decoding=\"async\" class=\"wp-image-16436 alignright\" title=\"Foto: M\u00e1rcia Foyzer\" src=\"https:\/\/ultimato.com.br\/sites\/blogdaultimato\/files\/2022\/07\/MPF3436.jpg\" alt=\"\" width=\"350\" height=\"233\" srcset=\"https:\/\/ultimato.com.br\/sites\/blogdaultimato\/files\/2022\/07\/MPF3436.jpg 1000w, https:\/\/ultimato.com.br\/sites\/blogdaultimato\/files\/2022\/07\/MPF3436-300x200.jpg 300w, https:\/\/ultimato.com.br\/sites\/blogdaultimato\/files\/2022\/07\/MPF3436-768x512.jpg 768w, https:\/\/ultimato.com.br\/sites\/blogdaultimato\/files\/2022\/07\/MPF3436-732x488.jpg 732w\" sizes=\"auto, (max-width: 350px) 100vw, 350px\" \/><\/a><\/p>\n<p>&nbsp;<\/p>\n<p>&nbsp;<\/p>\n<p>&nbsp;<\/p>\n<p>Aquele Bem comum chamado sol. Ele aquece a todos, ilumina vidas e caminhos, enche nossos horizontes de poesia e esperan\u00e7a!<\/p>\n<p>M\u00e1rcia Foyzer | @marciafoizer<\/p>\n<p>&nbsp;<\/p>\n<p>&nbsp;<\/p><\/blockquote>\n<hr>\n<div>\n<blockquote><p><img loading=\"lazy\" decoding=\"async\" src=\"https:\/\/www.ultimato.com.br\/image\/atualiza_home\/principal\/ultimas\/opiniao\/2022\/07_jul\/capa_ult_396.jpg\" alt=\"\" width=\"160\" height=\"210\" align=\"left\" hspace=\"10\"><strong>OS CRIST\u00c3OS E O BEM COMUM \u2013 O QUE FAZ A VIDA SER BOA PARA TODOS? (JR 29.7)<\/strong><\/p>\n<div>O subt\u00edtulo da mat\u00e9ria de capa traz uma pergunta crucial: o que faz a vida ser boa para todos? A pergunta \u00e9 crucial pelas respostas, mas tamb\u00e9m \u2013 e antes de tudo \u2013 por causa daqueles que fazem a pergunta. Quem faz este tipo de pergunta pensa al\u00e9m de si e de sua \u201ctribo\u201d. Quem pensa nos outros e se importa com eles compartilha da natureza de seu Pai misericordioso e justo.<\/div>\n<div>&nbsp;<\/div>\n<div>\u00c9 disso que trata a mat\u00e9ria de capa da edi\u00e7\u00e3o de&nbsp;<a href=\"https:\/\/www.ultimato.com.br\/revista\/396\">julho-agosto<\/a>&nbsp;da revista Ultimato. Para assinar, clique&nbsp;<a href=\"http:\/\/www.ultimato.com.br\/revista\/assine\" target=\"_blank\" rel=\"noopener\">aqui<\/a>.<\/div>\n<\/blockquote>\n<\/div>\n<p>&nbsp;<\/p>\n<hr>\n<p><strong>Nota<\/strong><\/p>\n<ol>\n<li>VOLF, Miroslav. <em>Uma f\u00e9 p\u00fablica<\/em>; como o crist\u00e3o pode contribuir para o bem comum. S\u00e3o Paulo: Mundo Crist\u00e3o, 2017. Dispon\u00edvel em <a href=\"http:\/\/www.mundocristao.com.br\/produto\/uma-fe-publica\/\">\/www.mundocristao.com.br\/produto\/uma-fe-publica\/<\/a><\/li>\n<\/ol>\n","protected":false},"excerpt":{"rendered":"<p>Ultimato convidou amigos fot\u00f3grafos para enriquecer a edi\u00e7\u00e3o Os crist\u00e3os e o bem comum \u2013 O que faz a vida ser boa para todos? (Jr 29.7) com imagens que representam o bem comum e o chamado crist\u00e3o para se empenhar por ele. Sugerimos que eles fossem guiados pelo te\u00f3logo Miroslav Volf1 nesta tarefa.<br \/>\nCristo \u00e9 a [&#8230;]<\/p>\n","protected":false},"author":21,"featured_media":0,"comment_status":"open","ping_status":"open","sticky":false,"template":"","format":"standard","meta":{"ngg_post_thumbnail":0,"footnotes":""},"categories":[5153],"tags":[],"class_list":["post-16397","post","type-post","status-publish","format-standard","hentry","category-prateleira"],"_links":{"self":[{"href":"https:\/\/ultimato.com.br\/sites\/blogdaultimato\/wp-json\/wp\/v2\/posts\/16397","targetHints":{"allow":["GET"]}}],"collection":[{"href":"https:\/\/ultimato.com.br\/sites\/blogdaultimato\/wp-json\/wp\/v2\/posts"}],"about":[{"href":"https:\/\/ultimato.com.br\/sites\/blogdaultimato\/wp-json\/wp\/v2\/types\/post"}],"author":[{"embeddable":true,"href":"https:\/\/ultimato.com.br\/sites\/blogdaultimato\/wp-json\/wp\/v2\/users\/21"}],"replies":[{"embeddable":true,"href":"https:\/\/ultimato.com.br\/sites\/blogdaultimato\/wp-json\/wp\/v2\/comments?post=16397"}],"version-history":[{"count":6,"href":"https:\/\/ultimato.com.br\/sites\/blogdaultimato\/wp-json\/wp\/v2\/posts\/16397\/revisions"}],"predecessor-version":[{"id":16440,"href":"https:\/\/ultimato.com.br\/sites\/blogdaultimato\/wp-json\/wp\/v2\/posts\/16397\/revisions\/16440"}],"wp:attachment":[{"href":"https:\/\/ultimato.com.br\/sites\/blogdaultimato\/wp-json\/wp\/v2\/media?parent=16397"}],"wp:term":[{"taxonomy":"category","embeddable":true,"href":"https:\/\/ultimato.com.br\/sites\/blogdaultimato\/wp-json\/wp\/v2\/categories?post=16397"},{"taxonomy":"post_tag","embeddable":true,"href":"https:\/\/ultimato.com.br\/sites\/blogdaultimato\/wp-json\/wp\/v2\/tags?post=16397"}],"curies":[{"name":"wp","href":"https:\/\/api.w.org\/{rel}","templated":true}]}}