{"id":16394,"date":"2022-06-03T10:37:22","date_gmt":"2022-06-03T12:37:22","guid":{"rendered":"https:\/\/ultimato.com.br\/sites\/blogdaultimato\/?p=16394"},"modified":"2025-06-24T21:58:18","modified_gmt":"2025-06-24T23:58:18","slug":"a-um-clique-conteudo-extra-da-edicao-396-de-ultimato","status":"publish","type":"post","link":"https:\/\/ultimato.com.br\/sites\/blogdaultimato\/2022\/06\/03\/a-um-clique-conteudo-extra-da-edicao-396-de-ultimato\/","title":{"rendered":"A um clique: conte\u00fado extra da edi\u00e7\u00e3o 396 de Ultimato"},"content":{"rendered":"<p><strong><a href=\"https:\/\/www.ultimato.com.br\/revista\/396\"><img loading=\"lazy\" decoding=\"async\" class=\"alignright wp-image-16418 size-full\" src=\"https:\/\/ultimato.com.br\/sites\/blogdaultimato\/files\/2022\/06\/show_img.jpg\" alt=\"\" width=\"160\" height=\"210\"><\/a>Leia mais do que foi oferecido na edi\u00e7\u00e3o de <a href=\"https:\/\/www.ultimato.com.br\/revista\/396\">Julho\/Agosto<\/a> de Ultimato<\/strong><\/p>\n<p>Ultimato oferece muito mais conte\u00fado para o leitor aprofundar-se nos assuntos de cada se\u00e7\u00e3o da revista. Nesta postagem voc\u00ea pode conhecer todo o conte\u00fado extra que foi divulgado na edi\u00e7\u00e3o de <strong><a href=\"https:\/\/www.ultimato.com.br\/revista\/396\">Julho\/Agosto<\/a><\/strong>&nbsp;de&nbsp;<strong>Ultimato<\/strong>. Aproveite!<\/p>\n<p>&nbsp;<\/p>\n<p><strong>ABERTURA<\/strong> \u2013 <em>Alegria, alegria, por favor<\/em>, por Elben C\u00e9sar<br \/>\n<a href=\"http:\/\/ultimato.com.br\/sites\/elbencesar\" target=\"_blank\" rel=\"noopener noreferrer\">Legado Elben C\u00e9sar<\/a><\/p>\n<p>&nbsp;<\/p>\n<p><strong>PASTORAIS<\/strong> \u2013 <em>Frutificar e reproduzir<\/em>, por Durvalina Barreto Bezerra<br \/>\n<a href=\"http:\/\/bit.ly\/396-pastorais\" target=\"_blank\" rel=\"noopener\">Ra\u00edzes na profundidade, frutos no topo<\/a><\/p>\n<p>&nbsp;<\/p>\n<p><strong>MAIS DO QUE NOT\u00cdCIAS<\/strong> \u2013 <em>Harpa Crist\u00e3 completa 100 anos<\/em>, por Felipe David Pereira<br \/>\n<a href=\"http:\/\/bit.ly\/396-100-anos\" target=\"_blank\" rel=\"noopener\">Vers\u00e3o ampliada de \u201cHarpa Crist\u00e3 completa 100 anos\u201d<\/a><\/p>\n<p>&nbsp;<\/p>\n<p><strong>RECONCILIE-SE!<\/strong> &#8211; <em>Reconcilie-se!<\/em>, da reda\u00e7\u00e3o<br \/>\n<a href=\"http:\/\/bit.ly\/396-reconcilie-se\" target=\"_blank\" rel=\"noopener\">Estudo b\u00edblico \u201cA lei da gra\u00e7a\u201d<\/a><\/p>\n<p>&nbsp;<\/p>\n<p><strong>CAPA<\/strong> \u2013 <em>Ora\u00e7\u00e3o pelo bem comum<\/em>, por Ricardo Barbosa de Sousa<br \/>\n<a href=\"http:\/\/bit.ly\/396-como-orar\" target=\"_blank\" rel=\"noopener\">Como orar nos dias atuais?<\/a><\/p>\n<p>&nbsp;<\/p>\n<p><strong>CAPA<\/strong> &#8211; <em>O shalom de Deus: os crist\u00e3os e o bem comum<\/em>, por Alderi Souza de Matos<br \/>\n<a href=\"http:\/\/bit.ly\/396-dever-cristao\" target=\"_blank\" rel=\"noopener\">Indigna\u00e7\u00e3o: dever c\u00edvico e crist\u00e3o<\/a><\/p>\n<p>&nbsp;<\/p>\n<p><strong>REDESCOBRINDO A PALAVRA DE DEUS<\/strong> &#8211; <em>Mais Cristo e menos \u201ccristandade\u201d<\/em>, por Valdir Steuernagel<br \/>\n<a href=\"http:\/\/bit.ly\/396-redescobrindo\" target=\"_blank\" rel=\"noopener\">Mais Cristo e menos \u201cpol\u00edtica\u201d<\/a><\/p>\n<p>&nbsp;<\/p>\n<p><strong>FAM\u00cdLIA<\/strong> \u2013 <em>A fam\u00edlia e o bem comum<\/em>, por Carlos \u201cCatito\u201d e Dagmar<br \/>\n<a href=\"http:\/\/bit.ly\/396-familia\" target=\"_blank\" rel=\"noopener\">Como falar de \u00e9tica e pol\u00edtica para crian\u00e7as<\/a><\/p>\n<p>&nbsp;<\/p>\n<p><strong>CAMINHOS DA MISS\u00c3O<\/strong> \u2013 <em>Voc\u00ea j\u00e1 pensou em deixar heran\u00e7a para uma boa causa?<\/em>, por D\u00e9lnia Bastos<br \/>\n<a href=\"http:\/\/bit.ly\/396-caminhos-missao\" target=\"_blank\" rel=\"noopener\">Heran\u00e7a e a lei brasileira<\/a><\/p>\n<p>&nbsp;<\/p>\n<p><strong>REPORTAGEM<\/strong> &#8211; <em>Igrejas do bem comum &#8211; Tr\u00eas experi\u00eancias de impacto social realizadas por comunidades evang\u00e9licas<\/em>, por Liss\u00e2nder Dias e Phelipe Reis<br \/>\n<a href=\"http:\/\/bit.ly\/396-reportagem\" target=\"_blank\" rel=\"noopener\">Mais hist\u00f3rias de igrejas do bem comum<\/a><\/p>\n<p>&nbsp;<\/p>\n<p><strong>SESSENTA+<\/strong> &#8211; <em>Contar os dias, e a conta que n\u00e3o fecha<\/em>, por T\u00e2nia de Medeiros Wutzki<br \/>\n<a href=\"http:\/\/bit.ly\/396-sessenta\" target=\"_blank\" rel=\"noopener\">O Salmo de Mois\u00e9s \u2013 no contexto de Mois\u00e9s<\/a><\/p>\n<p>&nbsp;<\/p>\n<p><strong>REFLEX\u00c3O<\/strong> \u2013 <em>Negacionismo teol\u00f3gico<\/em>, por Davi Bastos<br \/>\n<a href=\"http:\/\/bit.ly\/396-reflexao\" target=\"_blank\" rel=\"noopener\">O que a filosofia pode oferecer \u00e0 Igreja?<\/a><\/p>\n<p>&nbsp;<\/p>\n<p><strong>OPINI\u00c3O<\/strong> \u2013 <em>Deus num banquinho<\/em>, por Ed Ren\u00e9 Kivitz<br \/>\n<a href=\"http:\/\/bit.ly\/396-opiniao-mais\" target=\"_blank\" rel=\"noopener\">Quem sou eu para voc\u00eas?<\/a><\/p>\n<p>&nbsp;<\/p>\n<p><strong>OPINI\u00c3O<\/strong> \u2013 <em>A transcend\u00eancia do eu<\/em>, por Br\u00e1ulia Ribeiro<br \/>\n<a href=\"http:\/\/bit.ly\/396-transcendencia\" target=\"_blank\" rel=\"noopener\">Transcend\u00eancia e dignidade<\/a><\/p>\n<p>&nbsp;<\/p>\n<p><strong>\u00c9TICA<\/strong> &#8211; <em>Uma an\u00e1lise da igreja brasileira \u2013 feita h\u00e1 1.600 anos!<\/em>, por Paul Freston<br \/>\n<a href=\"http:\/\/bit.ly\/396-etica\" target=\"_blank\" rel=\"noopener\">Como ser\u00e1 a igreja evang\u00e9lica brasileira de 2040?<\/a><\/p>\n<p>&nbsp;<\/p>\n<p><strong>LITERATURA E CULTURA<\/strong> \u2013 <em>Os movimentos do amor<\/em>, por Gladir Cabral<br \/>\n<a href=\"http:\/\/bit.ly\/396-literatura\" target=\"_blank\" rel=\"noopener\">Palavra de amor<\/a><\/p>\n<p>&nbsp;<\/p>\n<p><strong>ACONTECEU COMIGO<\/strong> \u2013 <em>O dia em que eu soube que ele me amava<\/em>, por Viviane Costa<br \/>\n<a href=\"http:\/\/bit.ly\/396-testemunho\" target=\"_blank\" rel=\"noopener\">Uma sala, um ba\u00fa e um vestido<\/a><\/p>\n<p>&nbsp;<\/p>\n<p><strong>PONTO FINAL<\/strong> \u2013 <em>Como a p\u00f3s-modernidade mudou o entendimento do bem comum<\/em>, por Rubem Amorese<br \/>\n<a href=\"http:\/\/bit.ly\/396-ponto-final\" target=\"_blank\" rel=\"noopener\">A p\u00f3s-modernidade e o bem comum<\/a><\/p>\n","protected":false},"excerpt":{"rendered":"<p>Leia mais do que foi oferecido na edi\u00e7\u00e3o de Julho\/Agosto de Ultimato<br \/>\nUltimato oferece muito mais conte\u00fado para o leitor aprofundar-se nos assuntos de cada se\u00e7\u00e3o da revista. Nesta postagem voc\u00ea pode conhecer todo o conte\u00fado extra que foi divulgado na edi\u00e7\u00e3o de Julho\/Agosto&nbsp;de&nbsp;Ultimato. Aproveite!<br \/>\n&nbsp;<br \/>\nABERTURA \u2013 Alegria, alegria, por favor, por Elben C\u00e9sar<br \/>\nLegado Elben C\u00e9sar<br \/>\n&nbsp;<br \/>\nPASTORAIS \u2013 [&#8230;]<\/p>\n","protected":false},"author":21,"featured_media":0,"comment_status":"open","ping_status":"open","sticky":false,"template":"","format":"standard","meta":{"ngg_post_thumbnail":0,"footnotes":""},"categories":[5153],"tags":[5953],"class_list":["post-16394","post","type-post","status-publish","format-standard","hentry","category-prateleira","tag-revista-ultimato"],"_links":{"self":[{"href":"https:\/\/ultimato.com.br\/sites\/blogdaultimato\/wp-json\/wp\/v2\/posts\/16394","targetHints":{"allow":["GET"]}}],"collection":[{"href":"https:\/\/ultimato.com.br\/sites\/blogdaultimato\/wp-json\/wp\/v2\/posts"}],"about":[{"href":"https:\/\/ultimato.com.br\/sites\/blogdaultimato\/wp-json\/wp\/v2\/types\/post"}],"author":[{"embeddable":true,"href":"https:\/\/ultimato.com.br\/sites\/blogdaultimato\/wp-json\/wp\/v2\/users\/21"}],"replies":[{"embeddable":true,"href":"https:\/\/ultimato.com.br\/sites\/blogdaultimato\/wp-json\/wp\/v2\/comments?post=16394"}],"version-history":[{"count":3,"href":"https:\/\/ultimato.com.br\/sites\/blogdaultimato\/wp-json\/wp\/v2\/posts\/16394\/revisions"}],"predecessor-version":[{"id":16419,"href":"https:\/\/ultimato.com.br\/sites\/blogdaultimato\/wp-json\/wp\/v2\/posts\/16394\/revisions\/16419"}],"wp:attachment":[{"href":"https:\/\/ultimato.com.br\/sites\/blogdaultimato\/wp-json\/wp\/v2\/media?parent=16394"}],"wp:term":[{"taxonomy":"category","embeddable":true,"href":"https:\/\/ultimato.com.br\/sites\/blogdaultimato\/wp-json\/wp\/v2\/categories?post=16394"},{"taxonomy":"post_tag","embeddable":true,"href":"https:\/\/ultimato.com.br\/sites\/blogdaultimato\/wp-json\/wp\/v2\/tags?post=16394"}],"curies":[{"name":"wp","href":"https:\/\/api.w.org\/{rel}","templated":true}]}}