{"id":16342,"date":"2022-05-10T13:53:16","date_gmt":"2022-05-10T15:53:16","guid":{"rendered":"https:\/\/ultimato.com.br\/sites\/blogdaultimato\/?p=16342"},"modified":"2022-05-13T14:16:55","modified_gmt":"2022-05-13T16:16:55","slug":"a-redescoberta-da-serenidade-inspirada-na-arte","status":"publish","type":"post","link":"https:\/\/ultimato.com.br\/sites\/blogdaultimato\/2022\/05\/10\/a-redescoberta-da-serenidade-inspirada-na-arte\/","title":{"rendered":"A [re]descoberta da serenidade \u2013 inspirada na arte"},"content":{"rendered":"<p style=\"font-weight: 400;\">\u201cSerenidade\u201d \u00e9 definida como o estado da pessoa serena, que age de maneira calma e tranquila. Pode ser entendida tamb\u00e9m como a paz da mente, o equil\u00edbrio emocional, o estado n\u00e3o perturbado, o dom\u00ednio de si mesmo.&nbsp;F\u00faria, preocupa\u00e7\u00e3o, inquietude e agita\u00e7\u00e3o s\u00e3o alguns de seus ant\u00f4nimos.<\/p>\n<p style=\"font-weight: 400;\">\u201cSerenidade\u201d pressup\u00f5e a exist\u00eancia de adversidades: \u00e9 a condi\u00e7\u00e3o de estar em paz&nbsp;<em>apesar de<\/em>. \u00c9 consenso que vivemos dias especialmente dif\u00edceis. Jesus se antecipou a isso em suas palavras de despedida aos disc\u00edpulos: \u201cNo mundo voc\u00eas sofrer\u00e3o afli\u00e7\u00f5es, mas tenham bom \u00e2nimo. Eu venci o mundo\u201d (Jo 16.33).<\/p>\n<p style=\"font-weight: 400;\">As imagens a seguir comunicam visualmente a mensagem de vers\u00edculos relacionados ao tema e acompanham a mat\u00e9ria de capa da edi\u00e7\u00e3o de maio\/junho de 2022 da&nbsp;<strong>Ultimato<\/strong>. Deter-se em cada imagem por algum tempo e refletir sobre o vers\u00edculo que a acompanha pode ajudar o leitor a prosseguir na jornada da [re]descoberta da serenidade. Nossa gratid\u00e3o aos amigos artistas que aceitaram o nosso convite.<\/p>\n<p style=\"font-weight: 400;\">&nbsp;<\/p>\n<blockquote>\n<p style=\"font-weight: 400;\"><a href=\"https:\/\/ultimato.com.br\/sites\/blogdaultimato\/files\/2022\/05\/Capa_Ult_395_Saulo_Porto_IMG_20220330_170530.jpeg\" class=\"lightview\" data-lightview-group=\"group-16342\" data-lightview-options=\"skin: 'dark', controls: 'relative', padding: '10', shadow: { color: '#000000', opacity: 0.08, blur: 3 }\"><img loading=\"lazy\" decoding=\"async\" class=\"size-medium wp-image-16343 alignright\" src=\"https:\/\/ultimato.com.br\/sites\/blogdaultimato\/files\/2022\/05\/Capa_Ult_395_Saulo_Porto_IMG_20220330_170530-300x225.jpeg\" alt=\"\" width=\"300\" height=\"225\" srcset=\"https:\/\/ultimato.com.br\/sites\/blogdaultimato\/files\/2022\/05\/Capa_Ult_395_Saulo_Porto_IMG_20220330_170530-300x225.jpeg 300w, https:\/\/ultimato.com.br\/sites\/blogdaultimato\/files\/2022\/05\/Capa_Ult_395_Saulo_Porto_IMG_20220330_170530-732x549.jpeg 732w, https:\/\/ultimato.com.br\/sites\/blogdaultimato\/files\/2022\/05\/Capa_Ult_395_Saulo_Porto_IMG_20220330_170530.jpeg 750w\" sizes=\"auto, (max-width: 300px) 100vw, 300px\" \/><\/a><\/p>\n<p>&nbsp;<\/p>\n<p>&nbsp;<\/p>\n<p style=\"font-weight: 400;\">\u201cSenhor, n\u00e3o busco coisas grandiosas para mim. Na verdade, acalmo e sossego minha alma; como uma crian\u00e7a desmamada nos bra\u00e7os da m\u00e3e, assim \u00e9 minha alma.\u201d \u2013 Salmos 131.1-2<\/p>\n<p style=\"font-weight: 400;\">Saulo Porto | @sauloportomme<\/p>\n<p>&nbsp;<\/p>\n<p>&nbsp;<\/p><\/blockquote>\n<p style=\"font-weight: 400;\">&nbsp;<\/p>\n<blockquote>\n<p style=\"font-weight: 400;\"><a href=\"https:\/\/ultimato.com.br\/sites\/blogdaultimato\/files\/2022\/05\/Capa_Ult-395_sossegai_pb_a4_Thiago-e-Dan.jpeg\" class=\"lightview\" data-lightview-group=\"group-16342\" data-lightview-options=\"skin: 'dark', controls: 'relative', padding: '10', shadow: { color: '#000000', opacity: 0.08, blur: 3 }\"><img loading=\"lazy\" decoding=\"async\" class=\"size-medium wp-image-16347 alignleft\" src=\"https:\/\/ultimato.com.br\/sites\/blogdaultimato\/files\/2022\/05\/Capa_Ult-395_sossegai_pb_a4_Thiago-e-Dan-300x185.jpeg\" alt=\"\" width=\"300\" height=\"185\" srcset=\"https:\/\/ultimato.com.br\/sites\/blogdaultimato\/files\/2022\/05\/Capa_Ult-395_sossegai_pb_a4_Thiago-e-Dan-300x185.jpeg 300w, https:\/\/ultimato.com.br\/sites\/blogdaultimato\/files\/2022\/05\/Capa_Ult-395_sossegai_pb_a4_Thiago-e-Dan-732x452.jpeg 732w, https:\/\/ultimato.com.br\/sites\/blogdaultimato\/files\/2022\/05\/Capa_Ult-395_sossegai_pb_a4_Thiago-e-Dan.jpeg 750w\" sizes=\"auto, (max-width: 300px) 100vw, 300px\" \/><\/a><\/p>\n<p>&nbsp;<\/p>\n<p>&nbsp;<\/p>\n<p style=\"font-weight: 400;\">\u201cEu lhes falei tudo isso para que tenham paz em mim. Aqui no mundo voc\u00eas ter\u00e3o afli\u00e7\u00f5es, mas animem-se, pois eu venci o mundo.\u201d \u2013 Jo\u00e3o 16.33<\/p>\n<p style=\"font-weight: 400;\">Thiago Costa e Dan Bianchin | @ateliemild<\/p>\n<p>&nbsp;<\/p>\n<p>&nbsp;<\/p><\/blockquote>\n<p style=\"font-weight: 400;\">&nbsp;<\/p>\n<blockquote>\n<p style=\"font-weight: 400;\"><a href=\"https:\/\/ultimato.com.br\/sites\/blogdaultimato\/files\/2022\/05\/Capa_Ult_395_Rosana_Basille_IMG-20220330-WA0001.jpeg\" class=\"lightview\" data-lightview-group=\"group-16342\" data-lightview-options=\"skin: 'dark', controls: 'relative', padding: '10', shadow: { color: '#000000', opacity: 0.08, blur: 3 }\"><img loading=\"lazy\" decoding=\"async\" class=\"size-medium wp-image-16353 alignright\" src=\"https:\/\/ultimato.com.br\/sites\/blogdaultimato\/files\/2022\/05\/Capa_Ult_395_Rosana_Basille_IMG-20220330-WA0001-300x225.jpeg\" alt=\"\" width=\"300\" height=\"225\" srcset=\"https:\/\/ultimato.com.br\/sites\/blogdaultimato\/files\/2022\/05\/Capa_Ult_395_Rosana_Basille_IMG-20220330-WA0001-300x225.jpeg 300w, https:\/\/ultimato.com.br\/sites\/blogdaultimato\/files\/2022\/05\/Capa_Ult_395_Rosana_Basille_IMG-20220330-WA0001-732x549.jpeg 732w, https:\/\/ultimato.com.br\/sites\/blogdaultimato\/files\/2022\/05\/Capa_Ult_395_Rosana_Basille_IMG-20220330-WA0001.jpeg 750w\" sizes=\"auto, (max-width: 300px) 100vw, 300px\" \/><\/a><\/p>\n<p>&nbsp;<\/p>\n<p>&nbsp;<\/p>\n<p>&nbsp;<\/p>\n<p style=\"font-weight: 400;\">\u201cO Senhor \u00e9 bom para os que dependem dele. \u00c9 bom esperar em sil\u00eancio pela salva\u00e7\u00e3o do Senhor.\u201d \u2013 Lamenta\u00e7\u00f5es 3.25, 26<\/p>\n<p style=\"font-weight: 400;\">Rosana Basile |&nbsp;<a href=\"http:\/\/teologarte.com.br\/\" data-saferedirecturl=\"https:\/\/www.google.com\/url?q=http:\/\/teologarte.com.br&amp;source=gmail&amp;ust=1652263811100000&amp;usg=AOvVaw16yf0RcSjGdxv-rFFOfzQw\">teologarte.com.br<\/a><\/p>\n<p>&nbsp;<\/p>\n<p>&nbsp;<\/p><\/blockquote>\n<p style=\"font-weight: 400;\">&nbsp;<\/p>\n<blockquote>\n<p style=\"font-weight: 400;\"><a href=\"https:\/\/ultimato.com.br\/sites\/blogdaultimato\/files\/2022\/05\/Capa_Ult_395-Susan_paz-no-medo-1.png\" class=\"lightview\" data-lightview-group=\"group-16342\" data-lightview-options=\"skin: 'dark', controls: 'relative', padding: '10', shadow: { color: '#000000', opacity: 0.08, blur: 3 }\"><img loading=\"lazy\" decoding=\"async\" class=\"size-medium wp-image-16358 alignleft\" src=\"https:\/\/ultimato.com.br\/sites\/blogdaultimato\/files\/2022\/05\/Capa_Ult_395-Susan_paz-no-medo-1-300x300.png\" alt=\"\" width=\"300\" height=\"300\" srcset=\"https:\/\/ultimato.com.br\/sites\/blogdaultimato\/files\/2022\/05\/Capa_Ult_395-Susan_paz-no-medo-1-300x300.png 300w, https:\/\/ultimato.com.br\/sites\/blogdaultimato\/files\/2022\/05\/Capa_Ult_395-Susan_paz-no-medo-1-150x150.png 150w, https:\/\/ultimato.com.br\/sites\/blogdaultimato\/files\/2022\/05\/Capa_Ult_395-Susan_paz-no-medo-1-732x732.png 732w, https:\/\/ultimato.com.br\/sites\/blogdaultimato\/files\/2022\/05\/Capa_Ult_395-Susan_paz-no-medo-1.png 750w\" sizes=\"auto, (max-width: 300px) 100vw, 300px\" \/><\/a><\/p>\n<p>&nbsp;<\/p>\n<p>&nbsp;<\/p>\n<p>&nbsp;<\/p>\n<p>&nbsp;<\/p>\n<p style=\"font-weight: 400;\">\u201cDeixo com voc\u00eas a paz. \u00c9 a minha paz que eu lhes dou: n\u00e3o lhes dou a paz como o mundo a d\u00e1. N\u00e3o fiquem aflitos, nem tenham medo.\u201d \u2013 Jo\u00e3o 14.27<\/p>\n<p style=\"font-weight: 400;\">Susan Chou | @electedalien<\/p>\n<p>&nbsp;<\/p>\n<p>&nbsp;<\/p>\n<p>&nbsp;<\/p><\/blockquote>\n<p style=\"font-weight: 400;\">&nbsp;<\/p>\n<blockquote>\n<p style=\"font-weight: 400;\"><a href=\"https:\/\/ultimato.com.br\/sites\/blogdaultimato\/files\/2022\/05\/Capa_Ult_395_Lucas-Pegoraro.jpeg\" class=\"lightview\" data-lightview-group=\"group-16342\" data-lightview-options=\"skin: 'dark', controls: 'relative', padding: '10', shadow: { color: '#000000', opacity: 0.08, blur: 3 }\"><img loading=\"lazy\" decoding=\"async\" class=\"size-medium wp-image-16362 alignright\" src=\"https:\/\/ultimato.com.br\/sites\/blogdaultimato\/files\/2022\/05\/Capa_Ult_395_Lucas-Pegoraro-223x300.jpeg\" alt=\"\" width=\"223\" height=\"300\" srcset=\"https:\/\/ultimato.com.br\/sites\/blogdaultimato\/files\/2022\/05\/Capa_Ult_395_Lucas-Pegoraro-223x300.jpeg 223w, https:\/\/ultimato.com.br\/sites\/blogdaultimato\/files\/2022\/05\/Capa_Ult_395_Lucas-Pegoraro-732x985.jpeg 732w, https:\/\/ultimato.com.br\/sites\/blogdaultimato\/files\/2022\/05\/Capa_Ult_395_Lucas-Pegoraro.jpeg 750w\" sizes=\"auto, (max-width: 223px) 100vw, 223px\" \/><\/a><\/p>\n<p>&nbsp;<\/p>\n<p>&nbsp;<\/p>\n<p>&nbsp;<\/p>\n<p>&nbsp;<\/p>\n<p style=\"font-weight: 400;\">\u201cEntregue seu caminho ao Senhor: confie nele, e ele o ajudar\u00e1.\u201d \u2013 Salmos 37.5<\/p>\n<p style=\"font-weight: 400;\">Lucas Pegoraro | @creative.lucas<\/p>\n<p>&nbsp;<\/p>\n<p>&nbsp;<\/p>\n<p>&nbsp;<\/p>\n<p>&nbsp;<\/p>\n<p>&nbsp;<\/p><\/blockquote>\n<p style=\"font-weight: 400;\">&nbsp;<\/p>\n<blockquote>\n<p style=\"font-weight: 400;\"><a href=\"https:\/\/ultimato.com.br\/sites\/blogdaultimato\/files\/2022\/05\/Capa_Ult_395_Marcelo_B_IMG_2370.jpeg\" class=\"lightview\" data-lightview-group=\"group-16342\" data-lightview-options=\"skin: 'dark', controls: 'relative', padding: '10', shadow: { color: '#000000', opacity: 0.08, blur: 3 }\"><img loading=\"lazy\" decoding=\"async\" class=\"size-medium wp-image-16366 alignleft\" src=\"https:\/\/ultimato.com.br\/sites\/blogdaultimato\/files\/2022\/05\/Capa_Ult_395_Marcelo_B_IMG_2370-212x300.jpeg\" alt=\"\" width=\"212\" height=\"300\" srcset=\"https:\/\/ultimato.com.br\/sites\/blogdaultimato\/files\/2022\/05\/Capa_Ult_395_Marcelo_B_IMG_2370-212x300.jpeg 212w, https:\/\/ultimato.com.br\/sites\/blogdaultimato\/files\/2022\/05\/Capa_Ult_395_Marcelo_B_IMG_2370-724x1024.jpeg 724w, https:\/\/ultimato.com.br\/sites\/blogdaultimato\/files\/2022\/05\/Capa_Ult_395_Marcelo_B_IMG_2370-732x1036.jpeg 732w, https:\/\/ultimato.com.br\/sites\/blogdaultimato\/files\/2022\/05\/Capa_Ult_395_Marcelo_B_IMG_2370.jpeg 750w\" sizes=\"auto, (max-width: 212px) 100vw, 212px\" \/><\/a><\/p>\n<p>&nbsp;<\/p>\n<p>&nbsp;<\/p>\n<p>&nbsp;<\/p>\n<p style=\"font-weight: 400;\">\u201cRevistam-se de compaix\u00e3o, bondade, humildade, mansid\u00e3o e paci\u00eancia. Revistam-se do amor. Permitam que a paz de Cristo governe o seu cora\u00e7\u00e3o. Que a mensagem a respeito de Cristo preencha a vida de voc\u00eas.\u201d \u2013 Colossenses 3.12-14<\/p>\n<p style=\"font-weight: 400;\">Marcelo Bittencourt | @homemquevoa<\/p>\n<p>&nbsp;<\/p>\n<p>&nbsp;<\/p><\/blockquote>\n<p>&nbsp;<\/p>\n<p><strong>Leia mais:<\/strong><\/p>\n<p>&gt;&gt; <a href=\"https:\/\/ultimato.com.br\/sites\/blogdaultimato\/2022\/04\/12\/a-redescoberta-da-serenidade\/\">\u00c9 poss\u00edvel deixar de lado a inquieta\u00e7\u00e3o e a ansiedade<\/a><\/p>\n","protected":false},"excerpt":{"rendered":"<p>\u201cSerenidade\u201d \u00e9 definida como o estado da pessoa serena, que age de maneira calma e tranquila. Pode ser entendida tamb\u00e9m como a paz da mente, o equil\u00edbrio emocional, o estado n\u00e3o perturbado, o dom\u00ednio de si mesmo.&nbsp;F\u00faria, preocupa\u00e7\u00e3o, inquietude e agita\u00e7\u00e3o s\u00e3o alguns de seus ant\u00f4nimos.<br \/>\n\u201cSerenidade\u201d pressup\u00f5e a exist\u00eancia de adversidades: \u00e9 a condi\u00e7\u00e3o de [&#8230;]<\/p>\n","protected":false},"author":21,"featured_media":0,"comment_status":"open","ping_status":"open","sticky":false,"template":"","format":"standard","meta":{"ngg_post_thumbnail":0,"footnotes":""},"categories":[5153],"tags":[],"class_list":["post-16342","post","type-post","status-publish","format-standard","hentry","category-prateleira"],"_links":{"self":[{"href":"https:\/\/ultimato.com.br\/sites\/blogdaultimato\/wp-json\/wp\/v2\/posts\/16342","targetHints":{"allow":["GET"]}}],"collection":[{"href":"https:\/\/ultimato.com.br\/sites\/blogdaultimato\/wp-json\/wp\/v2\/posts"}],"about":[{"href":"https:\/\/ultimato.com.br\/sites\/blogdaultimato\/wp-json\/wp\/v2\/types\/post"}],"author":[{"embeddable":true,"href":"https:\/\/ultimato.com.br\/sites\/blogdaultimato\/wp-json\/wp\/v2\/users\/21"}],"replies":[{"embeddable":true,"href":"https:\/\/ultimato.com.br\/sites\/blogdaultimato\/wp-json\/wp\/v2\/comments?post=16342"}],"version-history":[{"count":24,"href":"https:\/\/ultimato.com.br\/sites\/blogdaultimato\/wp-json\/wp\/v2\/posts\/16342\/revisions"}],"predecessor-version":[{"id":16380,"href":"https:\/\/ultimato.com.br\/sites\/blogdaultimato\/wp-json\/wp\/v2\/posts\/16342\/revisions\/16380"}],"wp:attachment":[{"href":"https:\/\/ultimato.com.br\/sites\/blogdaultimato\/wp-json\/wp\/v2\/media?parent=16342"}],"wp:term":[{"taxonomy":"category","embeddable":true,"href":"https:\/\/ultimato.com.br\/sites\/blogdaultimato\/wp-json\/wp\/v2\/categories?post=16342"},{"taxonomy":"post_tag","embeddable":true,"href":"https:\/\/ultimato.com.br\/sites\/blogdaultimato\/wp-json\/wp\/v2\/tags?post=16342"}],"curies":[{"name":"wp","href":"https:\/\/api.w.org\/{rel}","templated":true}]}}