{"id":16313,"date":"2022-04-12T10:32:17","date_gmt":"2022-04-12T12:32:17","guid":{"rendered":"https:\/\/ultimato.com.br\/sites\/blogdaultimato\/?p=16313"},"modified":"2022-05-13T14:15:30","modified_gmt":"2022-05-13T16:15:30","slug":"a-redescoberta-da-serenidade","status":"publish","type":"post","link":"https:\/\/ultimato.com.br\/sites\/blogdaultimato\/2022\/04\/12\/a-redescoberta-da-serenidade\/","title":{"rendered":"\u00c9 poss\u00edvel deixar de lado\u00a0a inquieta\u00e7\u00e3o e a ansiedade!"},"content":{"rendered":"<div>\n<div id=\"attachment_16374\" style=\"width: 310px\" class=\"wp-caption alignright\"><a href=\"https:\/\/ultimato.com.br\/sites\/blogdaultimato\/files\/2022\/04\/blog_ultimato.jpeg\" class=\"lightview\" data-lightview-group=\"group-16313\" data-lightview-options=\"skin: 'dark', controls: 'relative', padding: '10', shadow: { color: '#000000', opacity: 0.08, blur: 3 }\"><img loading=\"lazy\" decoding=\"async\" aria-describedby=\"caption-attachment-16374\" class=\"wp-image-16374\" src=\"https:\/\/ultimato.com.br\/sites\/blogdaultimato\/files\/2022\/04\/blog_ultimato-208x300.jpeg\" alt=\"\" width=\"300\" height=\"433\" srcset=\"https:\/\/ultimato.com.br\/sites\/blogdaultimato\/files\/2022\/04\/blog_ultimato-208x300.jpeg 208w, https:\/\/ultimato.com.br\/sites\/blogdaultimato\/files\/2022\/04\/blog_ultimato.jpeg 693w\" sizes=\"auto, (max-width: 300px) 100vw, 300px\" \/><\/a><p id=\"caption-attachment-16374\" class=\"wp-caption-text\">&nbsp;<\/p><\/div>\n<p dir=\"ltr\">Inquietos e ansiosos: \u00e9 assim que a maioria de n\u00f3s passa boa parte dos dias. A ponto de achar que \u00e9 um estado natural. Ao mesmo tempo, todos ansiamos por momentos de entrega, confian\u00e7a, descanso.&nbsp;<\/p>\n<p dir=\"ltr\">Precisamos [re]descobrir a serenidade, que \u00e9 um tema b\u00edblico, embora Jesus, os salmistas, os profetas e os autores das cartas se refiram a este estado usando outras express\u00f5es. O reino de Deus \u00e9 essencialmente um espa\u00e7o de serenidade \u2013 individual e coletivo. Os tr\u00eas maiores dons \u2013 f\u00e9, esperan\u00e7a e amor \u2013 e v\u00e1rios aspectos do fruto do Esp\u00edrito \u2013 dom\u00ednio pr\u00f3prio, alegria, humildade, mansid\u00e3o, paz \u2013 s\u00e3o \u00e2ncoras da serenidade. Como Consolador, o Esp\u00edrito Santo gera e mant\u00e9m em n\u00f3s a serenidade.<\/p>\n<p dir=\"ltr\">O que Asafe, ministro de louvor, descreve no Salmo 73 \u00e9 uma intensa crise de falta de serenidade, a tal ponto de quase negar a f\u00e9; gra\u00e7as a Deus ele registrou: \u201cQuando o meu cora\u00e7\u00e3o estava amargurado, agi como insensato e ignorante. Contudo, sempre estou contigo; tomas a minha m\u00e3o direita e me sust\u00e9ns\u201d.&nbsp;<\/p>\n<p dir=\"ltr\">Como escreveu o pastor Ricardo Barbosa: \u201cA serenidade da alma expressa o desejo de ouvir e conhecer os pensamentos de Deus, submeter-se a eles e experimentar a consci\u00eancia de sua presen\u00e7a. Por outro lado, a ansiedade \u00e9 a rea\u00e7\u00e3o emocional de uma alma inquieta e perturbada, que encontra dificuldade em se submeter a Deus e que insiste em ter o controle de todas as coisas.\u201d (<a href=\"https:\/\/www.ultimato.com.br\/revista\/artigos\/381\/a-serenidade-da-alma\" target=\"_blank\" rel=\"noopener\" data-saferedirecturl=\"https:\/\/www.google.com\/url?q=https:\/\/www.ultimato.com.br\/revista\/artigos\/381\/a-serenidade-da-alma&amp;source=gmail&amp;ust=1652524708531000&amp;usg=AOvVaw24XkKu22QxsvBfb5-K-Rdb\">A serenidade da alma<\/a>)<\/p>\n<p dir=\"ltr\">Inspirada na mat\u00e9ria de capa da edi\u00e7\u00e3o de maio\/junho &#8211; <a href=\"https:\/\/www.ultimato.com.br\/revista\/\">A [re] descoberta da serenidade<\/a> &#8211; Ultimato selecionou alguns artigos, estudos b\u00edblicos, devocionais e livros sobre o tema. Confira abaixo.<\/p>\n<\/div>\n<div>&nbsp;<\/div>\n<div>\n<div class=\"gmail_default\">\n<div class=\"gmail_default\">\n<div class=\"gmail_default\">\n<p><strong>ARTIGOS<\/strong><br \/>\n&#8211; <a href=\"https:\/\/www.ultimato.com.br\/revista\/artigos\/381\/a-serenidade-da-alma\">A serenidade da alma<\/a> | Ricardo Barbosa<br \/>\n&#8211; <a href=\"https:\/\/www.ultimato.com.br\/conteudo\/felizes-os-mansos\">Felizes os mansos<\/a> | Prateleira<br \/>\n&#8211; <a href=\"https:\/\/www.ultimato.com.br\/conteudo\/nao-fuja-das-provacoes-encare-as-com-paciencia\">N\u00e3o fuja das prova\u00e7\u00f5es: encare-as (com paci\u00eancia)<\/a> | Ana Claudia Luz<br \/>\n&#8211; <a href=\"https:\/\/www.ultimato.com.br\/revista\/artigos\/386\/a-noite-escura-e-a-manha-ensolarada\">A noite escura e a manh\u00e3 ensolarada<\/a> | Ricardo Barbosa<br \/>\n&#8211; <a href=\"https:\/\/www.ultimato.com.br\/revista\/artigos\/375\/contemplacao\">Contempla\u00e7\u00e3o<\/a> | Rubem Amorese<br \/>\n&#8211; <a href=\"https:\/\/www.ultimato.com.br\/conteudo\/seja-leve\">Seja leve<\/a> | S\u00f4nia Couto<br \/>\n&#8211; <a href=\"https:\/\/www.ultimato.com.br\/conteudo\/a-intercessao-de-jesus-cristo\">Da ora\u00e7\u00e3o egoc\u00eantrica para a declara\u00e7\u00e3o de confian\u00e7a, afeto e esperan\u00e7a<\/a> | Osmar Ludovico<br \/>\n&#8211; <a href=\"https:\/\/www.ultimato.com.br\/conteudo\/o-colecionador-de-dias\">O colecionador de dias<\/a> | Rubem Amorese<br \/>\n&#8211; <a href=\"https:\/\/www.ultimato.com.br\/conteudo\/c-s-lewis-e-o-deus-alem-da-dor-e-da-desesperanca\">C. S. Lewis e o Deus al\u00e9m da dor e da desesperan\u00e7a<\/a> | Rosifran Macedo<\/p>\n<p><strong>ESTUDOS B\u00cdBLICOS<\/strong><br \/>\n&#8211; <a href=\"https:\/\/ultimato.com.br\/sites\/estudos-biblicos\/assunto\/igreja\/o-livro-dos-salmos-contra-a-ansiedade\/\">O livro dos Salmos contra a ansiedade<\/a><br \/>\n&#8211; <a href=\"https:\/\/ultimato.com.br\/sites\/estudos-biblicos\/assunto\/igreja\/deus-cuida-de-voce\/\">Deus cuida de voc\u00ea<\/a><br \/>\n&#8211; <a href=\"https:\/\/ultimato.com.br\/sites\/estudos-biblicos\/assunto\/igreja\/o-que-fazer-em-meio-ao-sofrimento\/\">O que fazer em meio ao sofrimento<\/a><br \/>\n&#8211; <a href=\"https:\/\/ultimato.com.br\/sites\/estudos-biblicos\/assunto\/igreja\/confianca-em-deus-para-enfrentar-a-ansiedade\/\">Confian\u00e7a em Deus para enfrentar a ansiedade<\/a><br \/>\n&#8211; <a href=\"https:\/\/ultimato.com.br\/sites\/estudos-biblicos\/assunto\/vida-crista\/pratica-da-confianca\/\">Pr\u00e1tica da confian\u00e7a<\/a><br \/>\n&#8211; <a href=\"https:\/\/ultimato.com.br\/sites\/estudos-biblicos\/assunto\/espiritualidade\/ainda-que\/\">Onde est\u00e1 a nossa seguran\u00e7a?<\/a><br \/>\n&#8211; <a href=\"https:\/\/ultimato.com.br\/sites\/estudos-biblicos\/assunto\/vida-crista\/a-paz-do-senhor-2\/\">A paz do Senhor<\/a><br \/>\n&#8211; <a href=\"https:\/\/ultimato.com.br\/sites\/estudos-biblicos\/assunto\/vida-crista\/lancando-nossa-ansiedade-sobre-deus\/\">Lan\u00e7ando nossa ansiedade sobre Deus<\/a><br \/>\n&#8211; <a href=\"https:\/\/ultimato.com.br\/sites\/estudos-biblicos\/assunto\/vida-crista\/cultivando-a-paz-em-nosso-coracao\/\">Cultivando a paz em nosso cora\u00e7\u00e3o<\/a><\/p>\n<p><strong>LIVROS<\/strong><br \/>\n&#8211; <a href=\"https:\/\/www.ultimato.com.br\/loja\/produtos\/a-oracao-nossa-de-cada-dia\">A Ora\u00e7\u00e3o Nossa de Cada Dia<\/a> | Carlos Queiroz<br \/>\n&#8211; Devocion\u00e1rio <a href=\"https:\/\/www.ultimato.com.br\/loja\/produtos\/conhecendo-a-deus-ao-longo-do-ano\">Conhecendo a Deus ao Longo do Ano<\/a> | J. I. Packer<br \/>\n&#8211; <a href=\"https:\/\/www.ultimato.com.br\/loja\/produtos\/nao-perca-jesus-de-vista\">N\u00e3o Perca Jesus de Vista<\/a> | Elben C\u00e9sar<br \/>\n&#8211; <a href=\"https:\/\/www.ultimato.com.br\/loja\/produtos\/o-caminho-do-coracao\">O Caminho do Cora\u00e7\u00e3o<\/a> | Ricardo Barbosa<br \/>\n&#8211; <a href=\"https:\/\/www.ultimato.com.br\/loja\/produtos\/salmos-favoritos\">Salmos Favoritos<\/a> | John Stott<br \/>\n&#8211; <a href=\"https:\/\/www.ultimato.com.br\/loja\/produtos\/teologia-para-o-cotidiano\">Teologia Para o Cotidiano<\/a> | Elben C\u00e9sar<\/p>\n<\/div>\n<p><strong>DEVOCIONAIS<\/strong><br \/>\n&#8211; <a href=\"https:\/\/open.spotify.com\/episode\/3hQw96VojtjLOQD14sGC5V?si=7m9ut08YQhOoMhzoKBsjfw&amp;nd=1\">Livre de tribula\u00e7\u00f5es?<\/a> &#8211; J. I. Packer<br \/>\n&#8211; <a href=\"https:\/\/open.spotify.com\/episode\/5YEx1ocMA4RGGhN8WvSlY1?si=6adaa08eb3894645&amp;nd=1\">Vida plena<\/a> &#8211; Tonica<br \/>\n&#8211; <a href=\"https:\/\/open.spotify.com\/episode\/6y7MoDAjnSo53ayEYvn8uC?si=fd1c567ec689449a&amp;nd=1\">A paz de Deus<\/a> &#8211; J. I. Packer<br \/>\n&#8211; <a href=\"https:\/\/open.spotify.com\/episode\/6g1jZoWcwHRredNRkVc0HQ?si=54t3kaQKS4i5CtZBXNFZag&amp;nd=1\">Aprender a viver contente<\/a> &#8211; Elben C\u00e9sar<br \/>\n&#8211; <a href=\"https:\/\/open.spotify.com\/episode\/6AXUuT36shs50zIhGPo8Gv?si=o8lL6V4LRliHJHDnYXTDew&amp;nd=1\">Paciencia no sofrimento<\/a> &#8211; Martinho Lutero<br \/>\n&#8211; <a href=\"https:\/\/open.spotify.com\/episode\/00wWLOB75bnd4anpr8IRAX?si=IwvUmjshRtOAesXUjDwF9g&amp;nd=1\">Nunca estamos sozinhos<\/a> &#8211; Elben C\u00e9sar<br \/>\n&#8211; <a href=\"https:\/\/open.spotify.com\/episode\/320u03npatIgUoy89tyB4M?si=pn3-o74PQZ-mrYzrTQi1MA&amp;nd=1\">Convite \u00e0 do\u00e7ura<\/a> &#8211; Isabelle Ludovico<br \/>\n&#8211; <a href=\"https:\/\/open.spotify.com\/episode\/01tkxSxxzxgu7v9PoE0HAS?si=lYPWalx_RK-kzSfkmls3MQ&amp;nd=1\">Conforto<\/a> &#8211; J. I. Packer<br \/>\n&#8211; <a href=\"https:\/\/open.spotify.com\/episode\/7dtVf9bq9GUQTYIOHWA5hs?si=l_t--1dKSZiqszjNsNwP0A&amp;nd=1\">Um dia por dia<\/a> &#8211; Elben C\u00e9sar<br \/>\n&#8211; <a href=\"https:\/\/open.spotify.com\/episode\/7JQphBkywFdwjVHJP02sYk?si=Hqqj-SA-SIWDhoh7dP5wAQ&amp;nd=1\">Simplicidade<\/a> &#8211; Elben C\u00e9sar<br \/>\n&#8211; <a href=\"https:\/\/open.spotify.com\/episode\/2aG2poINd2sETaFInVxvi2?si=8eANBUlnRV6Zcam6tJ_8zg&amp;nd=1\">Os benef\u00edcios do sofrimento<\/a> &#8211; Martinho Lutero<br \/>\n&#8211; <a href=\"https:\/\/open.spotify.com\/episode\/79iiFS67lXzJDkqw7g6fQC?si=2jN6FztNStqcXcRO2nMoVg&amp;nd=1\">Confiando&nbsp;em Deus em tempos dif\u00edceis<\/a> &#8211; Martinho Lutero<\/p>\n<\/div>\n<p><strong>Leia mais:<\/strong><\/p>\n<p>&gt;&gt; <a href=\"https:\/\/ultimato.com.br\/sites\/blogdaultimato\/2022\/05\/10\/a-redescoberta-da-serenidade-inspirada-na-arte\/\">A [re] descoberta da serenidade &#8211; inspirada na arte<\/a><\/p>\n<\/div>\n<\/div>\n","protected":false},"excerpt":{"rendered":"<p>Inquietos e ansiosos: \u00e9 assim que a maioria de n\u00f3s passa boa parte dos dias. A ponto de achar que \u00e9 um estado natural. Ao mesmo tempo, todos ansiamos por momentos de entrega, confian\u00e7a, descanso.&nbsp;<br \/>\nPrecisamos [re]descobrir a serenidade, que \u00e9 um tema b\u00edblico, embora Jesus, os salmistas, os profetas e os autores das cartas se [&#8230;]<\/p>\n","protected":false},"author":21,"featured_media":0,"comment_status":"open","ping_status":"open","sticky":false,"template":"","format":"standard","meta":{"ngg_post_thumbnail":0,"footnotes":""},"categories":[5153],"tags":[],"class_list":["post-16313","post","type-post","status-publish","format-standard","hentry","category-prateleira"],"_links":{"self":[{"href":"https:\/\/ultimato.com.br\/sites\/blogdaultimato\/wp-json\/wp\/v2\/posts\/16313","targetHints":{"allow":["GET"]}}],"collection":[{"href":"https:\/\/ultimato.com.br\/sites\/blogdaultimato\/wp-json\/wp\/v2\/posts"}],"about":[{"href":"https:\/\/ultimato.com.br\/sites\/blogdaultimato\/wp-json\/wp\/v2\/types\/post"}],"author":[{"embeddable":true,"href":"https:\/\/ultimato.com.br\/sites\/blogdaultimato\/wp-json\/wp\/v2\/users\/21"}],"replies":[{"embeddable":true,"href":"https:\/\/ultimato.com.br\/sites\/blogdaultimato\/wp-json\/wp\/v2\/comments?post=16313"}],"version-history":[{"count":6,"href":"https:\/\/ultimato.com.br\/sites\/blogdaultimato\/wp-json\/wp\/v2\/posts\/16313\/revisions"}],"predecessor-version":[{"id":16378,"href":"https:\/\/ultimato.com.br\/sites\/blogdaultimato\/wp-json\/wp\/v2\/posts\/16313\/revisions\/16378"}],"wp:attachment":[{"href":"https:\/\/ultimato.com.br\/sites\/blogdaultimato\/wp-json\/wp\/v2\/media?parent=16313"}],"wp:term":[{"taxonomy":"category","embeddable":true,"href":"https:\/\/ultimato.com.br\/sites\/blogdaultimato\/wp-json\/wp\/v2\/categories?post=16313"},{"taxonomy":"post_tag","embeddable":true,"href":"https:\/\/ultimato.com.br\/sites\/blogdaultimato\/wp-json\/wp\/v2\/tags?post=16313"}],"curies":[{"name":"wp","href":"https:\/\/api.w.org\/{rel}","templated":true}]}}