{"id":16234,"date":"2022-02-08T12:22:58","date_gmt":"2022-02-08T14:22:58","guid":{"rendered":"https:\/\/ultimato.com.br\/sites\/blogdaultimato\/?p=16234"},"modified":"2022-02-08T12:36:19","modified_gmt":"2022-02-08T14:36:19","slug":"minha-historia-com-a-ultimato-contada-nos-seus-54-anos-15","status":"publish","type":"post","link":"https:\/\/ultimato.com.br\/sites\/blogdaultimato\/2022\/02\/08\/minha-historia-com-a-ultimato-contada-nos-seus-54-anos-15\/","title":{"rendered":"Minha Hist\u00f3ria Com a Ultimato \u2013 contada nos seus 54 anos"},"content":{"rendered":"<p><em>Por Jos\u00e9 Ant\u00f4nio, Joberson, T\u00e2nia, Lucas<\/em><\/p>\n<p><strong><a href=\"https:\/\/ultimato.com.br\/sites\/blogdaultimato\/files\/2022\/01\/mhcu-3.jpg\" class=\"lightview\" data-lightview-group=\"group-16234\" data-lightview-options=\"skin: 'dark', controls: 'relative', padding: '10', shadow: { color: '#000000', opacity: 0.08, blur: 3 }\"><img loading=\"lazy\" decoding=\"async\" class=\"alignright size-full wp-image-16180\" src=\"https:\/\/ultimato.com.br\/sites\/blogdaultimato\/files\/2022\/01\/mhcu-3.jpg\" alt=\"\" width=\"200\" height=\"203\"><\/a>Ultimato para conhecimento, devo\u00e7\u00e3o e inspira\u00e7\u00e3o<\/strong><\/p>\n<p><span style=\"font-weight: 400;\">Leio a <\/span><b>Ultimato<\/b><span style=\"font-weight: 400;\"> j\u00e1 faz tempo, que me perco no tempo. \u00c9 uma rela\u00e7\u00e3o de confian\u00e7a, aprendizado e admira\u00e7\u00e3o pelo bom trabalho realizado pela equipe editorial. Sou pastor presbiteriano independente jubilado, mas continuo ministrando nas igrejas do meu Presbit\u00e9rio. E tenho a <\/span><b>Ultimato<\/b><span style=\"font-weight: 400;\"> como uma ferramenta importante para ampliar meu conhecimento devocional e inspira\u00e7\u00e3o para o servi\u00e7o pastoral e crescimento pessoal.<\/span><\/p>\n<p><span style=\"font-weight: 400;\">Minha ora\u00e7\u00e3o \u00e9 que Deus sustente toda a equipe que faz a revista com disposi\u00e7\u00e3o, discernimento e sabedoria, al\u00e9m de manter em atividade a institui\u00e7\u00e3o que faz a revista ser um bom produto a servi\u00e7o das pessoas. Que a gra\u00e7a educadora de Jesus seja com voc\u00eas. Am\u00e9m.<\/span><\/p>\n<p><em><span style=\"font-weight: 400;\">Jos\u00e9 Antonio Gon\u00e7alves<\/span><\/em><\/p>\n<p>&nbsp;<\/p>\n<p><strong>Bastou um exemplar!<\/strong><\/p>\n<p><span style=\"font-weight: 400;\">Quando eu estava no semin\u00e1rio, uma querida amiga me apresentou a <\/span><b>Ultimato<\/b><span style=\"font-weight: 400;\">. Uma amostra do exemplar e eu fiquei muito surpreso com a exist\u00eancia de uma editora que preza pela verdade do conte\u00fado de suas mat\u00e9rias e pelo cuidado com os materiais entregues aos leitores. Fico muito feliz pela exist\u00eancia da Ultimato e seu trabalho executado com excel\u00eancia. Hoje j\u00e1 s\u00e3o tr\u00eas anos de assinatura e muito material para compartilhar com o povo de Deus.<\/span><\/p>\n<p><em><span style=\"font-weight: 400;\">Joberson S. da Silva<\/span><\/em><\/p>\n<p>&nbsp;<\/p>\n<p><strong><a href=\"https:\/\/www.ultimato.com.br\/revista\/315\"><img loading=\"lazy\" decoding=\"async\" class=\"alignright wp-image-16235 size-full\" title=\"Edi\u00e7\u00e3o 315\" src=\"https:\/\/ultimato.com.br\/sites\/blogdaultimato\/files\/2022\/02\/mhcu_315.jpg\" alt=\"\" width=\"160\" height=\"204\"><\/a>Ultimato: longevidade e coer\u00eancia que precisam ser celebradas<\/strong><\/p>\n<p><span style=\"font-weight: 400;\">Eu n\u00e3o me lembro quando comecei a ler a <\/span><b>Ultimato<\/b><span style=\"font-weight: 400;\">, mas foi inesquec\u00edvel a visita que pude fazer \u00e0 editora em 2008. Perceber como as pessoas que fazem parte da equipe, o espa\u00e7o f\u00edsico, incluindo o jardim, e os temas que a revista apresenta comp\u00f5em um &#8220;todo&#8221; org\u00e2nico, para mim \u00e9 a resposta da longevidade e coer\u00eancia que precisa ser celebrada! Me sinto parte disso tudo quando leio os artigos, n\u00e3o estou s\u00f3 na caminhada, mas junto com todos e todas que que creem no evangelho integral e na igreja de Jesus. Parab\u00e9ns pelos 54 anos Ultimato!<\/span><\/p>\n<p><em><span style=\"font-weight: 400;\">T\u00e2nia de M. Wutzki<\/span><\/em><\/p>\n<p>&nbsp;<\/p>\n<p><strong>Ultimato \u2013 teologia permeando a vida<\/strong><\/p>\n<p><span style=\"font-weight: 400;\">Por meio da <\/span><b>Ultimato<\/b><span style=\"font-weight: 400;\">, o Senhor me despertou para o valor inestim\u00e1vel da teologia permeando toda a vida. Deus \u00e9 real e a vida com ele \u00e9 significativamente cheia de frutos doces \u2014 para n\u00f3s mesmos e para aqueles que nos cercam.<\/span><\/p>\n<p><em><span style=\"font-weight: 400;\">Lucas C. S. Gon\u00e7alves<\/span><\/em><\/p>\n","protected":false},"excerpt":{"rendered":"<p>Por Jos\u00e9 Ant\u00f4nio, Joberson, T\u00e2nia, Lucas<br \/>\nUltimato para conhecimento, devo\u00e7\u00e3o e inspira\u00e7\u00e3o<br \/>\nLeio a Ultimato j\u00e1 faz tempo, que me perco no tempo. \u00c9 uma rela\u00e7\u00e3o de confian\u00e7a, aprendizado e admira\u00e7\u00e3o pelo bom trabalho realizado pela equipe editorial. Sou pastor presbiteriano independente jubilado, mas continuo ministrando nas igrejas do meu Presbit\u00e9rio. E tenho a Ultimato como uma [&#8230;]<\/p>\n","protected":false},"author":21,"featured_media":0,"comment_status":"open","ping_status":"open","sticky":false,"template":"","format":"standard","meta":{"ngg_post_thumbnail":0,"footnotes":""},"categories":[5153],"tags":[45726],"class_list":["post-16234","post","type-post","status-publish","format-standard","hentry","category-prateleira","tag-54-anos-ultimato"],"_links":{"self":[{"href":"https:\/\/ultimato.com.br\/sites\/blogdaultimato\/wp-json\/wp\/v2\/posts\/16234","targetHints":{"allow":["GET"]}}],"collection":[{"href":"https:\/\/ultimato.com.br\/sites\/blogdaultimato\/wp-json\/wp\/v2\/posts"}],"about":[{"href":"https:\/\/ultimato.com.br\/sites\/blogdaultimato\/wp-json\/wp\/v2\/types\/post"}],"author":[{"embeddable":true,"href":"https:\/\/ultimato.com.br\/sites\/blogdaultimato\/wp-json\/wp\/v2\/users\/21"}],"replies":[{"embeddable":true,"href":"https:\/\/ultimato.com.br\/sites\/blogdaultimato\/wp-json\/wp\/v2\/comments?post=16234"}],"version-history":[{"count":2,"href":"https:\/\/ultimato.com.br\/sites\/blogdaultimato\/wp-json\/wp\/v2\/posts\/16234\/revisions"}],"predecessor-version":[{"id":16240,"href":"https:\/\/ultimato.com.br\/sites\/blogdaultimato\/wp-json\/wp\/v2\/posts\/16234\/revisions\/16240"}],"wp:attachment":[{"href":"https:\/\/ultimato.com.br\/sites\/blogdaultimato\/wp-json\/wp\/v2\/media?parent=16234"}],"wp:term":[{"taxonomy":"category","embeddable":true,"href":"https:\/\/ultimato.com.br\/sites\/blogdaultimato\/wp-json\/wp\/v2\/categories?post=16234"},{"taxonomy":"post_tag","embeddable":true,"href":"https:\/\/ultimato.com.br\/sites\/blogdaultimato\/wp-json\/wp\/v2\/tags?post=16234"}],"curies":[{"name":"wp","href":"https:\/\/api.w.org\/{rel}","templated":true}]}}