{"id":16228,"date":"2022-02-08T12:16:12","date_gmt":"2022-02-08T14:16:12","guid":{"rendered":"https:\/\/ultimato.com.br\/sites\/blogdaultimato\/?p=16228"},"modified":"2022-02-08T12:38:28","modified_gmt":"2022-02-08T14:38:28","slug":"minha-historia-com-a-ultimato-contada-nos-seus-54-anos-14","status":"publish","type":"post","link":"https:\/\/ultimato.com.br\/sites\/blogdaultimato\/2022\/02\/08\/minha-historia-com-a-ultimato-contada-nos-seus-54-anos-14\/","title":{"rendered":"Minha Hist\u00f3ria Com a Ultimato \u2013 contada nos seus 54 anos"},"content":{"rendered":"<p><em>Por Eduardo, Anderson, Wagner, Maria Betania<\/em><\/p>\n<p><strong><a href=\"https:\/\/ultimato.com.br\/sites\/blogdaultimato\/files\/2022\/01\/mhcu-3.jpg\" class=\"lightview\" data-lightview-group=\"group-16228\" data-lightview-options=\"skin: 'dark', controls: 'relative', padding: '10', shadow: { color: '#000000', opacity: 0.08, blur: 3 }\"><img loading=\"lazy\" decoding=\"async\" class=\"alignright wp-image-16180 size-full\" src=\"https:\/\/ultimato.com.br\/sites\/blogdaultimato\/files\/2022\/01\/mhcu-3.jpg\" alt=\"\" width=\"200\" height=\"203\"><\/a>Fonte de conhecimento e crescimento para mim e para minha m\u00e3e<\/strong><\/p>\n<p>Conheci a Ultimato quando fazia faculdade (UNESP ARA\u00c7ATUBA) e participava da ABU.<\/p>\n<p>A revista foi uma fonte imensa de conhecimento e crescimento para a minha vida e para a de minha m\u00e3e \u2013 que era crente antiga, mas se renovou com tantas mat\u00e9rias desafiadoras que a revista trazia.<\/p>\n<p>Lembro-me at\u00e9 hoje de uma mat\u00e9ria sobre o Mineiro Com Cara de Matuto na Turquia. Como foi maravilhoso aquele texto. Viajei junto com ele.<\/p>\n<p>Depois de uns anos, acabei perdendo a assinatura. Mas desde dezembro de 2021 estou assinando de novo e \u00e9 muito bom perceber que a revista continua com a mesma qualidade e sempre nos desafiando a examinar-nos a n\u00f3s mesmos. Ela me ajuda a crescer espiritualmente.<\/p>\n<p>Conheci Tonica (Antonia Leonora van der Meer, colaboradora da revista e autora de livro Ultimato) na \u00e9poca da ABU e tenho o livro \u201cEstudo b\u00edblico indutivo\u201d, de autoria dela, autografado. Maravilhoso. Ela \u00e9 um exemplo de mission\u00e1ria.<\/p>\n<p><em>Eduardo G. dos Santos<\/em><\/p>\n<p>&nbsp;<\/p>\n<p><strong>Conheci por indica\u00e7\u00e3o<\/strong><\/p>\n<p>Conheci a Ultimato por indica\u00e7\u00e3o do pastor Ricardo Pena. Tive a curiosidade de conhecer a revista e fiz a minha primeira assinatura. Desde ent\u00e3o, sou assinante at\u00e9 hoje, para honra e gl\u00f3ria do Senhor. Parab\u00e9ns a todos que trabalham para oferecer conte\u00fado rico e edificante.<\/p>\n<p><em>Anderson R. de Santana<\/em><\/p>\n<p>&nbsp;<\/p>\n<p><strong><a href=\"https:\/\/www.ultimato.com.br\/revista\/345\"><img loading=\"lazy\" decoding=\"async\" class=\"alignright wp-image-16232 size-full\" title=\"Edi\u00e7\u00e3o 345\" src=\"https:\/\/ultimato.com.br\/sites\/blogdaultimato\/files\/2022\/02\/mhcu_345.jpg\" alt=\"\" width=\"160\" height=\"210\"><\/a>Na sala de espera do consult\u00f3rio<\/strong><\/p>\n<p>Conheci a Ultimato na sala de espera do consult\u00f3rio de um dentista, amigo meu, que tamb\u00e9m \u00e9 professor de B\u00edblia, conselheiro e pastor na igreja em que congrega. Na sala de espera dele s\u00f3 h\u00e1 exemplares da Ultimato e da revista Portas Abertas. Notei a qualidade de capa a capa desses materiais que conseguem manter a qualidade de informa\u00e7\u00e3o geral e espiritual. Amei e fiz a assinatura das duas. N\u00e3o guardei bem, mas acredito que \u00e9 o terceiro ano ou mais que renovo com gosto a cada vencimento. Muito obrigado e parab\u00e9ns a toda equipe da Ultimato!<\/p>\n<p><em>Wagner F. Frois<\/em><\/p>\n<p>&nbsp;<\/p>\n<p>Gostaria de relatar minha experi\u00eancia tardia com essa excelente revista. Estava na sala de espera do hospital do servidor p\u00fablico de S\u00e3o Paulo quando encontrei entre as revistas dispon\u00edveis para os pacientes um exemplar da Ultimato. Isto foi em 2019. Fiquei bastante satisfeita com o conte\u00fado e logo fiz minha assinatura. A revista traz assuntos relevantes para nosso crescimento espiritual.<\/p>\n<p><em>Maria Betania P. da Silva<\/em><\/p>\n","protected":false},"excerpt":{"rendered":"<p>Por Eduardo, Anderson, Wagner, Maria Betania<br \/>\nFonte de conhecimento e crescimento para mim e para minha m\u00e3e<br \/>\nConheci a Ultimato quando fazia faculdade (UNESP ARA\u00c7ATUBA) e participava da ABU.<br \/>\nA revista foi uma fonte imensa de conhecimento e crescimento para a minha vida e para a de minha m\u00e3e \u2013 que era crente antiga, mas se renovou com [&#8230;]<\/p>\n","protected":false},"author":21,"featured_media":0,"comment_status":"open","ping_status":"open","sticky":false,"template":"","format":"standard","meta":{"ngg_post_thumbnail":0,"footnotes":""},"categories":[5153],"tags":[45726],"class_list":["post-16228","post","type-post","status-publish","format-standard","hentry","category-prateleira","tag-54-anos-ultimato"],"_links":{"self":[{"href":"https:\/\/ultimato.com.br\/sites\/blogdaultimato\/wp-json\/wp\/v2\/posts\/16228","targetHints":{"allow":["GET"]}}],"collection":[{"href":"https:\/\/ultimato.com.br\/sites\/blogdaultimato\/wp-json\/wp\/v2\/posts"}],"about":[{"href":"https:\/\/ultimato.com.br\/sites\/blogdaultimato\/wp-json\/wp\/v2\/types\/post"}],"author":[{"embeddable":true,"href":"https:\/\/ultimato.com.br\/sites\/blogdaultimato\/wp-json\/wp\/v2\/users\/21"}],"replies":[{"embeddable":true,"href":"https:\/\/ultimato.com.br\/sites\/blogdaultimato\/wp-json\/wp\/v2\/comments?post=16228"}],"version-history":[{"count":5,"href":"https:\/\/ultimato.com.br\/sites\/blogdaultimato\/wp-json\/wp\/v2\/posts\/16228\/revisions"}],"predecessor-version":[{"id":16242,"href":"https:\/\/ultimato.com.br\/sites\/blogdaultimato\/wp-json\/wp\/v2\/posts\/16228\/revisions\/16242"}],"wp:attachment":[{"href":"https:\/\/ultimato.com.br\/sites\/blogdaultimato\/wp-json\/wp\/v2\/media?parent=16228"}],"wp:term":[{"taxonomy":"category","embeddable":true,"href":"https:\/\/ultimato.com.br\/sites\/blogdaultimato\/wp-json\/wp\/v2\/categories?post=16228"},{"taxonomy":"post_tag","embeddable":true,"href":"https:\/\/ultimato.com.br\/sites\/blogdaultimato\/wp-json\/wp\/v2\/tags?post=16228"}],"curies":[{"name":"wp","href":"https:\/\/api.w.org\/{rel}","templated":true}]}}