{"id":16226,"date":"2022-02-08T10:52:12","date_gmt":"2022-02-08T12:52:12","guid":{"rendered":"https:\/\/ultimato.com.br\/sites\/blogdaultimato\/?p=16226"},"modified":"2025-06-24T21:59:12","modified_gmt":"2025-06-24T23:59:12","slug":"a-um-clique-conteudo-extra-da-edicao-394-de-ultimato","status":"publish","type":"post","link":"https:\/\/ultimato.com.br\/sites\/blogdaultimato\/2022\/02\/08\/a-um-clique-conteudo-extra-da-edicao-394-de-ultimato\/","title":{"rendered":"A um clique: conte\u00fado extra da edi\u00e7\u00e3o 394 de Ultimato"},"content":{"rendered":"<p><strong><a href=\"https:\/\/www.ultimato.com.br\/revista\/394\"><img loading=\"lazy\" decoding=\"async\" class=\"alignright wp-image-16340 size-full\" title=\"Edi\u00e7\u00e3o 394\" src=\"https:\/\/ultimato.com.br\/sites\/blogdaultimato\/files\/2022\/02\/show_img.jpg\" alt=\"\" width=\"160\" height=\"210\"><\/a>Leia mais do que foi oferecido na edi\u00e7\u00e3o de <a href=\"https:\/\/www.ultimato.com.br\/revista\/394\">Mar\u00e7o\/Abril<\/a> de Ultimato<\/strong><\/p>\n<p>Ultimato oferece muito mais conte\u00fado para o leitor aprofundar-se nos assuntos de cada se\u00e7\u00e3o da revista. Nesta postagem voc\u00ea pode conhecer todo o conte\u00fado extra que foi divulgado na edi\u00e7\u00e3o de <strong><a href=\"https:\/\/www.ultimato.com.br\/revista\/394\">Mar\u00e7o\/Abril<\/a><\/strong>&nbsp;de&nbsp;<strong>Ultimato<\/strong>. Aproveite!<\/p>\n<p>&nbsp;<\/p>\n<p><strong>ABERTURA<\/strong> \u2013 <em>Prisioneiros de Jesus<\/em>, por Elben C\u00e9sar<br \/>\n<a href=\"http:\/\/ultimato.com.br\/sites\/elbencesar\" target=\"_blank\" rel=\"noopener noreferrer\">Legado Elben C\u00e9sar<\/a><\/p>\n<p>&nbsp;<\/p>\n<p><strong>PASTORAIS<\/strong> \u2013 <em>Na companhia de Jesus<\/em>, por Jony W. de Almeida<br \/>\n<a href=\"http:\/\/bit.ly\/394-pastorais\" target=\"_blank\" rel=\"noopener\">E-book \u201cPara celebrar a P\u00e1scoa\u201d<\/a><\/p>\n<p>&nbsp;<\/p>\n<p><strong>CAPA<\/strong> \u2013 <em>\u201cAlegrei-me quando me disseram: vamos \u00e0 casa do Senhor\u201d<\/em>, por Luiz Fernando dos Santos<br \/>\n<a href=\"http:\/\/bit.ly\/394-capa-alegrei-me\">Vers\u00e3o ampliada do artigo \u201cAlegrei-me quando me disseram: vamos \u00e0 casa do Senhor\u201d<\/a><\/p>\n<p>&nbsp;<\/p>\n<p><strong>CAPA<\/strong> \u2013 <em>Celebrando face a face<\/em>, por Ed Ren\u00e9 Kivitz<br \/>\n<a href=\"http:\/\/bit.ly\/394-quando-voces-se-reunem\" target=\"_blank\" rel=\"noopener\">Quando voc\u00eas se re\u00fanem<\/a><\/p>\n<p>&nbsp;<\/p>\n<p><strong>CAMINHO DO CORA\u00c7\u00c3O<\/strong> &#8211; <em>Ouvindo o Deus que fala<\/em>, por Ricardo Barbosa de Sousa<br \/>\n<a title=\"Por uma espiritualidade que silencia para ouvir\" href=\"http:\/\/bit.ly\/394-caminho-coracao\" target=\"_blank\" rel=\"noopener\">Por uma espiritualidade que silencia para ouvir<\/a><\/p>\n<p>&nbsp;<\/p>\n<p><strong>SESSENTA+<\/strong> &#8211; <em>Ser\u00e1 que estou velho?<\/em>, por Edmar Torres Alves<br \/>\n<a title=\"Leia os artigos de Edmar Torres Alves publicados em \u201cPalavra do leitor\u201d no portal Ultimatoonline\" href=\"http:\/\/bit.ly\/394-sessenta\" target=\"_blank\" rel=\"noopener\">Leia os artigos de Edmar Torres Alves publicados em \u201cPalavra do leitor\u201d no portal Ultimatoonline<\/a><\/p>\n<p>&nbsp;<\/p>\n<p><strong>FAM\u00cdLIA<\/strong> \u2013 <em>Com o que voc\u00ea est\u00e1 conectado?<\/em>, por Carlos \u201cCatito\u201d e Dagmar<br \/>\n<a title=\"A midiotiza\u00e7\u00e3o da fam\u00edlia\" href=\"http:\/\/bit.ly\/394-familia\" target=\"_blank\" rel=\"noopener\">A midiotiza\u00e7\u00e3o da fam\u00edlia<\/a><\/p>\n<p>&nbsp;<\/p>\n<p><strong>REDESCOBRINDO A PALAVRA DE DEUS<\/strong> &#8211; <em>A flor brota no asfalto<\/em>, por Valdir Steuernagel<br \/>\n<a title=\"Estudo b\u00edblico \u201cCelebra\u00e7\u00e3o: o Deus que liberta \u00e9 o mesmo que sustenta\u201d\" href=\"http:\/\/bit.ly\/394-redescobrindo\" target=\"_blank\" rel=\"noopener\">Estudo b\u00edblico \u201cCelebra\u00e7\u00e3o: o Deus que liberta \u00e9 o mesmo que sustenta\u201d<\/a><\/p>\n<p>&nbsp;<\/p>\n<p><strong>CAMINHOS DA MISS\u00c3O<\/strong> \u2013 <em>Um tributo a Tonica \u2013 50 anos de minist\u00e9rio<\/em>, por D\u00e9lnia Bastos<br \/>\n<a title=\"Vers\u00e3o ampliada do artigo \u201cUm tributo a Tonica \u2013 50 anos de minist\u00e9rio\u201d\" href=\"http:\/\/bit.ly\/394-caminhos-missao\" target=\"_blank\" rel=\"noopener\">Vers\u00e3o ampliada do artigo \u201cUm tributo a Tonica \u2013 50 anos de minist\u00e9rio\u201d<\/a><\/p>\n<p>&nbsp;<\/p>\n<p><strong>REPORTAGEM<\/strong> \u2013 <em>A \u201cTerra dos Afeg\u00e3os\u201d, os crist\u00e3os perseguidos e a Cidade de Ref\u00fagio<\/em>, por Kl\u00eania Fasoni e Ariane Gomes<br \/>\n<a href=\"https:\/\/www.ultimato.com.br\/conteudo\/a-terra-dos-afegaos-os-cristaos-perseguidos-e-a-cidade-de-refugio\">Vers\u00e3o ampliada da reportagem &#8220;A &#8220;Terra dos Afeg\u00e3os&#8221;, os crist\u00e3os perseguidos e a Cidade de Ref\u00fagio&#8221;<\/a><\/p>\n<p>&nbsp;<\/p>\n<p><strong>REFLEX\u00c3O<\/strong> \u2013 <em>O nosso repasto \u00e9 interior<\/em>, por Yuri Martins<br \/>\n<a title=\"Um poema de Drummond\" href=\"http:\/\/bit.ly\/394-reflexao\" target=\"_blank\" rel=\"noopener\">Um poema de Drummond<\/a><\/p>\n<p>&nbsp;<\/p>\n<p><strong>HIST\u00d3RIA<\/strong> &#8211; <em>Defrontando-se com a ansiedade c\u00f3smica<\/em>, por Alderi Souza de Matos<br \/>\n<a title=\"N\u00e3o olhe para cima \u2013 lembra-te que morrer\u00e1s\" href=\"http:\/\/bit.ly\/394-historia\" target=\"_blank\" rel=\"noopener\">N\u00e3o olhe para cima \u2013 lembra-te que morrer\u00e1s<\/a><\/p>\n<p>&nbsp;<\/p>\n<p><strong>\u00c9TICA<\/strong> \u2013 <em>O edif\u00edcio das virtudes n\u00e3o se sustenta sem o alicerce da humildade<\/em>, por Paul Freston<br \/>\n<a title=\"Estudo b\u00edblico \u201cFracasso para o mundo\u2026 sucesso para Deus\u201d\" href=\"http:\/\/bit.ly\/394-EB-etica\" target=\"_blank\" rel=\"noopener\">Estudo b\u00edblico \u201cFracasso para o mundo\u2026 sucesso para Deus\u201d<\/a><\/p>\n<p>&nbsp;<\/p>\n<p><strong>LITERATURA E CULTURA<\/strong> \u2013 <em>\u201cAndo devagar porque j\u00e1 tive pressa\u201d: Caminhar, uma Revolu\u00e7\u00e3o, de Adriano Labbucci<\/em>, por Gladir Cabral<br \/>\n<a href=\"http:\/\/bit.ly\/394-literatura\" target=\"_blank\" rel=\"noopener\">Mais de \u201cLiteratura e cultura\u201d no Portal Ultimato<\/a><\/p>\n<p>&nbsp;<\/p>\n<p><strong>NOVOS ACORDES<\/strong> \u2013 <em>Novos acordes<\/em>, por Carlinhos Veiga<br \/>\n<a href=\"http:\/\/bit.ly\/394-novos-acordes\" target=\"_blank\" rel=\"noopener\">Fernando Merlino (1960\u20132021) \u2013 um parceiro generoso dos m\u00fasicos crist\u00e3os<\/a><\/p>\n<p>&nbsp;<\/p>\n<p><strong>ACONTECEU COMIGO<\/strong> \u2013 <em>Tudo come\u00e7ou com o Pai-Nosso ensinado por minha m\u00e3e<\/em>, por Elisabeth Fu<br \/>\n<a title=\"Estudo b\u00edblico \u201cConvers\u00e3o \u2013 o que \u00e9 e como acontece?\u201d\" href=\"http:\/\/bit.ly\/394-EB-conversao\" target=\"_blank\" rel=\"noopener\">Estudo b\u00edblico \u201cConvers\u00e3o \u2013 o que \u00e9 e como acontece?\u201d<\/a><\/p>\n<p>&nbsp;<\/p>\n<p><strong>PONTO FINAL<\/strong> \u2013 <em>Creio na Igreja e na comunh\u00e3o dos santos<\/em>, por Rubem Amorese<br \/>\n<a title=\"Eu creio na Igreja\" href=\"http:\/\/bit.ly\/394-ponto-final\" target=\"_blank\" rel=\"noopener\">Eu creio na Igreja<\/a><\/p>\n<p>&nbsp;<\/p>\n<p><strong>MAIS DO QUE NOT\u00cdCIAS<\/strong> \u2013 <em>Dez anos da morte de Robinson Cavalcanti (1944-2012)<\/em>, por Marcos Bontempo<br \/>\n<a title=\"Dez anos da morte de Robinson Cavalcanti (1944-2012)\" href=\"http:\/\/bit.ly\/394-memorial-RC\" target=\"_blank\" rel=\"noopener\">Memorial Robinson Cavalcanti<\/a><\/p>\n<p>&nbsp;<\/p>\n<p><strong>MAIS DO QUE NOT\u00cdCIAS<\/strong> \u2013 <em>Um em cada sete crist\u00e3os \u00e9 perseguido, segundo Lista Mundial da Persegui\u00e7\u00e3o 2022<\/em>, por Felipe David Pereira<br \/>\n<a title=\"1 em cada 7 crist\u00e3os \u00e9 perseguido, segundo Lista Mundial da Persegui\u00e7\u00e3o 2022\" href=\"http:\/\/bit.ly\/394-LMP2022\" target=\"_blank\" rel=\"noopener\">1 em cada 7 crist\u00e3os \u00e9 perseguido, segundo Lista Mundial da Persegui\u00e7\u00e3o 2022<\/a><\/p>\n<p>&nbsp;<\/p>\n<p><strong>MAIS DO QUE NOT\u00cdCIAS<\/strong> \u2013 <em>Fam\u00edlia de crist\u00e3os paquistaneses \u00e9 liberta da escravid\u00e3o<\/em>, por&nbsp;Liss\u00e2nder Dias<br \/>\n<a href=\"http:\/\/bit.ly\/394-libertacao\" target=\"_blank\" rel=\"noopener\">Vers\u00e3o ampliada da not\u00edcia \u201cFam\u00edlia de crist\u00e3os paquistaneses \u00e9 liberta da escravid\u00e3o\u201d<\/a><\/p>\n<p>&nbsp;<\/p>\n<p><strong>MAIS DO QUE NOT\u00cdCIAS<\/strong> \u2013 <em>100 anos de Rookmaaker, o profeta da arte e da cultura<\/em>, por Phelipe Reis<br \/>\n<a href=\"http:\/\/bit.ly\/rookmaaker\" target=\"_blank\" rel=\"noopener\">Conhe\u00e7a os livros de Rookmaaker<\/a><\/p>\n","protected":false},"excerpt":{"rendered":"<p>Leia mais do que foi oferecido na edi\u00e7\u00e3o de Mar\u00e7o\/Abril de Ultimato<br \/>\nUltimato oferece muito mais conte\u00fado para o leitor aprofundar-se nos assuntos de cada se\u00e7\u00e3o da revista. Nesta postagem voc\u00ea pode conhecer todo o conte\u00fado extra que foi divulgado na edi\u00e7\u00e3o de Mar\u00e7o\/Abril&nbsp;de&nbsp;Ultimato. Aproveite!<br \/>\n&nbsp;<br \/>\nABERTURA \u2013 Prisioneiros de Jesus, por Elben C\u00e9sar<br \/>\nLegado Elben C\u00e9sar<br \/>\n&nbsp;<br \/>\nPASTORAIS \u2013 Na [&#8230;]<\/p>\n","protected":false},"author":21,"featured_media":0,"comment_status":"open","ping_status":"open","sticky":false,"template":"","format":"standard","meta":{"ngg_post_thumbnail":0,"footnotes":""},"categories":[5153],"tags":[5953],"class_list":["post-16226","post","type-post","status-publish","format-standard","hentry","category-prateleira","tag-revista-ultimato"],"_links":{"self":[{"href":"https:\/\/ultimato.com.br\/sites\/blogdaultimato\/wp-json\/wp\/v2\/posts\/16226","targetHints":{"allow":["GET"]}}],"collection":[{"href":"https:\/\/ultimato.com.br\/sites\/blogdaultimato\/wp-json\/wp\/v2\/posts"}],"about":[{"href":"https:\/\/ultimato.com.br\/sites\/blogdaultimato\/wp-json\/wp\/v2\/types\/post"}],"author":[{"embeddable":true,"href":"https:\/\/ultimato.com.br\/sites\/blogdaultimato\/wp-json\/wp\/v2\/users\/21"}],"replies":[{"embeddable":true,"href":"https:\/\/ultimato.com.br\/sites\/blogdaultimato\/wp-json\/wp\/v2\/comments?post=16226"}],"version-history":[{"count":3,"href":"https:\/\/ultimato.com.br\/sites\/blogdaultimato\/wp-json\/wp\/v2\/posts\/16226\/revisions"}],"predecessor-version":[{"id":16341,"href":"https:\/\/ultimato.com.br\/sites\/blogdaultimato\/wp-json\/wp\/v2\/posts\/16226\/revisions\/16341"}],"wp:attachment":[{"href":"https:\/\/ultimato.com.br\/sites\/blogdaultimato\/wp-json\/wp\/v2\/media?parent=16226"}],"wp:term":[{"taxonomy":"category","embeddable":true,"href":"https:\/\/ultimato.com.br\/sites\/blogdaultimato\/wp-json\/wp\/v2\/categories?post=16226"},{"taxonomy":"post_tag","embeddable":true,"href":"https:\/\/ultimato.com.br\/sites\/blogdaultimato\/wp-json\/wp\/v2\/tags?post=16226"}],"curies":[{"name":"wp","href":"https:\/\/api.w.org\/{rel}","templated":true}]}}