{"id":16213,"date":"2022-01-27T11:17:51","date_gmt":"2022-01-27T13:17:51","guid":{"rendered":"https:\/\/ultimato.com.br\/sites\/blogdaultimato\/?p=16213"},"modified":"2022-01-27T11:17:51","modified_gmt":"2022-01-27T13:17:51","slug":"minha-historia-com-a-ultimato-contada-nos-seus-54-anos-12","status":"publish","type":"post","link":"https:\/\/ultimato.com.br\/sites\/blogdaultimato\/2022\/01\/27\/minha-historia-com-a-ultimato-contada-nos-seus-54-anos-12\/","title":{"rendered":"Minha Hist\u00f3ria Com a Ultimato \u2013 contada nos seus 54 anos"},"content":{"rendered":"<p><em>Por Edson, M\u00e1rcia, Paulo, Jo\u00e3o<\/em><\/p>\n<p><strong><img loading=\"lazy\" decoding=\"async\" class=\"alignright size-full wp-image-16180\" src=\"https:\/\/ultimato.com.br\/sites\/blogdaultimato\/files\/2022\/01\/mhcu-3.jpg\" alt=\"\" width=\"200\" height=\"203\">Ultimato para os presos<\/strong><\/p>\n<p><span style=\"font-weight: 400;\">Sou assinante de <\/span><b>Ultimato<\/b><span style=\"font-weight: 400;\"> h\u00e1 anos. Ser assinante \u00e9 uma experi\u00eancia muito boa, principalmente no que concerne \u00e0 possibilidade de apoiar o envio de exemplares da revista para outras pessoas, como \u00e9 o caso de detentos.<\/span><\/p>\n<p><span style=\"font-weight: 400;\">Ao longo desses anos, muitas mat\u00e9rias falaram ao meu cora\u00e7\u00e3o. Lembro-me, apenas para citar, de duas: \u201cO Evangelho do Gentileza\u201d e \u201cCulpa e perd\u00e3o, mancha e purifica\u00e7\u00e3o\u201d.<\/span><\/p>\n<p><span style=\"font-weight: 400;\">H\u00e1 sempre algo muito bom no conte\u00fado das revistas. Cr\u00edticas? Sim. Eu as tenho. Mas elas n\u00e3o superam os elogios que precisam ser ditos e destacados. Parab\u00e9ns!<\/span><\/p>\n<p><em><span style=\"font-weight: 400;\">Edson Gon\u00e7alves<\/span><\/em><\/p>\n<p>&nbsp;<\/p>\n<p><strong>Ultimato na pandemia<\/strong><\/p>\n<p><span style=\"font-weight: 400;\">Tinha assinatura da <\/span><b>Ultimato <\/b><span style=\"font-weight: 400;\">h\u00e1 alguns anos e, depois, deixei de renov\u00e1-la. Em 2020, com a pandemia e presa em casa, resolvi assinar novamente a revista e at\u00e9 paguei dois boletos de assinatura para duas pessoas queridas. Foi muito bom voltar a ler online e receber a revista impressa novamente; presentear foi ben\u00e7\u00e3o!<\/span><\/p>\n<p><span style=\"font-weight: 400;\">Deus aben\u00e7oe a Equipe Ultimato em 2022 com muita sa\u00fade, paz, disposi\u00e7\u00e3o e f\u00e9 em Cristo!<\/span><\/p>\n<p><em><span style=\"font-weight: 400;\">M\u00e1rcia Campos<\/span><\/em><\/p>\n<p>&nbsp;<\/p>\n<p><strong><a href=\"https:\/\/www.ultimato.com.br\/revista\/389\"><img loading=\"lazy\" decoding=\"async\" class=\"alignright wp-image-16214 size-full\" title=\"Edi\u00e7\u00e3o 389\" src=\"https:\/\/ultimato.com.br\/sites\/blogdaultimato\/files\/2022\/01\/mhcu_389.jpg\" alt=\"\" width=\"160\" height=\"206\"><\/a>Ultimato no semin\u00e1rio<\/strong><\/p>\n<p><span style=\"font-weight: 400;\">Conheci <\/span><b>Ultimato<\/b><span style=\"font-weight: 400;\"> a partir do STBISUL (Semin\u00e1rio Teol\u00f3gico Batista Independente do Sul) quando ainda estava em forma\u00e7\u00e3o ministerial. Hoje sou pastor, e continuo considerando as produ\u00e7\u00f5es da Ultimato de alt\u00edssima qualidade e de conte\u00fados sempre relevantes.<\/span><\/p>\n<p><span style=\"font-weight: 400;\">Parab\u00e9ns pelos 54 anos de hist\u00f3ria bem-sucedida.<\/span><\/p>\n<p><em><span style=\"font-weight: 400;\">Paulo S. dos Santos<\/span><\/em><\/p>\n<p>&nbsp;<\/p>\n<p><strong>O primeiro n\u00famero da Ultimato<\/strong><\/p>\n<p><span style=\"font-weight: 400;\">Estudava no Instituto B\u00edblico Bereano e provavelmente pelo ano de 1967 conheci o pastor Elben Lenz C\u00e9sar de maneira fortuita. Ele foi conhecer o semin\u00e1rio em Mogi das Cruzes, SP, e, passeando pela propriedade, deparou comigo que estava arrancando algumas mandiocas. Parou, conversou comigo coisas relativas ao minist\u00e9rio que eu iria desenvolver e me presenteou com o primeiro n\u00famero da revista, em preto e branco. Como sempre gostei de ler, gostei da revista, da exposi\u00e7\u00e3o dos temas e jamais deixei de l\u00ea-la \u2013 renovo a assinatura desde aquela data (que se perdeu no tempo) at\u00e9 agora. Estou satisfeito. Apenas lamento que o pastor Elben tenha partido para o lar eterno, pois seus escritos s\u00e3o joia preciosa.<\/span><\/p>\n<p><span style=\"font-weight: 400;\">Que voc\u00eas preservem a linha conservadora que ele deixou.<\/span><\/p>\n<p><em><span style=\"font-weight: 400;\">Jo\u00e3o Gilberto Romano<\/span><\/em><\/p>\n","protected":false},"excerpt":{"rendered":"<p>Por Edson, M\u00e1rcia, Paulo, Jo\u00e3o<br \/>\nUltimato para os presos<br \/>\nSou assinante de Ultimato h\u00e1 anos. Ser assinante \u00e9 uma experi\u00eancia muito boa, principalmente no que concerne \u00e0 possibilidade de apoiar o envio de exemplares da revista para outras pessoas, como \u00e9 o caso de detentos.<br \/>\nAo longo desses anos, muitas mat\u00e9rias falaram ao meu cora\u00e7\u00e3o. Lembro-me, apenas para [&#8230;]<\/p>\n","protected":false},"author":21,"featured_media":0,"comment_status":"open","ping_status":"open","sticky":false,"template":"","format":"standard","meta":{"ngg_post_thumbnail":0,"footnotes":""},"categories":[5153],"tags":[45726],"class_list":["post-16213","post","type-post","status-publish","format-standard","hentry","category-prateleira","tag-54-anos-ultimato"],"_links":{"self":[{"href":"https:\/\/ultimato.com.br\/sites\/blogdaultimato\/wp-json\/wp\/v2\/posts\/16213","targetHints":{"allow":["GET"]}}],"collection":[{"href":"https:\/\/ultimato.com.br\/sites\/blogdaultimato\/wp-json\/wp\/v2\/posts"}],"about":[{"href":"https:\/\/ultimato.com.br\/sites\/blogdaultimato\/wp-json\/wp\/v2\/types\/post"}],"author":[{"embeddable":true,"href":"https:\/\/ultimato.com.br\/sites\/blogdaultimato\/wp-json\/wp\/v2\/users\/21"}],"replies":[{"embeddable":true,"href":"https:\/\/ultimato.com.br\/sites\/blogdaultimato\/wp-json\/wp\/v2\/comments?post=16213"}],"version-history":[{"count":1,"href":"https:\/\/ultimato.com.br\/sites\/blogdaultimato\/wp-json\/wp\/v2\/posts\/16213\/revisions"}],"predecessor-version":[{"id":16215,"href":"https:\/\/ultimato.com.br\/sites\/blogdaultimato\/wp-json\/wp\/v2\/posts\/16213\/revisions\/16215"}],"wp:attachment":[{"href":"https:\/\/ultimato.com.br\/sites\/blogdaultimato\/wp-json\/wp\/v2\/media?parent=16213"}],"wp:term":[{"taxonomy":"category","embeddable":true,"href":"https:\/\/ultimato.com.br\/sites\/blogdaultimato\/wp-json\/wp\/v2\/categories?post=16213"},{"taxonomy":"post_tag","embeddable":true,"href":"https:\/\/ultimato.com.br\/sites\/blogdaultimato\/wp-json\/wp\/v2\/tags?post=16213"}],"curies":[{"name":"wp","href":"https:\/\/api.w.org\/{rel}","templated":true}]}}